{"id":40668,"date":"2024-03-25T13:42:17","date_gmt":"2024-03-25T16:42:17","guid":{"rendered":"https:\/\/radiorevelacionfm.cl\/?p=40668"},"modified":"2024-03-25T13:42:17","modified_gmt":"2024-03-25T16:42:17","slug":"finaliza-exitosamente-el-levantamiento-de-informacion-en-terreno-del-proyecto-fic-transversalizacion-de-la-perspectiva-en-la-gestion-municipal-en-aysen","status":"publish","type":"post","link":"https:\/\/radiorevelacionfm.cl\/?p=40668","title":{"rendered":"Finaliza exitosamente el levantamiento de informaci\u00f3n en terreno del proyecto FIC \u00abTransversalizaci\u00f3n de la Perspectiva en la Gesti\u00f3n Municipal\u00bb en Ays\u00e9n"},"content":{"rendered":"<div class=\"flex_column av_one_full  flex_column_div av-zero-column-padding first  avia-builder-el-0  el_before_av_one_full  avia-builder-el-first  \" style='border-radius:0px; '><div  class='avia-image-container  av-styling-    avia-builder-el-1  avia-builder-el-no-sibling  avia-align-center '  itemprop=\"image\" itemscope=\"itemscope\" itemtype=\"https:\/\/schema.org\/ImageObject\"  ><div class='avia-image-container-inner'><div class='avia-image-overlay-wrap'><img decoding=\"async\" class='wp-image-40670 avia-img-lazy-loading-not-40670 avia_image' src=\"https:\/\/radiorevelacionfm.cl\/wp-content\/uploads\/2024\/03\/img-20231015-wa0033-1-1_optimized.jpg\" alt='' title='img-20231015-wa0033-(1)-(1)_optimized' height=\"600\" width=\"800\"  itemprop=\"thumbnailUrl\" srcset=\"https:\/\/radiorevelacionfm.cl\/wp-content\/uploads\/2024\/03\/img-20231015-wa0033-1-1_optimized.jpg 800w, https:\/\/radiorevelacionfm.cl\/wp-content\/uploads\/2024\/03\/img-20231015-wa0033-1-1_optimized-300x225.jpg 300w, https:\/\/radiorevelacionfm.cl\/wp-content\/uploads\/2024\/03\/img-20231015-wa0033-1-1_optimized-768x576.jpg 768w, https:\/\/radiorevelacionfm.cl\/wp-content\/uploads\/2024\/03\/img-20231015-wa0033-1-1_optimized-705x529.jpg 705w, https:\/\/radiorevelacionfm.cl\/wp-content\/uploads\/2024\/03\/img-20231015-wa0033-1-1_optimized-450x338.jpg 450w, https:\/\/radiorevelacionfm.cl\/wp-content\/uploads\/2024\/03\/img-20231015-wa0033-1-1_optimized-600x450.jpg 600w\" sizes=\"(max-width: 800px) 100vw, 800px\" \/><\/div><\/div><\/div><\/div><div class=\"flex_column av_one_full  flex_column_div av-zero-column-padding first  avia-builder-el-2  el_after_av_one_full  el_before_av_one_full  column-top-margin\" style='border-radius:0px; '><section class=\"av_textblock_section \"  itemscope=\"itemscope\" itemtype=\"https:\/\/schema.org\/BlogPosting\" itemprop=\"blogPost\" ><div class='avia_textblock  '   itemprop=\"text\" ><p style=\"text-align: center;\"><span style=\"font-size: 18pt;\"><strong>Finaliza exitosamente el levantamiento de informaci\u00f3n en terreno del proyecto FIC \u00abTransversalizaci\u00f3n de la Perspectiva en la Gesti\u00f3n Municipal\u00bb en Ays\u00e9n<\/strong><\/span><\/p>\n<div id=\"gtx-trans\" style=\"position: absolute; left: -50px; top: 4.31534px;\">\n<div class=\"gtx-trans-icon\"><\/div>\n<\/div>\n<\/div><\/section><\/div><div class=\"flex_column av_one_full  flex_column_div av-zero-column-padding first  avia-builder-el-4  el_after_av_one_full  el_before_av_hr  column-top-margin\" style='border-radius:0px; '><section class=\"av_textblock_section \"  itemscope=\"itemscope\" itemtype=\"https:\/\/schema.org\/BlogPosting\" itemprop=\"blogPost\" ><div class='avia_textblock  '   itemprop=\"text\" ><p style=\"text-align: justify;\">Despu\u00e9s de un proceso que abarc\u00f3 m\u00e1s de cinco meses de intenso trabajo y dedicaci\u00f3n en terreno, con la participaci\u00f3n activa de cerca de 50 grupos focales, se ha culminado con \u00e9xito la fase de levantamiento de informaci\u00f3n del Proyecto del Fondo de Innovaci\u00f3n para la Competitividad Regional (FIC) denominado \u00abTransversalizaci\u00f3n de la Perspectiva en la Gesti\u00f3n Municipal\u00bb. Este proyecto, impulsado y financiado por el Gobierno Regional de Ays\u00e9n y su Consejo Regional, ha sido ejecutado de manera eficiente por la Universidad de Ays\u00e9n.<\/p>\n<p style=\"text-align: justify;\">El pr\u00f3ximo hito en el camino de este proyecto ser\u00e1 el lanzamiento oficial, programado para el d\u00eda 03 de abril de 2024 en las dependencias del Gobierno Regional, ubicadas en calle General Parra. En esta esperada ocasi\u00f3n, se presentar\u00e1n los resultados obtenidos durante el proceso de levantamiento de informaci\u00f3n en terreno, as\u00ed como el detallado plan de trabajo para el a\u00f1o en curso. Este evento ser\u00e1 una oportunidad invaluable para compartir los logros alcanzados con las autoridades involucradas y el Comit\u00e9 Ejecutivo del proyecto, marcando as\u00ed un nuevo cap\u00edtulo en el camino hacia la transversalizaci\u00f3n de la perspectiva de g\u00e9nero en la gesti\u00f3n municipal en la regi\u00f3n de Ays\u00e9n.<\/p>\n<p style=\"text-align: justify;\">Desde la perspectiva del proyecto, se subraya la trascendencia de haber finalizado de manera exitosa esta etapa de levantamiento de informaci\u00f3n en terreno. Este hito representa el fundamento primordial para la elaboraci\u00f3n del diagn\u00f3stico y la posterior creaci\u00f3n del informe final. Este informe, que busca proporcionar un detallado estado del arte en materia de g\u00e9nero para la Regi\u00f3n de Ays\u00e9n, tiene como objetivo principal ofrecer herramientas concretas y pertinentes a los tomadores de decisiones, tanto en la esfera gubernamental como en la sociedad civil, para el dise\u00f1o e implementaci\u00f3n de pol\u00edticas p\u00fablicas con un enfoque territorial y de g\u00e9nero.<\/p>\n<p style=\"text-align: justify;\">Este importante logro es un paso significativo hacia la consecuci\u00f3n de los objetivos planteados por el proyecto FIC \u00abTransversalizaci\u00f3n de la Perspectiva en la Gesti\u00f3n Municipal\u00bb, que aspira a contribuir de manera efectiva al desarrollo integral y equitativo de la regi\u00f3n de Ays\u00e9n.<\/p>\n<p style=\"text-align: justify;\">Para obtener m\u00e1s informaci\u00f3n sobre el desarrollo y los resultados de este proyecto, as\u00ed como para entrevistas o consultas adicionales, se invita a contactar a la Universidad de Ays\u00e9n.<\/p>\n<\/div><\/section><\/div><div  style='height:50px' class='hr hr-invisible   avia-builder-el-6  el_after_av_one_full  el_before_av_social_share '><span class='hr-inner ' ><span class='hr-inner-style'><\/span><\/span><\/div><\/p>\n<div  class='av-social-sharing-box  avia-builder-el-7  el_after_av_hr  el_before_av_hr  '><div class='av-share-box'><h5 class='av-share-link-description av-no-toc '>Compartir esta noticia<\/h5><ul class='av-share-box-list noLightbox'><li class='av-share-link av-social-link-facebook' ><a target=\"_blank\" aria-label=\"Compartir en Facebook\" href='https:\/\/www.facebook.com\/sharer.php?u=https:\/\/radiorevelacionfm.cl\/?p=40668&#038;t=Finaliza%20exitosamente%20el%20levantamiento%20de%20informaci%C3%B3n%20en%20terreno%20del%20proyecto%20FIC%20%C2%ABTransversalizaci%C3%B3n%20de%20la%20Perspectiva%20en%20la%20Gesti%C3%B3n%20Municipal%C2%BB%20en%20Ays%C3%A9n' aria-hidden='false' data-av_icon='\ue8f3' data-av_iconfont='entypo-fontello' title='' data-avia-related-tooltip='Compartir en Facebook' rel=\"noopener\"><span class='avia_hidden_link_text'>Compartir en Facebook<\/span><\/a><\/li><li class='av-share-link av-social-link-twitter' ><a target=\"_blank\" aria-label=\"Compartir en Twitter\" href='https:\/\/twitter.com\/share?text=Finaliza%20exitosamente%20el%20levantamiento%20de%20informaci%C3%B3n%20en%20terreno%20del%20proyecto%20FIC%20%C2%ABTransversalizaci%C3%B3n%20de%20la%20Perspectiva%20en%20la%20Gesti%C3%B3n%20Municipal%C2%BB%20en%20Ays%C3%A9n&#038;url=https:\/\/radiorevelacionfm.cl\/?p=40668' aria-hidden='false' data-av_icon='\ue8f1' data-av_iconfont='entypo-fontello' title='' data-avia-related-tooltip='Compartir en Twitter' rel=\"noopener\"><span class='avia_hidden_link_text'>Compartir en Twitter<\/span><\/a><\/li><li class='av-share-link av-social-link-whatsapp' ><a target=\"_blank\" aria-label=\"Compartir en Whatsapp\" href='https:\/\/api.whatsapp.com\/send?text=https:\/\/radiorevelacionfm.cl\/?p=40668' aria-hidden='false' data-av_icon='\uf232' data-av_iconfont='entypo-fontello' title='' data-avia-related-tooltip='Compartir en Whatsapp' rel=\"noopener\"><span class='avia_hidden_link_text'>Compartir en Whatsapp<\/span><\/a><\/li><li class='av-share-link av-social-link-linkedin' ><a target=\"_blank\" aria-label=\"Compartir en LinkedIn\" href='https:\/\/linkedin.com\/shareArticle?mini=true&#038;title=Finaliza%20exitosamente%20el%20levantamiento%20de%20informaci%C3%B3n%20en%20terreno%20del%20proyecto%20FIC%20%C2%ABTransversalizaci%C3%B3n%20de%20la%20Perspectiva%20en%20la%20Gesti%C3%B3n%20Municipal%C2%BB%20en%20Ays%C3%A9n&#038;url=https:\/\/radiorevelacionfm.cl\/?p=40668' aria-hidden='false' data-av_icon='\ue8fc' data-av_iconfont='entypo-fontello' title='' data-avia-related-tooltip='Compartir en LinkedIn' rel=\"noopener\"><span class='avia_hidden_link_text'>Compartir en LinkedIn<\/span><\/a><\/li><li class='av-share-link av-social-link-mail' ><a  aria-label=\"Compartir por correo\" href='mailto:?subject=Finaliza%20exitosamente%20el%20levantamiento%20de%20informaci%C3%B3n%20en%20terreno%20del%20proyecto%20FIC%20%C2%ABTransversalizaci%C3%B3n%20de%20la%20Perspectiva%20en%20la%20Gesti%C3%B3n%20Municipal%C2%BB%20en%20Ays%C3%A9n&#038;body=https:\/\/radiorevelacionfm.cl\/?p=40668' aria-hidden='false' data-av_icon='\ue805' data-av_iconfont='entypo-fontello' title='' data-avia-related-tooltip='Compartir por correo'><span class='avia_hidden_link_text'>Compartir por correo<\/span><\/a><\/li><\/ul><\/div><\/div>\n<div  style='height:50px' class='hr hr-invisible   avia-builder-el-8  el_after_av_social_share  el_before_av_comments_list '><span class='hr-inner ' ><span class='hr-inner-style'><\/span><\/span><\/div>\n<div  class='av-buildercomment  av-blog-meta-html-info-disabled av-blog-meta-tag-disabled  '><\/div>\n","protected":false},"excerpt":{"rendered":"","protected":false},"author":1,"featured_media":40670,"comment_status":"open","ping_status":"open","sticky":false,"template":"","format":"standard","meta":{"footnotes":""},"categories":[38],"tags":[],"class_list":["post-40668","post","type-post","status-publish","format-standard","has-post-thumbnail","hentry","category-regional"],"jetpack_featured_media_url":"https:\/\/radiorevelacionfm.cl\/wp-content\/uploads\/2024\/03\/img-20231015-wa0033-1-1_optimized.jpg","_links":{"self":[{"href":"https:\/\/radiorevelacionfm.cl\/index.php?rest_route=\/wp\/v2\/posts\/40668","targetHints":{"allow":["GET"]}}],"collection":[{"href":"https:\/\/radiorevelacionfm.cl\/index.php?rest_route=\/wp\/v2\/posts"}],"about":[{"href":"https:\/\/radiorevelacionfm.cl\/index.php?rest_route=\/wp\/v2\/types\/post"}],"author":[{"embeddable":true,"href":"https:\/\/radiorevelacionfm.cl\/index.php?rest_route=\/wp\/v2\/users\/1"}],"replies":[{"embeddable":true,"href":"https:\/\/radiorevelacionfm.cl\/index.php?rest_route=%2Fwp%2Fv2%2Fcomments&post=40668"}],"version-history":[{"count":1,"href":"https:\/\/radiorevelacionfm.cl\/index.php?rest_route=\/wp\/v2\/posts\/40668\/revisions"}],"predecessor-version":[{"id":40671,"href":"https:\/\/radiorevelacionfm.cl\/index.php?rest_route=\/wp\/v2\/posts\/40668\/revisions\/40671"}],"wp:featuredmedia":[{"embeddable":true,"href":"https:\/\/radiorevelacionfm.cl\/index.php?rest_route=\/wp\/v2\/media\/40670"}],"wp:attachment":[{"href":"https:\/\/radiorevelacionfm.cl\/index.php?rest_route=%2Fwp%2Fv2%2Fmedia&parent=40668"}],"wp:term":[{"taxonomy":"category","embeddable":true,"href":"https:\/\/radiorevelacionfm.cl\/index.php?rest_route=%2Fwp%2Fv2%2Fcategories&post=40668"},{"taxonomy":"post_tag","embeddable":true,"href":"https:\/\/radiorevelacionfm.cl\/index.php?rest_route=%2Fwp%2Fv2%2Ftags&post=40668"}],"curies":[{"name":"wp","href":"https:\/\/api.w.org\/{rel}","templated":true}]}}