{"id":40665,"date":"2024-03-25T08:49:08","date_gmt":"2024-03-25T11:49:08","guid":{"rendered":"https:\/\/radiorevelacionfm.cl\/?p=40665"},"modified":"2024-03-25T08:49:08","modified_gmt":"2024-03-25T11:49:08","slug":"construir-innovando-reto-construye-academia-de-la-cchc-convoca-a-estudiantes-de-educacion-superior","status":"publish","type":"post","link":"https:\/\/radiorevelacionfm.cl\/?p=40665","title":{"rendered":"Construir Innovando: \u00abReto Construye Academia\u00bb de la CChC convoca a estudiantes de Educaci\u00f3n Superior"},"content":{"rendered":"<div class=\"flex_column av_one_full  flex_column_div av-zero-column-padding first  avia-builder-el-0  el_before_av_one_full  avia-builder-el-first  \" style='border-radius:0px; '><div  class='avia-image-container  av-styling-    avia-builder-el-1  avia-builder-el-no-sibling  avia-align-center '  itemprop=\"image\" itemscope=\"itemscope\" itemtype=\"https:\/\/schema.org\/ImageObject\"  ><div class='avia-image-container-inner'><div class='avia-image-overlay-wrap'><img decoding=\"async\" class='wp-image-40666 avia-img-lazy-loading-not-40666 avia_image' src=\"https:\/\/radiorevelacionfm.cl\/wp-content\/uploads\/2024\/03\/Construye-Academia-1-1.jpg\" alt='' title='Construye Academia (1) (1)' height=\"800\" width=\"800\"  itemprop=\"thumbnailUrl\" srcset=\"https:\/\/radiorevelacionfm.cl\/wp-content\/uploads\/2024\/03\/Construye-Academia-1-1.jpg 800w, https:\/\/radiorevelacionfm.cl\/wp-content\/uploads\/2024\/03\/Construye-Academia-1-1-300x300.jpg 300w, https:\/\/radiorevelacionfm.cl\/wp-content\/uploads\/2024\/03\/Construye-Academia-1-1-80x80.jpg 80w, https:\/\/radiorevelacionfm.cl\/wp-content\/uploads\/2024\/03\/Construye-Academia-1-1-768x768.jpg 768w, https:\/\/radiorevelacionfm.cl\/wp-content\/uploads\/2024\/03\/Construye-Academia-1-1-36x36.jpg 36w, https:\/\/radiorevelacionfm.cl\/wp-content\/uploads\/2024\/03\/Construye-Academia-1-1-180x180.jpg 180w, https:\/\/radiorevelacionfm.cl\/wp-content\/uploads\/2024\/03\/Construye-Academia-1-1-705x705.jpg 705w, https:\/\/radiorevelacionfm.cl\/wp-content\/uploads\/2024\/03\/Construye-Academia-1-1-120x120.jpg 120w, https:\/\/radiorevelacionfm.cl\/wp-content\/uploads\/2024\/03\/Construye-Academia-1-1-450x450.jpg 450w, https:\/\/radiorevelacionfm.cl\/wp-content\/uploads\/2024\/03\/Construye-Academia-1-1-600x600.jpg 600w, https:\/\/radiorevelacionfm.cl\/wp-content\/uploads\/2024\/03\/Construye-Academia-1-1-100x100.jpg 100w\" sizes=\"(max-width: 800px) 100vw, 800px\" \/><\/div><\/div><\/div><\/div><div class=\"flex_column av_one_full  flex_column_div av-zero-column-padding first  avia-builder-el-2  el_after_av_one_full  el_before_av_one_full  column-top-margin\" style='border-radius:0px; '><section class=\"av_textblock_section \"  itemscope=\"itemscope\" itemtype=\"https:\/\/schema.org\/BlogPosting\" itemprop=\"blogPost\" ><div class='avia_textblock  '   itemprop=\"text\" ><p style=\"text-align: center;\"><span style=\"font-size: 18pt;\"><b>Construir Innovando: \u00abReto<\/b><b>\u00a0<\/b><b>Construye Academia\u00bb de la CChC\u00a0<\/b><b>convoca<\/b><b>\u00a0a estudiantes de Educaci\u00f3n Superior<\/b><\/span><\/p>\n<div id=\"gtx-trans\" style=\"position: absolute; left: -50px; top: 4.31534px;\">\n<div class=\"gtx-trans-icon\"><\/div>\n<\/div>\n<\/div><\/section><\/div><div class=\"flex_column av_one_full  flex_column_div av-zero-column-padding first  avia-builder-el-4  el_after_av_one_full  el_before_av_hr  column-top-margin\" style='border-radius:0px; '><section class=\"av_textblock_section \"  itemscope=\"itemscope\" itemtype=\"https:\/\/schema.org\/BlogPosting\" itemprop=\"blogPost\" ><div class='avia_textblock  '   itemprop=\"text\" ><p style=\"text-align: justify;\"><em>La iniciativa de innovaci\u00f3n impulsada por la CChC, busca vincular a estudiantes de educaci\u00f3n superior con empresas socias del gremio, con el prop\u00f3sito de formular proyectos que permitan resolver problemas o proponer soluciones a necesidades de la industria, en dos l\u00edneas de acci\u00f3n: Productividad y Sostenibilidad Ambiental.<\/em><\/p>\n<p style=\"text-align: justify;\">La C\u00e1mara Chilena de la Construcci\u00f3n sede Coyhaique y Construir Innovando.\u00a0lanzaron el Reto \u00abConstruye Academia\u00bb junto a representantes de INACAP, la Universidad Austral de Chile, Universidad de Ays\u00e9n y el CFT Estatal de Ays\u00e9n, este desaf\u00edo busca ideas innovadoras para mejorar el desarrollo de la industria de la construcci\u00f3n. La convocatoria est\u00e1 dirigida a estudiantes de todas las carreras, sin distinci\u00f3n, que se est\u00e1n impartiendo en las instituciones de educaci\u00f3n superior de la regi\u00f3n.<\/p>\n<p style=\"text-align: justify;\">Se trata de una oportunidad formativa que considera mentor\u00edas profesionales y la vinculaci\u00f3n con diferentes organizaciones del rubro, lo que la convierte en una valiosa experiencia educativa, y que premiar\u00e1 al equipo ganador haci\u00e9ndolo parte de una Misi\u00f3n Latam de la CChC durante el 2025.<\/p>\n<p style=\"text-align: justify;\">Para participar, los estudiantes deber\u00e1n conformar equipos de 3 integrantes, junto a un docente gu\u00eda y presentar un proyecto que responda a los desaf\u00edos de Productividad o Sostenibilidad Ambiental, en el marco de la industria de la construcci\u00f3n. En caso de ser elegidos, los grupos formar\u00e1n parte de una etapa de mentor\u00edas, que les entregar\u00e1 las bases para seguir avanzando en el proceso.<\/p>\n<p style=\"text-align: justify;\">Luego de la recepci\u00f3n y preselecci\u00f3n de los proyectos a nivel nacional, se realizar\u00e1 un Demo Day para definir a los ganadores de cada una de las regiones, los cuales representar\u00e1n a sus respectivas Sedes en la gran final nacional.<\/p>\n<p style=\"text-align: justify;\">El ganador del Reto Construye Academia se definir\u00e1 entre los 19 grupos finalistas en el marco de EDIFICA, la feria internacional de la construcci\u00f3n m\u00e1s importante de hispanoam\u00e9rica, que se llevar\u00e1 a cabo los d\u00edas 15, 16 y 17 de octubre en Santiago.<\/p>\n<p style=\"text-align: justify;\">Sobre la iniciativa, el presidente del Consejo de Capacitaci\u00f3n de Capital Humano de la CChC, Alejandro Cifuentes, destac\u00f3 el valor de la iniciativa se\u00f1alando que \u00abes una excelente oportunidad para que las empresas socias de nuestra regi\u00f3n se vinculen con los estudiantes que el d\u00eda de ma\u00f1ana ser\u00e1n actores claves\u00a0de nuestra industria. Su visi\u00f3n y nuevas ideas permitir\u00e1n que nuestro sector avance y evolucione en sinton\u00eda con los tiempos que se est\u00e1n viviendo, donde la productividad y la sostenibilidad ambiental son fundamentales para el desarrollo que, desde la CChC, impulsamos y proyectamos\u00bb.<\/p>\n<p style=\"text-align: justify;\">\u00abQuiero invitar a todos los estudiantes de educaci\u00f3n superior y a todas las casas de estudio de nuestra Regi\u00f3n de Ays\u00e9n a que se sumen a este reto, es una tremenda oportunidad de aportar a nuestra industria, ser un referente para el pa\u00eds y vivir una experiencia de formaci\u00f3n \u00fanica\u00bb, agreg\u00f3 Cifuentes.<\/p>\n<p style=\"text-align: justify;\">Por su parte, el vicerrector de INACAP Coyhaique, Patrice Van de Maele,\u00a0coment\u00f3 que\u00a0\u00abpara nosotros hay dos miradas despu\u00e9s de salir de esta reuni\u00f3n, la mirada personal, dado que siento muchas ganas estar en el rol de docente o estudiante para participar de este desaf\u00edo y la mirada como vicerrector, que es muy motivante, ya que es un hito espectacular y que nos alinea de una manera \u00fanica entre las empresas, la CChC y la academia\u00bb.<\/p>\n<p style=\"text-align: justify;\">\u00abEn el caso de INACAP, todas las carreras, de manera transversal tienen la asignatura de innovaci\u00f3n, donde los estudiantes deben presentar ideas innovadoras que permitan formalizarse y levantar ideas que sean distintas para generar soluciones, por tanto, es una tremenda herramienta la que se est\u00e1 generando a trav\u00e9s de este reto\u00bb, afirm\u00f3 la autoridad acad\u00e9mica.<\/p>\n<p style=\"text-align: justify;\">En esa l\u00ednea, Javier Laibe, director de la Escuela de Formaci\u00f3n T\u00e9cnica de la Universidad Austral, expres\u00f3 que \u00abnos parece super interesante y agradecemos esta convocatoria, tanto para los estudiantes como para los docentes que a veces est\u00e1n rebuscando oportunidades para poder trabajar en iniciativas que tengan este car\u00e1cter de innovaci\u00f3n\u00bb.<\/p>\n<p style=\"text-align: justify;\">\u00abEs fundamental que sea transversal dado que tenemos distintas especialidades que pueden profundizar estos temas o abordar estos ejes productivos que son de inter\u00e9s para nuestra regi\u00f3n, seguramente tendremos a varios participando\u00bb, enfatiz\u00f3.<\/p>\n<p style=\"text-align: justify;\">Las bases y los formularios de postulaci\u00f3n ya est\u00e1n disponibles en\u00a0Construirinnovando.cl\/retoconstruyeacademia\u00a0y\u00a0el <strong>plazo de postulaci\u00f3n es hasta el 29 de abril.<\/strong><\/p>\n<\/div><\/section><\/div><div  style='height:50px' class='hr hr-invisible   avia-builder-el-6  el_after_av_one_full  el_before_av_social_share '><span class='hr-inner ' ><span class='hr-inner-style'><\/span><\/span><\/div><\/p>\n<div  class='av-social-sharing-box  avia-builder-el-7  el_after_av_hr  el_before_av_hr  '><div class='av-share-box'><h5 class='av-share-link-description av-no-toc '>Compartir esta noticia<\/h5><ul class='av-share-box-list noLightbox'><li class='av-share-link av-social-link-facebook' ><a target=\"_blank\" aria-label=\"Compartir en Facebook\" href='https:\/\/www.facebook.com\/sharer.php?u=https:\/\/radiorevelacionfm.cl\/?p=40665&#038;t=Construir%20Innovando%3A%20%C2%ABReto%20Construye%20Academia%C2%BB%20de%20la%20CChC%20convoca%20a%20estudiantes%20de%20Educaci%C3%B3n%20Superior' aria-hidden='false' data-av_icon='\ue8f3' data-av_iconfont='entypo-fontello' title='' data-avia-related-tooltip='Compartir en Facebook' rel=\"noopener\"><span class='avia_hidden_link_text'>Compartir en Facebook<\/span><\/a><\/li><li class='av-share-link av-social-link-twitter' ><a target=\"_blank\" aria-label=\"Compartir en Twitter\" href='https:\/\/twitter.com\/share?text=Construir%20Innovando%3A%20%C2%ABReto%20Construye%20Academia%C2%BB%20de%20la%20CChC%20convoca%20a%20estudiantes%20de%20Educaci%C3%B3n%20Superior&#038;url=https:\/\/radiorevelacionfm.cl\/?p=40665' aria-hidden='false' data-av_icon='\ue8f1' data-av_iconfont='entypo-fontello' title='' data-avia-related-tooltip='Compartir en Twitter' rel=\"noopener\"><span class='avia_hidden_link_text'>Compartir en Twitter<\/span><\/a><\/li><li class='av-share-link av-social-link-whatsapp' ><a target=\"_blank\" aria-label=\"Compartir en Whatsapp\" href='https:\/\/api.whatsapp.com\/send?text=https:\/\/radiorevelacionfm.cl\/?p=40665' aria-hidden='false' data-av_icon='\uf232' data-av_iconfont='entypo-fontello' title='' data-avia-related-tooltip='Compartir en Whatsapp' rel=\"noopener\"><span class='avia_hidden_link_text'>Compartir en Whatsapp<\/span><\/a><\/li><li class='av-share-link av-social-link-linkedin' ><a target=\"_blank\" aria-label=\"Compartir en LinkedIn\" href='https:\/\/linkedin.com\/shareArticle?mini=true&#038;title=Construir%20Innovando%3A%20%C2%ABReto%20Construye%20Academia%C2%BB%20de%20la%20CChC%20convoca%20a%20estudiantes%20de%20Educaci%C3%B3n%20Superior&#038;url=https:\/\/radiorevelacionfm.cl\/?p=40665' aria-hidden='false' data-av_icon='\ue8fc' data-av_iconfont='entypo-fontello' title='' data-avia-related-tooltip='Compartir en LinkedIn' rel=\"noopener\"><span class='avia_hidden_link_text'>Compartir en LinkedIn<\/span><\/a><\/li><li class='av-share-link av-social-link-mail' ><a  aria-label=\"Compartir por correo\" href='mailto:?subject=Construir%20Innovando%3A%20%C2%ABReto%20Construye%20Academia%C2%BB%20de%20la%20CChC%20convoca%20a%20estudiantes%20de%20Educaci%C3%B3n%20Superior&#038;body=https:\/\/radiorevelacionfm.cl\/?p=40665' aria-hidden='false' data-av_icon='\ue805' data-av_iconfont='entypo-fontello' title='' data-avia-related-tooltip='Compartir por correo'><span class='avia_hidden_link_text'>Compartir por correo<\/span><\/a><\/li><\/ul><\/div><\/div>\n<div  style='height:50px' class='hr hr-invisible   avia-builder-el-8  el_after_av_social_share  el_before_av_comments_list '><span class='hr-inner ' ><span class='hr-inner-style'><\/span><\/span><\/div>\n<div  class='av-buildercomment  av-blog-meta-html-info-disabled av-blog-meta-tag-disabled  '><\/div>\n","protected":false},"excerpt":{"rendered":"","protected":false},"author":1,"featured_media":40666,"comment_status":"open","ping_status":"open","sticky":false,"template":"","format":"standard","meta":{"footnotes":""},"categories":[38],"tags":[],"class_list":["post-40665","post","type-post","status-publish","format-standard","has-post-thumbnail","hentry","category-regional"],"jetpack_featured_media_url":"https:\/\/radiorevelacionfm.cl\/wp-content\/uploads\/2024\/03\/Construye-Academia-1-1.jpg","_links":{"self":[{"href":"https:\/\/radiorevelacionfm.cl\/index.php?rest_route=\/wp\/v2\/posts\/40665","targetHints":{"allow":["GET"]}}],"collection":[{"href":"https:\/\/radiorevelacionfm.cl\/index.php?rest_route=\/wp\/v2\/posts"}],"about":[{"href":"https:\/\/radiorevelacionfm.cl\/index.php?rest_route=\/wp\/v2\/types\/post"}],"author":[{"embeddable":true,"href":"https:\/\/radiorevelacionfm.cl\/index.php?rest_route=\/wp\/v2\/users\/1"}],"replies":[{"embeddable":true,"href":"https:\/\/radiorevelacionfm.cl\/index.php?rest_route=%2Fwp%2Fv2%2Fcomments&post=40665"}],"version-history":[{"count":1,"href":"https:\/\/radiorevelacionfm.cl\/index.php?rest_route=\/wp\/v2\/posts\/40665\/revisions"}],"predecessor-version":[{"id":40667,"href":"https:\/\/radiorevelacionfm.cl\/index.php?rest_route=\/wp\/v2\/posts\/40665\/revisions\/40667"}],"wp:featuredmedia":[{"embeddable":true,"href":"https:\/\/radiorevelacionfm.cl\/index.php?rest_route=\/wp\/v2\/media\/40666"}],"wp:attachment":[{"href":"https:\/\/radiorevelacionfm.cl\/index.php?rest_route=%2Fwp%2Fv2%2Fmedia&parent=40665"}],"wp:term":[{"taxonomy":"category","embeddable":true,"href":"https:\/\/radiorevelacionfm.cl\/index.php?rest_route=%2Fwp%2Fv2%2Fcategories&post=40665"},{"taxonomy":"post_tag","embeddable":true,"href":"https:\/\/radiorevelacionfm.cl\/index.php?rest_route=%2Fwp%2Fv2%2Ftags&post=40665"}],"curies":[{"name":"wp","href":"https:\/\/api.w.org\/{rel}","templated":true}]}}