{"id":40662,"date":"2024-03-24T22:11:18","date_gmt":"2024-03-25T01:11:18","guid":{"rendered":"https:\/\/radiorevelacionfm.cl\/?p=40662"},"modified":"2024-03-24T22:11:18","modified_gmt":"2024-03-25T01:11:18","slug":"a-paso-firme-mop-y-mideso-continuan-trabajo-intersectorial-para-avanzar-en-ejecucion-de-proyectos","status":"publish","type":"post","link":"https:\/\/radiorevelacionfm.cl\/?p=40662","title":{"rendered":"A paso firme MOP y Mideso contin\u00faan trabajo intersectorial para avanzar en ejecuci\u00f3n de proyectos"},"content":{"rendered":"<div class=\"flex_column av_one_full  flex_column_div av-zero-column-padding first  avia-builder-el-0  el_before_av_one_full  avia-builder-el-first  \" style='border-radius:0px; '><div  class='avia-image-container  av-styling-    avia-builder-el-1  avia-builder-el-no-sibling  avia-align-center '  itemprop=\"image\" itemscope=\"itemscope\" itemtype=\"https:\/\/schema.org\/ImageObject\"  ><div class='avia-image-container-inner'><div class='avia-image-overlay-wrap'><img decoding=\"async\" class='wp-image-40663 avia-img-lazy-loading-not-40663 avia_image' src=\"https:\/\/radiorevelacionfm.cl\/wp-content\/uploads\/2024\/03\/reu-seremis-2-1_optimized.jpeg\" alt='' title='reu-seremis-2-(1)_optimized' height=\"600\" width=\"1067\"  itemprop=\"thumbnailUrl\" srcset=\"https:\/\/radiorevelacionfm.cl\/wp-content\/uploads\/2024\/03\/reu-seremis-2-1_optimized.jpeg 1067w, https:\/\/radiorevelacionfm.cl\/wp-content\/uploads\/2024\/03\/reu-seremis-2-1_optimized-300x169.jpeg 300w, https:\/\/radiorevelacionfm.cl\/wp-content\/uploads\/2024\/03\/reu-seremis-2-1_optimized-1030x579.jpeg 1030w, https:\/\/radiorevelacionfm.cl\/wp-content\/uploads\/2024\/03\/reu-seremis-2-1_optimized-768x432.jpeg 768w, https:\/\/radiorevelacionfm.cl\/wp-content\/uploads\/2024\/03\/reu-seremis-2-1_optimized-705x396.jpeg 705w, https:\/\/radiorevelacionfm.cl\/wp-content\/uploads\/2024\/03\/reu-seremis-2-1_optimized-450x253.jpeg 450w, https:\/\/radiorevelacionfm.cl\/wp-content\/uploads\/2024\/03\/reu-seremis-2-1_optimized-600x337.jpeg 600w\" sizes=\"(max-width: 1067px) 100vw, 1067px\" \/><\/div><\/div><\/div><\/div><div class=\"flex_column av_one_full  flex_column_div av-zero-column-padding first  avia-builder-el-2  el_after_av_one_full  el_before_av_one_full  column-top-margin\" style='border-radius:0px; '><section class=\"av_textblock_section \"  itemscope=\"itemscope\" itemtype=\"https:\/\/schema.org\/BlogPosting\" itemprop=\"blogPost\" ><div class='avia_textblock  '   itemprop=\"text\" ><p style=\"text-align: center;\"><strong><span style=\"font-size: 18pt;\">A paso firme MOP y Mideso contin\u00faan trabajo intersectorial para avanzar en ejecuci\u00f3n de proyectos <\/span><\/strong><\/p>\n<div id=\"gtx-trans\" style=\"position: absolute; left: -50px; top: 4.31534px;\">\n<div class=\"gtx-trans-icon\"><\/div>\n<\/div>\n<\/div><\/section><\/div><div class=\"flex_column av_one_full  flex_column_div av-zero-column-padding first  avia-builder-el-4  el_after_av_one_full  el_before_av_hr  column-top-margin\" style='border-radius:0px; '><section class=\"av_textblock_section \"  itemscope=\"itemscope\" itemtype=\"https:\/\/schema.org\/BlogPosting\" itemprop=\"blogPost\" ><div class='avia_textblock  '   itemprop=\"text\" ><p style=\"text-align: justify;\">Con el objetivo de seguir fortaleciendo iniciativas de inversi\u00f3n p\u00fablica que van en beneficio de los habitantes de la regi\u00f3n de Ays\u00e9n, se reunieron este viernes los representantes regionales de las carteras del Ministerio de Obras P\u00fablicas y Desarrollo Social y Familia para potenciar el trabajo actual 2024 con miras a los proyectos que ser\u00e1n priorizados en el 2025.<\/p>\n<p style=\"text-align: justify;\">En la ocasi\u00f3n los Seremis Karina Acevedo y Patricio Sanhueza, hicieron un repaso de iniciativas del Ministerio de Obras P\u00fablicas en la regi\u00f3n de Ays\u00e9n que, a trav\u00e9s del Sistema Nacional de Inversiones, han logrado en este primer trimestre una Recomendaci\u00f3n Satisfactoria de proyectos que suman $39.780.982 millones de pesos.<\/p>\n<p class=\"v1elementToProof\" style=\"text-align: justify;\">En este sentido, la gesti\u00f3n entre ambas carteras es fundamental para continuar avanzando a paso firme en la ejecuci\u00f3n de los proyectos, recalc\u00f3 el Seremi de obras P\u00fablicas de la regi\u00f3n de Ays\u00e9n Patricio Sanhueza \u00abHemos concluido una m\u00e1s de las reuniones con la colega Karina Acevedo de MIDESO y Familia y han sido numerosas las reuniones que hemos tenido con esta cartera atendido la tremenda responsabilidad que ambos ministerios tenemos en la ejecuci\u00f3n de la obra p\u00fablica y en donde el MOP lidera en montos de inversi\u00f3n, y es as\u00ed que esto ha tenido importantes logros. Hemos logrado la admisibilidad para avanzar con conectividad con puentes mecanos y hemos obtenido importantes recomendaciones en proyectos que son emblem\u00e1ticos y seguimos trabajando en torno a ello de tal manera de poder ir destrabando situaciones t\u00e9cnicas de tal manera de lograr las recomendaciones favorables de todos los proyectos que son tan anhelados por nuestra comunidad. Continuamos en esta l\u00ednea de trabajo colaborativo que nos ha encomendado nuestro Delegado Presidencial Regional y tambi\u00e9n del impulso que da el presidente Gabriel Boric a trav\u00e9s del Gabinete de pro crecimiento y empleo de llegar con esta inversi\u00f3n p\u00fablica como fuerza motora para la reactivaci\u00f3n econ\u00f3mica\u00bb.<\/p>\n<p style=\"text-align: justify;\">Modificaciones en el Sistema Nacional de inversiones para agilizar la concreci\u00f3n de proyectos inferiores a 5 mil UTM, crear una metodolog\u00eda totalmente descentralizada y pionera que se transform\u00f3 en pol\u00edtica nacional es lo que reforz\u00f3, Karina Acevedo Seremi de Desarrollo Social y Familia \u00abEl Sistema Nacional de inversiones es un gran sistema donde nosotros como ministerio somos parte y, bajo esta l\u00f3gica, desde Hacienda, desde la Dipres y nosotros hemos llegado a acuerdos en la regi\u00f3n, donde hemos aterrizado los manuales, instructivos, hemos conversado las normas y procedimientos que nos env\u00eda la Subsecretar\u00eda de Evaluaci\u00f3n Social, estableciendo contacto con todos los equipos t\u00e9cnicos para que podamos concretar proyectos en nuestro territorio. Sabemos lo importante que es la ejecuci\u00f3n, la pronta inversi\u00f3n, la respuesta oportuna de cada sector. Hoy d\u00eda hemos logrado marcar hitos distintos, hemos estado en di\u00e1logo permanente con el Seremi de Obras P\u00fablicas y todos sus equipos, junto con nuestros analistas para poder dar cuenta y respuesta a la urgencia que requiere Ays\u00e9n en cuanto a proyectos de ejecuci\u00f3n p\u00fablica\u00bb.<\/p>\n<p class=\"v1elementToProof\" style=\"text-align: justify;\">La autoridad ministerial en obras p\u00fablicas de la regi\u00f3n de Ays\u00e9n, recalc\u00f3 que si bien los desaf\u00edos son arduos, tambi\u00e9n existe notorio avance en compromisos para con el territorio aysenino \u00abYa tenemos importantes logros como ocho contratos en ejecuci\u00f3n solamente en la zona central de la regi\u00f3n en donde estamos concurriendo con una inversi\u00f3n de 60 mil millones de pesos y nos queda el desaf\u00edo de poder hacer material los procesos de licitaciones -algunos ya adjudicados, otros en curso y otros por adjudicar- en esta gran cartera que hemos anunciado la m\u00e1s grande del pa\u00eds por 276 mil millones de pesos por 44 iniciativas. Los desaf\u00edos que tenemos con Mideso y Familia son tremendos, es un trabajo arduo y permanente, en donde tenemos que lograr que gran parte de las iniciativas que el Ministerio debe iniciar este a\u00f1o y que tiene comprometidas tienen que ser aprobadas en el marco del Banco de Sistema Nacional de\u00a0 Inversiones y aqu\u00ed estamos hablando tenemos 150 iniciativas en todas las comunas de la regi\u00f3n y en todos los \u00e1mbitos, dentro de las cuales destacan los Servicios Sanitarios Rurales ex APR y la pavimentaci\u00f3n de la Ruta 7, entre otras que vamos a iniciar\u00bb indic\u00f3 Patricio Sanhueza.<\/p>\n<p class=\"v1elementToProof\" style=\"text-align: justify;\">Sobre esto Karina Acevedo Auad reforz\u00f3 que el Ministerio de Desarrollo Social si bien cumple un rol t\u00e9cnico en cuanto a las evaluaciones de los proyectos, tambi\u00e9n existe un mandato de gobierno de estar en permanente di\u00e1logo para atender nudos cr\u00edticos y de esta manera abrir paso a iniciativas que son de relevancia regional, que en su mayor\u00eda son lideradas por el MOP, entre ellas proyectos de soluciones sanitarias que requieren de diferentes an\u00e1lisis \u00abDurante estos 2 a\u00f1os nos hemos reunido con los diferentes estamentos del Estado. En esta l\u00f3gica debemos destacar que, la mayor inversi\u00f3n que se hace en la regi\u00f3n de Ays\u00e9n est\u00e1 en manos del Ministerio de Obras P\u00fablicas, con qui\u00e9n hemos tenido reuniones t\u00e9cnicas constantemente para poder disipar las dudas, valoramos esta comunicaci\u00f3n permanente entre sus formuladores de proyectos m\u00e1s nuestros equipos de analistas, porque el mandato que tenemos como Ministerio de Desarrollo Social en el \u00e1rea de inversiones, es que lleguen a buen t\u00e9rmino los proyectos del Estado. Por tanto, es nuestra obligaci\u00f3n disponer de los conocimientos y facilitar la comunicaci\u00f3n para dar respuesta a las observaciones que se han planteado\u00bb finaliz\u00f3 la autoridad.<\/p>\n<\/div><\/section><\/div><div  style='height:50px' class='hr hr-invisible   avia-builder-el-6  el_after_av_one_full  el_before_av_social_share '><span class='hr-inner ' ><span class='hr-inner-style'><\/span><\/span><\/div><\/p>\n<div  class='av-social-sharing-box  avia-builder-el-7  el_after_av_hr  el_before_av_hr  '><div class='av-share-box'><h5 class='av-share-link-description av-no-toc '>Compartir esta noticia<\/h5><ul class='av-share-box-list noLightbox'><li class='av-share-link av-social-link-facebook' ><a target=\"_blank\" aria-label=\"Compartir en Facebook\" href='https:\/\/www.facebook.com\/sharer.php?u=https:\/\/radiorevelacionfm.cl\/?p=40662&#038;t=A%20paso%20firme%20MOP%20y%20Mideso%20contin%C3%BAan%20trabajo%20intersectorial%20para%20avanzar%20en%20ejecuci%C3%B3n%20de%20proyectos' aria-hidden='false' data-av_icon='\ue8f3' data-av_iconfont='entypo-fontello' title='' data-avia-related-tooltip='Compartir en Facebook' rel=\"noopener\"><span class='avia_hidden_link_text'>Compartir en Facebook<\/span><\/a><\/li><li class='av-share-link av-social-link-twitter' ><a target=\"_blank\" aria-label=\"Compartir en Twitter\" href='https:\/\/twitter.com\/share?text=A%20paso%20firme%20MOP%20y%20Mideso%20contin%C3%BAan%20trabajo%20intersectorial%20para%20avanzar%20en%20ejecuci%C3%B3n%20de%20proyectos&#038;url=https:\/\/radiorevelacionfm.cl\/?p=40662' aria-hidden='false' data-av_icon='\ue8f1' data-av_iconfont='entypo-fontello' title='' data-avia-related-tooltip='Compartir en Twitter' rel=\"noopener\"><span class='avia_hidden_link_text'>Compartir en Twitter<\/span><\/a><\/li><li class='av-share-link av-social-link-whatsapp' ><a target=\"_blank\" aria-label=\"Compartir en Whatsapp\" href='https:\/\/api.whatsapp.com\/send?text=https:\/\/radiorevelacionfm.cl\/?p=40662' aria-hidden='false' data-av_icon='\uf232' data-av_iconfont='entypo-fontello' title='' data-avia-related-tooltip='Compartir en Whatsapp' rel=\"noopener\"><span class='avia_hidden_link_text'>Compartir en Whatsapp<\/span><\/a><\/li><li class='av-share-link av-social-link-linkedin' ><a target=\"_blank\" aria-label=\"Compartir en LinkedIn\" href='https:\/\/linkedin.com\/shareArticle?mini=true&#038;title=A%20paso%20firme%20MOP%20y%20Mideso%20contin%C3%BAan%20trabajo%20intersectorial%20para%20avanzar%20en%20ejecuci%C3%B3n%20de%20proyectos&#038;url=https:\/\/radiorevelacionfm.cl\/?p=40662' aria-hidden='false' data-av_icon='\ue8fc' data-av_iconfont='entypo-fontello' title='' data-avia-related-tooltip='Compartir en LinkedIn' rel=\"noopener\"><span class='avia_hidden_link_text'>Compartir en LinkedIn<\/span><\/a><\/li><li class='av-share-link av-social-link-mail' ><a  aria-label=\"Compartir por correo\" href='mailto:?subject=A%20paso%20firme%20MOP%20y%20Mideso%20contin%C3%BAan%20trabajo%20intersectorial%20para%20avanzar%20en%20ejecuci%C3%B3n%20de%20proyectos&#038;body=https:\/\/radiorevelacionfm.cl\/?p=40662' aria-hidden='false' data-av_icon='\ue805' data-av_iconfont='entypo-fontello' title='' data-avia-related-tooltip='Compartir por correo'><span class='avia_hidden_link_text'>Compartir por correo<\/span><\/a><\/li><\/ul><\/div><\/div>\n<div  style='height:50px' class='hr hr-invisible   avia-builder-el-8  el_after_av_social_share  el_before_av_comments_list '><span class='hr-inner ' ><span class='hr-inner-style'><\/span><\/span><\/div>\n<div  class='av-buildercomment  av-blog-meta-html-info-disabled av-blog-meta-tag-disabled  '><\/div>\n","protected":false},"excerpt":{"rendered":"","protected":false},"author":1,"featured_media":40663,"comment_status":"open","ping_status":"open","sticky":false,"template":"","format":"standard","meta":{"footnotes":""},"categories":[38],"tags":[],"class_list":["post-40662","post","type-post","status-publish","format-standard","has-post-thumbnail","hentry","category-regional"],"jetpack_featured_media_url":"https:\/\/radiorevelacionfm.cl\/wp-content\/uploads\/2024\/03\/reu-seremis-2-1_optimized.jpeg","_links":{"self":[{"href":"https:\/\/radiorevelacionfm.cl\/index.php?rest_route=\/wp\/v2\/posts\/40662","targetHints":{"allow":["GET"]}}],"collection":[{"href":"https:\/\/radiorevelacionfm.cl\/index.php?rest_route=\/wp\/v2\/posts"}],"about":[{"href":"https:\/\/radiorevelacionfm.cl\/index.php?rest_route=\/wp\/v2\/types\/post"}],"author":[{"embeddable":true,"href":"https:\/\/radiorevelacionfm.cl\/index.php?rest_route=\/wp\/v2\/users\/1"}],"replies":[{"embeddable":true,"href":"https:\/\/radiorevelacionfm.cl\/index.php?rest_route=%2Fwp%2Fv2%2Fcomments&post=40662"}],"version-history":[{"count":1,"href":"https:\/\/radiorevelacionfm.cl\/index.php?rest_route=\/wp\/v2\/posts\/40662\/revisions"}],"predecessor-version":[{"id":40664,"href":"https:\/\/radiorevelacionfm.cl\/index.php?rest_route=\/wp\/v2\/posts\/40662\/revisions\/40664"}],"wp:featuredmedia":[{"embeddable":true,"href":"https:\/\/radiorevelacionfm.cl\/index.php?rest_route=\/wp\/v2\/media\/40663"}],"wp:attachment":[{"href":"https:\/\/radiorevelacionfm.cl\/index.php?rest_route=%2Fwp%2Fv2%2Fmedia&parent=40662"}],"wp:term":[{"taxonomy":"category","embeddable":true,"href":"https:\/\/radiorevelacionfm.cl\/index.php?rest_route=%2Fwp%2Fv2%2Fcategories&post=40662"},{"taxonomy":"post_tag","embeddable":true,"href":"https:\/\/radiorevelacionfm.cl\/index.php?rest_route=%2Fwp%2Fv2%2Ftags&post=40662"}],"curies":[{"name":"wp","href":"https:\/\/api.w.org\/{rel}","templated":true}]}}