{"id":4065,"date":"2021-05-12T16:59:32","date_gmt":"2021-05-12T19:59:32","guid":{"rendered":"https:\/\/radiorevelacionfm.cl\/?p=4065"},"modified":"2021-05-12T17:09:28","modified_gmt":"2021-05-12T20:09:28","slug":"anuncian-que-subsidio-de-clase-media-para-compra-de-vivienda-podra-ser-utilizado-en-todo-el-pais","status":"publish","type":"post","link":"https:\/\/radiorevelacionfm.cl\/?p=4065","title":{"rendered":"Anuncian que Subsidio de Clase Media para compra de vivienda podr\u00e1 ser utilizado en todo el pa\u00eds"},"content":{"rendered":"<div class=\"flex_column av_one_full  flex_column_div av-zero-column-padding first  avia-builder-el-0  el_before_av_one_full  avia-builder-el-first  \" style='border-radius:0px; '><div  class='avia-image-container  av-styling-    avia-builder-el-1  avia-builder-el-no-sibling  avia-align-center '  itemprop=\"image\" itemscope=\"itemscope\" itemtype=\"https:\/\/schema.org\/ImageObject\"  ><div class='avia-image-container-inner'><div class='avia-image-overlay-wrap'><img decoding=\"async\" class='wp-image-0 avia-img-lazy-loading-not-0 avia_image' src=\"https:\/\/radiorevelacionfm.cl\/wp-content\/uploads\/2021\/05\/Ministro-de-Vivienda-y-U-Felipe-Ward-1.jpg\" alt='' title=''   itemprop=\"thumbnailUrl\"  \/><\/div><\/div><\/div><\/div><div class=\"flex_column av_one_full  flex_column_div av-zero-column-padding first  avia-builder-el-2  el_after_av_one_full  el_before_av_one_full  column-top-margin\" style='border-radius:0px; '><section class=\"av_textblock_section \"  itemscope=\"itemscope\" itemtype=\"https:\/\/schema.org\/BlogPosting\" itemprop=\"blogPost\" ><div class='avia_textblock  '   itemprop=\"text\" ><p style=\"text-align: center;\"><strong><span style=\"font-size: 18pt;\">Anuncian que Subsidio de Clase Media para compra de vivienda podr\u00e1 ser utilizado en todo el pa\u00eds<\/span><\/strong><\/p>\n<div id=\"gtx-trans\" style=\"position: absolute; left: -50px; top: 4.31534px;\">\n<div class=\"gtx-trans-icon\"><\/div>\n<\/div>\n<\/div><\/section><\/div><div class=\"flex_column av_one_full  flex_column_div av-zero-column-padding first  avia-builder-el-4  el_after_av_one_full  el_before_av_hr  column-top-margin\" style='border-radius:0px; '><section class=\"av_textblock_section \"  itemscope=\"itemscope\" itemtype=\"https:\/\/schema.org\/BlogPosting\" itemprop=\"blogPost\" ><div class='avia_textblock  '   itemprop=\"text\" ><p style=\"text-align: justify;\">El ministro de Vivienda y Urbanismo<strong>, <\/strong>Felipe Ward, dio a conocer una medida excepcional para todas aquellas familias que tengan un subsidio de Clase Media (DS1) en su modalidad de adquisici\u00f3n de vivienda, pues se levantar\u00e1 temporalmente la restricci\u00f3n de aplicaci\u00f3n y podr\u00e1 ser usado en cualquier regi\u00f3n del pa\u00eds sin importar el lugar donde se realiz\u00f3 la postulaci\u00f3n.<\/p>\n<p style=\"text-align: justify;\">El titular del Minvu coment\u00f3 que \u201ca trav\u00e9s de diversas mesas de trabajo a nivel nacional, di\u00e1logos con dirigentes y mensajes en nuestras redes sociales, las familias nos hicieron saber su preocupaci\u00f3n por la aplicaci\u00f3n de este subsidio\u201d, por lo que se determin\u00f3 flexibilizar dicho requisito y facilitar su uso en todo el pa\u00eds para que m\u00e1s familias accedan a una vivienda definitiva.<\/p>\n<p style=\"text-align: justify;\">El ministro Ward precis\u00f3 que, entendiendo que la pandemia por Covid-19 ha afectado duramente a las familias de sectores medios, es que \u201cesta medida es temporal y tendr\u00e1 una vigencia de 10 meses, quedando sujeta a una pr\u00f3rroga del estado de excepci\u00f3n constitucional que podr\u00eda prolongar ese plazo\u201d.<\/p>\n<p style=\"text-align: justify;\">En ese sentido el Seremi de Vivienda, Diego Silva, valor\u00f3 el anuncio ministerial, ya que todas las medidas que vayan\u00a0 en apoyo de nuestras familias son muy importantes y bienvenidas. \u201cDesde el Gobierno y en especial desde el Minvu estamos preocupados de ofrecer la mayor cantidad de opciones para que nuestros vecinos y vecinas puedan ocupar sus subsidios y acceder finalmente a la soluci\u00f3n que tanto necesitan. Por eso valoramos esta buena noticia y reiteramos nuestro compromiso para seguir trabajando en nuevas propuestas, anuncios y proyectos que sigan mejorando la calidad de vida de nuestra comunidad regional y nacional\u201d, manifest\u00f3.<\/p>\n<p style=\"text-align: justify;\">El subsidio de Clase Media es un beneficio que entrega un aporte econ\u00f3mico del Estado a familias con capacidad de ahorro y acceso a cr\u00e9dito hipotecario para adquirir su vivienda. El pr\u00f3ximo llamado a postulaci\u00f3n a este programa se iniciar\u00e1 el 19 de mayo. Para m\u00e1s informaci\u00f3n y postulaciones se puede ingresar a <a href=\"http:\/\/www.minvu.cl\">www.minvu.cl<\/a>.<\/p>\n<\/div><\/section><\/div><div  style='height:50px' class='hr hr-invisible   avia-builder-el-6  el_after_av_one_full  el_before_av_social_share '><span class='hr-inner ' ><span class='hr-inner-style'><\/span><\/span><\/div><\/p>\n<div  class='av-social-sharing-box  avia-builder-el-7  el_after_av_hr  el_before_av_hr  '><div class='av-share-box'><h5 class='av-share-link-description av-no-toc '>Compartir esta noticia<\/h5><ul class='av-share-box-list noLightbox'><li class='av-share-link av-social-link-facebook' ><a target=\"_blank\" aria-label=\"Compartir en Facebook\" href='https:\/\/www.facebook.com\/sharer.php?u=https:\/\/radiorevelacionfm.cl\/?p=4065&#038;t=Anuncian%20que%20Subsidio%20de%20Clase%20Media%20para%20compra%20de%20vivienda%20podr%C3%A1%20ser%20utilizado%20en%20todo%20el%20pa%C3%ADs' aria-hidden='false' data-av_icon='\ue8f3' data-av_iconfont='entypo-fontello' title='' data-avia-related-tooltip='Compartir en Facebook' rel=\"noopener\"><span class='avia_hidden_link_text'>Compartir en Facebook<\/span><\/a><\/li><li class='av-share-link av-social-link-twitter' ><a target=\"_blank\" aria-label=\"Compartir en Twitter\" href='https:\/\/twitter.com\/share?text=Anuncian%20que%20Subsidio%20de%20Clase%20Media%20para%20compra%20de%20vivienda%20podr%C3%A1%20ser%20utilizado%20en%20todo%20el%20pa%C3%ADs&#038;url=https:\/\/radiorevelacionfm.cl\/?p=4065' aria-hidden='false' data-av_icon='\ue8f1' data-av_iconfont='entypo-fontello' title='' data-avia-related-tooltip='Compartir en Twitter' rel=\"noopener\"><span class='avia_hidden_link_text'>Compartir en Twitter<\/span><\/a><\/li><li class='av-share-link av-social-link-whatsapp' ><a target=\"_blank\" aria-label=\"Compartir en Whatsapp\" href='https:\/\/api.whatsapp.com\/send?text=https:\/\/radiorevelacionfm.cl\/?p=4065' aria-hidden='false' data-av_icon='\uf232' data-av_iconfont='entypo-fontello' title='' data-avia-related-tooltip='Compartir en Whatsapp' rel=\"noopener\"><span class='avia_hidden_link_text'>Compartir en Whatsapp<\/span><\/a><\/li><li class='av-share-link av-social-link-linkedin' ><a target=\"_blank\" aria-label=\"Compartir en LinkedIn\" href='https:\/\/linkedin.com\/shareArticle?mini=true&#038;title=Anuncian%20que%20Subsidio%20de%20Clase%20Media%20para%20compra%20de%20vivienda%20podr%C3%A1%20ser%20utilizado%20en%20todo%20el%20pa%C3%ADs&#038;url=https:\/\/radiorevelacionfm.cl\/?p=4065' aria-hidden='false' data-av_icon='\ue8fc' data-av_iconfont='entypo-fontello' title='' data-avia-related-tooltip='Compartir en LinkedIn' rel=\"noopener\"><span class='avia_hidden_link_text'>Compartir en LinkedIn<\/span><\/a><\/li><li class='av-share-link av-social-link-mail' ><a  aria-label=\"Compartir por correo\" href='mailto:?subject=Anuncian%20que%20Subsidio%20de%20Clase%20Media%20para%20compra%20de%20vivienda%20podr%C3%A1%20ser%20utilizado%20en%20todo%20el%20pa%C3%ADs&#038;body=https:\/\/radiorevelacionfm.cl\/?p=4065' aria-hidden='false' data-av_icon='\ue805' data-av_iconfont='entypo-fontello' title='' data-avia-related-tooltip='Compartir por correo'><span class='avia_hidden_link_text'>Compartir por correo<\/span><\/a><\/li><\/ul><\/div><\/div>\n<div  style='height:50px' class='hr hr-invisible   avia-builder-el-8  el_after_av_social_share  el_before_av_comments_list '><span class='hr-inner ' ><span class='hr-inner-style'><\/span><\/span><\/div>\n<div  class='av-buildercomment  av-blog-meta-html-info-disabled av-blog-meta-tag-disabled  '><\/div>\n","protected":false},"excerpt":{"rendered":"","protected":false},"author":1,"featured_media":0,"comment_status":"open","ping_status":"open","sticky":false,"template":"","format":"standard","meta":{"footnotes":""},"categories":[57],"tags":[],"class_list":["post-4065","post","type-post","status-publish","format-standard","hentry","category-vivienda"],"jetpack_featured_media_url":"","_links":{"self":[{"href":"https:\/\/radiorevelacionfm.cl\/index.php?rest_route=\/wp\/v2\/posts\/4065","targetHints":{"allow":["GET"]}}],"collection":[{"href":"https:\/\/radiorevelacionfm.cl\/index.php?rest_route=\/wp\/v2\/posts"}],"about":[{"href":"https:\/\/radiorevelacionfm.cl\/index.php?rest_route=\/wp\/v2\/types\/post"}],"author":[{"embeddable":true,"href":"https:\/\/radiorevelacionfm.cl\/index.php?rest_route=\/wp\/v2\/users\/1"}],"replies":[{"embeddable":true,"href":"https:\/\/radiorevelacionfm.cl\/index.php?rest_route=%2Fwp%2Fv2%2Fcomments&post=4065"}],"version-history":[{"count":1,"href":"https:\/\/radiorevelacionfm.cl\/index.php?rest_route=\/wp\/v2\/posts\/4065\/revisions"}],"predecessor-version":[{"id":4067,"href":"https:\/\/radiorevelacionfm.cl\/index.php?rest_route=\/wp\/v2\/posts\/4065\/revisions\/4067"}],"wp:attachment":[{"href":"https:\/\/radiorevelacionfm.cl\/index.php?rest_route=%2Fwp%2Fv2%2Fmedia&parent=4065"}],"wp:term":[{"taxonomy":"category","embeddable":true,"href":"https:\/\/radiorevelacionfm.cl\/index.php?rest_route=%2Fwp%2Fv2%2Fcategories&post=4065"},{"taxonomy":"post_tag","embeddable":true,"href":"https:\/\/radiorevelacionfm.cl\/index.php?rest_route=%2Fwp%2Fv2%2Ftags&post=4065"}],"curies":[{"name":"wp","href":"https:\/\/api.w.org\/{rel}","templated":true}]}}