{"id":4062,"date":"2021-05-12T16:29:49","date_gmt":"2021-05-12T19:29:49","guid":{"rendered":"https:\/\/radiorevelacionfm.cl\/?p=4062"},"modified":"2021-05-12T16:29:49","modified_gmt":"2021-05-12T19:29:49","slug":"empleadores-y-asociaciones-de-migrantes-se-capacitan-en-materia-migratoria","status":"publish","type":"post","link":"https:\/\/radiorevelacionfm.cl\/?p=4062","title":{"rendered":"Empleadores y asociaciones de migrantes se capacitan en materia migratoria"},"content":{"rendered":"<div class=\"flex_column av_one_full  flex_column_div av-zero-column-padding first  avia-builder-el-0  el_before_av_one_full  avia-builder-el-first  \" style='border-radius:0px; '><div  class='avia-image-container  av-styling-    avia-builder-el-1  avia-builder-el-no-sibling  avia-align-center '  itemprop=\"image\" itemscope=\"itemscope\" itemtype=\"https:\/\/schema.org\/ImageObject\"  ><div class='avia-image-container-inner'><div class='avia-image-overlay-wrap'><img decoding=\"async\" class='wp-image-4063 avia-img-lazy-loading-not-4063 avia_image' src=\"https:\/\/radiorevelacionfm.cl\/wp-content\/uploads\/2021\/05\/conversatorio-migrantes-007-1_optimized.png\" alt='' title='conversatorio-migrantes-007-(1)_optimized' height=\"600\" width=\"882\"  itemprop=\"thumbnailUrl\" srcset=\"https:\/\/radiorevelacionfm.cl\/wp-content\/uploads\/2021\/05\/conversatorio-migrantes-007-1_optimized.png 882w, https:\/\/radiorevelacionfm.cl\/wp-content\/uploads\/2021\/05\/conversatorio-migrantes-007-1_optimized-300x204.png 300w, https:\/\/radiorevelacionfm.cl\/wp-content\/uploads\/2021\/05\/conversatorio-migrantes-007-1_optimized-768x522.png 768w, https:\/\/radiorevelacionfm.cl\/wp-content\/uploads\/2021\/05\/conversatorio-migrantes-007-1_optimized-705x480.png 705w, https:\/\/radiorevelacionfm.cl\/wp-content\/uploads\/2021\/05\/conversatorio-migrantes-007-1_optimized-600x408.png 600w\" sizes=\"(max-width: 882px) 100vw, 882px\" \/><\/div><\/div><\/div><\/div><div class=\"flex_column av_one_full  flex_column_div av-zero-column-padding first  avia-builder-el-2  el_after_av_one_full  el_before_av_one_full  column-top-margin\" style='border-radius:0px; '><section class=\"av_textblock_section \"  itemscope=\"itemscope\" itemtype=\"https:\/\/schema.org\/BlogPosting\" itemprop=\"blogPost\" ><div class='avia_textblock  '   itemprop=\"text\" ><p style=\"text-align: center;\"><span style=\"font-size: 18pt;\"><strong>Empleadores y asociaciones de migrantes se capacitan en materia migratoria<\/strong><\/span><\/p>\n<div id=\"gtx-trans\" style=\"position: absolute; left: -50px; top: 4.31534px;\">\n<div class=\"gtx-trans-icon\"><\/div>\n<\/div>\n<\/div><\/section><\/div><div class=\"flex_column av_one_full  flex_column_div av-zero-column-padding first  avia-builder-el-4  el_after_av_one_full  el_before_av_hr  column-top-margin\" style='border-radius:0px; '><section class=\"av_textblock_section \"  itemscope=\"itemscope\" itemtype=\"https:\/\/schema.org\/BlogPosting\" itemprop=\"blogPost\" ><div class='avia_textblock  '   itemprop=\"text\" ><p style=\"text-align: justify;\">PDI y C\u00e1mara de Comercio abordaron las principales tem\u00e1ticas sobre la contrataci\u00f3n de migrantes, labor fiscalizadora y nueva Ley de Migraci\u00f3n y Extranjer\u00eda.<\/p>\n<p style=\"text-align: justify;\">El pasado martes 4 de mayo de 2021, se llev\u00f3 a cabo la segunda versi\u00f3n del \u201cConversatorio sobre Contrataci\u00f3n de Migrantes\u201d, actividad organizada por la Polic\u00eda de Investigaciones de Chile, a trav\u00e9s del Departamento de Migraciones y Polic\u00eda Internacional Coyhaique, en conjunto con la C\u00e1mara de Comercio, Servicios, Industrias y Turismo de Coyhaique.<\/p>\n<p style=\"text-align: justify;\">En la iniciativa donde participaron m\u00e1s de 40 personas, se conectaron dirigentes de las asociaciones de migrantes a nivel regional, dirigentes de las agrupaciones de comerciantes locales, personal de la Municipalidad de Tortel, de las gobernaciones regionales y la Seremi del Trabajo, Andrea Ponce. Adem\u00e1s, cont\u00f3 con la participaci\u00f3n de personal del Servicio de Impuestos Internos de las regiones del Biob\u00edo, Los Lagos y Los R\u00edos, personal de Extranjer\u00eda de la Gobernaci\u00f3n de Biob\u00edo y personal de la Inspecci\u00f3n del Trabajo de Biob\u00edo y O\u2019Higgins.<\/p>\n<p style=\"text-align: justify;\">Sobre la excelente convocatoria, el jefe del Departamento de Migraciones Coyhaique, comisario Richard Biernay, valor\u00f3 el trabajo de la C\u00e1mara de Comercio de la difusi\u00f3n de la actividad con sus socios, se\u00f1alando que \u201ceste a\u00f1o generamos la segunda versi\u00f3n de este conversatorio y tuvimos una convocatoria de m\u00e1s de 40 personas que estuvieron conectadas por esta necesidad de informaci\u00f3n tanto al tema de la contrataci\u00f3n de migrantes como la nueva ley de migraci\u00f3n y extranjer\u00eda\u201d.<\/p>\n<p style=\"text-align: justify;\">En relaci\u00f3n a los temas abordados, el comisario Biernay indic\u00f3 que \u201cse habl\u00f3 de la actual y vigente ley de extranjer\u00eda y de aquellas principales infracciones que cometen los migrantes en lo que tiene que ver la contrataci\u00f3n de extranjeros, contrato laboral y las principales infracciones que comete el empleador que, por lo general, son por desconocimiento\u201d, agregando que no corresponden a ilegalidades, \u201csino irregularidades como no cumplir con ciertos plazos o algunos documentos\u201d.<\/p>\n<p style=\"text-align: justify;\">Adem\u00e1s, \u201caprovechamos de tocar algunos temas que son de relevancia que surgieron en las preguntas que tienen que ver con Ley 21.325, que es la nueva Ley de Migraciones, particularmente lo que tiene que ver con el proceso de regularizaci\u00f3n extraordinaria de migrantes que tiene un plazo de 180 d\u00edas, que da tiempo para que los extranjeros que se encuentren en alguna condici\u00f3n de irregularidad puedan regularizar su situaci\u00f3n y aquellos extranjeros que hicieron ingreso clandestino puedan abandonar el pa\u00eds\u201d, enfatiz\u00f3 el jefe de la unidad especializada, agradeciendo particularmente a los directivos de la c\u00e1mara de comercio de Coyhaique por su colaboraci\u00f3n y apoyo permanente en este tipo de actividades.<\/p>\n<p style=\"text-align: justify;\">Por su parte, el presidente de la C\u00e1mara de Comercio de Coyhaique, Gerardo Guzm\u00e1n, agradeci\u00f3 a la Polic\u00eda de Investigaciones y a todos quienes participaron en la actividad que se pudo retomar este a\u00f1o debido a la pandemia, se\u00f1alando que \u201cesta es una gran iniciativa que colabora junto con las empresas y los trabajadores para poder llevar todo en orden y no tener problemas en temas migratorios, tener todos los documentos al d\u00eda y seguir trabajando en este proceso de pandemia\u201d.<\/p>\n<p style=\"text-align: justify;\">Adem\u00e1s, el presidente del gremio sentenci\u00f3 que \u201ccreemos que esta actividad, se dio de manera muy interesante, ya que lleg\u00f3 a varias partes del pa\u00eds, tuvimos personas de distintas partes conectadas a esta charla, nacieron preguntas muy buenas que tuvieron una grata y r\u00e1pida respuesta por parte de la PDI\u201d.<\/p>\n<p style=\"text-align: justify;\">Finalmente, Gerardo Guzm\u00e1n realiz\u00f3 un llamado ante cualquier otra consulta o duda por parte de los empleadores, trabajadores y ciudadanos migrantes, indicando que \u201cquedamos abiertos a poder recibir m\u00e1s preguntas a futuro\u201d.<\/p>\n<\/div><\/section><\/div><div  style='height:50px' class='hr hr-invisible   avia-builder-el-6  el_after_av_one_full  el_before_av_social_share '><span class='hr-inner ' ><span class='hr-inner-style'><\/span><\/span><\/div><\/p>\n<div  class='av-social-sharing-box  avia-builder-el-7  el_after_av_hr  el_before_av_hr  '><div class='av-share-box'><h5 class='av-share-link-description av-no-toc '>Compartir esta noticia<\/h5><ul class='av-share-box-list noLightbox'><li class='av-share-link av-social-link-facebook' ><a target=\"_blank\" aria-label=\"Compartir en Facebook\" href='https:\/\/www.facebook.com\/sharer.php?u=https:\/\/radiorevelacionfm.cl\/?p=4062&#038;t=Empleadores%20y%20asociaciones%20de%20migrantes%20se%20capacitan%20en%20materia%20migratoria' aria-hidden='false' data-av_icon='\ue8f3' data-av_iconfont='entypo-fontello' title='' data-avia-related-tooltip='Compartir en Facebook' rel=\"noopener\"><span class='avia_hidden_link_text'>Compartir en Facebook<\/span><\/a><\/li><li class='av-share-link av-social-link-twitter' ><a target=\"_blank\" aria-label=\"Compartir en Twitter\" href='https:\/\/twitter.com\/share?text=Empleadores%20y%20asociaciones%20de%20migrantes%20se%20capacitan%20en%20materia%20migratoria&#038;url=https:\/\/radiorevelacionfm.cl\/?p=4062' aria-hidden='false' data-av_icon='\ue8f1' data-av_iconfont='entypo-fontello' title='' data-avia-related-tooltip='Compartir en Twitter' rel=\"noopener\"><span class='avia_hidden_link_text'>Compartir en Twitter<\/span><\/a><\/li><li class='av-share-link av-social-link-whatsapp' ><a target=\"_blank\" aria-label=\"Compartir en Whatsapp\" href='https:\/\/api.whatsapp.com\/send?text=https:\/\/radiorevelacionfm.cl\/?p=4062' aria-hidden='false' data-av_icon='\uf232' data-av_iconfont='entypo-fontello' title='' data-avia-related-tooltip='Compartir en Whatsapp' rel=\"noopener\"><span class='avia_hidden_link_text'>Compartir en Whatsapp<\/span><\/a><\/li><li class='av-share-link av-social-link-linkedin' ><a target=\"_blank\" aria-label=\"Compartir en LinkedIn\" href='https:\/\/linkedin.com\/shareArticle?mini=true&#038;title=Empleadores%20y%20asociaciones%20de%20migrantes%20se%20capacitan%20en%20materia%20migratoria&#038;url=https:\/\/radiorevelacionfm.cl\/?p=4062' aria-hidden='false' data-av_icon='\ue8fc' data-av_iconfont='entypo-fontello' title='' data-avia-related-tooltip='Compartir en LinkedIn' rel=\"noopener\"><span class='avia_hidden_link_text'>Compartir en LinkedIn<\/span><\/a><\/li><li class='av-share-link av-social-link-mail' ><a  aria-label=\"Compartir por correo\" href='mailto:?subject=Empleadores%20y%20asociaciones%20de%20migrantes%20se%20capacitan%20en%20materia%20migratoria&#038;body=https:\/\/radiorevelacionfm.cl\/?p=4062' aria-hidden='false' data-av_icon='\ue805' data-av_iconfont='entypo-fontello' title='' data-avia-related-tooltip='Compartir por correo'><span class='avia_hidden_link_text'>Compartir por correo<\/span><\/a><\/li><\/ul><\/div><\/div>\n<div  style='height:50px' class='hr hr-invisible   avia-builder-el-8  el_after_av_social_share  el_before_av_comments_list '><span class='hr-inner ' ><span class='hr-inner-style'><\/span><\/span><\/div>\n<div  class='av-buildercomment  av-blog-meta-html-info-disabled av-blog-meta-tag-disabled  '><\/div>\n","protected":false},"excerpt":{"rendered":"","protected":false},"author":1,"featured_media":4063,"comment_status":"open","ping_status":"open","sticky":false,"template":"","format":"standard","meta":{"footnotes":""},"categories":[56],"tags":[],"class_list":["post-4062","post","type-post","status-publish","format-standard","has-post-thumbnail","hentry","category-trabajo"],"jetpack_featured_media_url":"https:\/\/radiorevelacionfm.cl\/wp-content\/uploads\/2021\/05\/conversatorio-migrantes-007-1_optimized.png","_links":{"self":[{"href":"https:\/\/radiorevelacionfm.cl\/index.php?rest_route=\/wp\/v2\/posts\/4062","targetHints":{"allow":["GET"]}}],"collection":[{"href":"https:\/\/radiorevelacionfm.cl\/index.php?rest_route=\/wp\/v2\/posts"}],"about":[{"href":"https:\/\/radiorevelacionfm.cl\/index.php?rest_route=\/wp\/v2\/types\/post"}],"author":[{"embeddable":true,"href":"https:\/\/radiorevelacionfm.cl\/index.php?rest_route=\/wp\/v2\/users\/1"}],"replies":[{"embeddable":true,"href":"https:\/\/radiorevelacionfm.cl\/index.php?rest_route=%2Fwp%2Fv2%2Fcomments&post=4062"}],"version-history":[{"count":1,"href":"https:\/\/radiorevelacionfm.cl\/index.php?rest_route=\/wp\/v2\/posts\/4062\/revisions"}],"predecessor-version":[{"id":4064,"href":"https:\/\/radiorevelacionfm.cl\/index.php?rest_route=\/wp\/v2\/posts\/4062\/revisions\/4064"}],"wp:featuredmedia":[{"embeddable":true,"href":"https:\/\/radiorevelacionfm.cl\/index.php?rest_route=\/wp\/v2\/media\/4063"}],"wp:attachment":[{"href":"https:\/\/radiorevelacionfm.cl\/index.php?rest_route=%2Fwp%2Fv2%2Fmedia&parent=4062"}],"wp:term":[{"taxonomy":"category","embeddable":true,"href":"https:\/\/radiorevelacionfm.cl\/index.php?rest_route=%2Fwp%2Fv2%2Fcategories&post=4062"},{"taxonomy":"post_tag","embeddable":true,"href":"https:\/\/radiorevelacionfm.cl\/index.php?rest_route=%2Fwp%2Fv2%2Ftags&post=4062"}],"curies":[{"name":"wp","href":"https:\/\/api.w.org\/{rel}","templated":true}]}}