{"id":40599,"date":"2024-03-22T10:25:29","date_gmt":"2024-03-22T13:25:29","guid":{"rendered":"https:\/\/radiorevelacionfm.cl\/?p=40599"},"modified":"2024-03-22T10:25:29","modified_gmt":"2024-03-22T13:25:29","slug":"servicio-de-salud-aysen-dio-el-vamos-al-programa-de-acompanamiento-a-la-identidad-de-genero-paig","status":"publish","type":"post","link":"https:\/\/radiorevelacionfm.cl\/?p=40599","title":{"rendered":"Servicio de Salud Ays\u00e9n dio el vamos al Programa de Acompa\u00f1amiento a la Identidad de G\u00e9nero (PAIG)"},"content":{"rendered":"<div class=\"flex_column av_one_full  flex_column_div av-zero-column-padding first  avia-builder-el-0  el_before_av_one_full  avia-builder-el-first  \" style='border-radius:0px; '><div  class='avia-image-container  av-styling-    avia-builder-el-1  avia-builder-el-no-sibling  avia-align-center '  itemprop=\"image\" itemscope=\"itemscope\" itemtype=\"https:\/\/schema.org\/ImageObject\"  ><div class='avia-image-container-inner'><div class='avia-image-overlay-wrap'><img decoding=\"async\" class='wp-image-40600 avia-img-lazy-loading-not-40600 avia_image' src=\"https:\/\/radiorevelacionfm.cl\/wp-content\/uploads\/2024\/03\/paig-3-1_optimized-1_optimized-1.jpg\" alt='' title='paig-3-(1)_optimized-(1)_optimized (1)' height=\"600\" width=\"1210\"  itemprop=\"thumbnailUrl\" srcset=\"https:\/\/radiorevelacionfm.cl\/wp-content\/uploads\/2024\/03\/paig-3-1_optimized-1_optimized-1.jpg 1210w, https:\/\/radiorevelacionfm.cl\/wp-content\/uploads\/2024\/03\/paig-3-1_optimized-1_optimized-1-300x149.jpg 300w, https:\/\/radiorevelacionfm.cl\/wp-content\/uploads\/2024\/03\/paig-3-1_optimized-1_optimized-1-1030x511.jpg 1030w, https:\/\/radiorevelacionfm.cl\/wp-content\/uploads\/2024\/03\/paig-3-1_optimized-1_optimized-1-768x381.jpg 768w, https:\/\/radiorevelacionfm.cl\/wp-content\/uploads\/2024\/03\/paig-3-1_optimized-1_optimized-1-705x350.jpg 705w, https:\/\/radiorevelacionfm.cl\/wp-content\/uploads\/2024\/03\/paig-3-1_optimized-1_optimized-1-450x223.jpg 450w, https:\/\/radiorevelacionfm.cl\/wp-content\/uploads\/2024\/03\/paig-3-1_optimized-1_optimized-1-600x298.jpg 600w\" sizes=\"(max-width: 1210px) 100vw, 1210px\" \/><\/div><\/div><\/div><\/div><div class=\"flex_column av_one_full  flex_column_div av-zero-column-padding first  avia-builder-el-2  el_after_av_one_full  el_before_av_one_full  column-top-margin\" style='border-radius:0px; '><section class=\"av_textblock_section \"  itemscope=\"itemscope\" itemtype=\"https:\/\/schema.org\/BlogPosting\" itemprop=\"blogPost\" ><div class='avia_textblock  '   itemprop=\"text\" ><p style=\"text-align: center;\"><strong><span style=\"font-size: 18pt;\">Servicio de Salud Ays\u00e9n dio el vamos al Programa de Acompa\u00f1amiento a la Identidad de G\u00e9nero (PAIG)<\/span><\/strong><\/p>\n<div id=\"gtx-trans\" style=\"position: absolute; left: -50px; top: 4.31534px;\">\n<div class=\"gtx-trans-icon\"><\/div>\n<\/div>\n<\/div><\/section><\/div><div class=\"flex_column av_one_full  flex_column_div av-zero-column-padding first  avia-builder-el-4  el_after_av_one_full  el_before_av_hr  column-top-margin\" style='border-radius:0px; '><section class=\"av_textblock_section \"  itemscope=\"itemscope\" itemtype=\"https:\/\/schema.org\/BlogPosting\" itemprop=\"blogPost\" ><div class='avia_textblock  '   itemprop=\"text\" ><p style=\"text-align: justify;\">El Programa de Acompa\u00f1amiento a la Identidad de G\u00e9nero (PAIG) \u201cCrece con Orgullo\u201d, desarrollado por el Ministerio de Desarrollo Social y el Ministerio de Salud, tuvo su lanzamiento oficial con la participaci\u00f3n de autoridades del sector salud y de la red intersectorial de servicios p\u00fablicos.<\/p>\n<p style=\"text-align: justify;\">El programa tiene como foco acompa\u00f1ar y garantizar derechos en materia de identidad de g\u00e9nero a ni\u00f1as, ni\u00f1os y adolescentes entre 3 y 17 a\u00f1os, y ser\u00e1 implementado por la dupla psicosocial del PAIG del Hospital Regional Coyhaique (HRC), con apoyo del Servicio de Salud Ays\u00e9n.<\/p>\n<p style=\"text-align: justify;\">Paulina Monsalve, de la Corporaci\u00f3n Transformando, valor\u00f3 la retroalimentaci\u00f3n con el equipo del HRC para fortalecer las prestaciones y la ejecuci\u00f3n del programa \u201ces una tremenda noticia. Justamente nuestras hijas, hijos, hijes son los beneficiarios. La dupla ya se ha contactado con nosotros desde el a\u00f1o pasado para que ellas, en conjunto con nosotros, fueron viendo las necesidades que tienen nuestros hijes para que la implementaci\u00f3n de este programa sea acorde a lo que necesitan. Es una tremenda noticia y muy buena para nosotros\u201d.<\/p>\n<p style=\"text-align: justify;\">Israel Cort\u00e9s, presidente de la ONG Diversa Patagonia, destac\u00f3 la ejecuci\u00f3n de la iniciativa que ser\u00e1 un espacio seguro y de respeto \u201cque viene a complementar ese vac\u00edo legal de ni\u00f1as, ni\u00f1os y ni\u00f1es trans menores de 14 a\u00f1os. Creemos que es una entrega de herramientas necesarias para poder tener y complementar los derechos de todas las personas de nuestra comunidad, sobre todo en las personas trans. As\u00ed que es un hito hist\u00f3rico\u201d.<\/p>\n<p style=\"text-align: justify;\">Por su parte, Karina Acevedo, seremi de Desarrollo Social y Familia, destac\u00f3 que este programa \u201cviene a dar respuesta a una brecha que ten\u00edamos en la detecci\u00f3n y apoyo a ni\u00f1os de entre 3 a 17 a\u00f1os donde podemos dar un acompa\u00f1amiento en materia de salud, familiar y escolar. Es un programa que va dar respuesta a lo que hoy d\u00eda necesitamos, poder comunicarnos con los chicos, con la familia, con el entorno, para que tengan un crecimiento con derechos, en igualdad de condiciones.\u201d<\/p>\n<p style=\"text-align: justify;\">En tanto, Andrea M\u00e9ndez, seremi de la Mujer y la Equidad de G\u00e9nero, respecto del trabajo intersectorial, expres\u00f3 que \u201ca nivel regional y nacional levantamos mesas intergubernamentales asociadas a las diversidades sexo gen\u00e9ricas. Una de las demandas m\u00e1s sentidas a nivel regional era justamente la falta de prestaciones enfocadas en esta poblaci\u00f3n, por lo tanto, lo consideramos como un hito hist\u00f3rico pues viene a responder a aquella demanda y al mismo tiempo creemos que estamos haciendo un avance significativo en promover los derechos de las poblaciones sexo divergentes de nuestra poblaci\u00f3n\u201d.<\/p>\n<p style=\"text-align: justify;\"><strong>\u201cQueremos llegar a todos los rincones\u201d<\/strong><\/p>\n<p style=\"text-align: justify;\">Karina Vald\u00e9s, Referente (s) de G\u00e9nero, Derechos Humanos y V\u00edctimas de Violencia Sexual del Servicio de Salud Ays\u00e9n, destac\u00f3 el alcance del programa, \u201cse espera que, dentro de este a\u00f1o, se pueda dar continuidad a este proceso en el intersector, en la red de educaci\u00f3n, de protecci\u00f3n de infancia y adolescencia y en la red completa de salud. Tenemos como principal meta, en el mediano y corto plazo llegar a los \u00faltimos rincones de la regi\u00f3n. Esperamos contar con la instancia de poder llegar a las postas de salud rural y a todos los establecimientos de Atenci\u00f3n Primaria de Salud (APS)\u201d.<\/p>\n<p style=\"text-align: justify;\">Por su parte, Daniel Aravena, director (s) del Hospital Regional Coyhaique, resalt\u00f3 la necesidad de este programa como iniciativa que permite escuchar a la comunidad usuaria en temas tan relevantes \u201csomos parte de la sociedad, de una sociedad que est\u00e1 evolucionando, que debe cambiar, que debe adaptarse, que debe aprender. Y, por ende, nosotros, que somos los encargados de representar al estado de Chile en el \u00e1rea de la salud, debemos ser capaces de estar permanentemente adapt\u00e1ndonos y aprendiendo c\u00f3mo enfrentar los nuevos desaf\u00edos para la realidad para hacer justicia y todos tengamos representaci\u00f3n y podamos apostar para la felicidad\u201d.<\/p>\n<p style=\"text-align: justify;\">Marcela Figueroa, trabajadora social del PAIG, se\u00f1al\u00f3 que el lanzamiento del programa \u201cviene a constituir un hito hist\u00f3rico en la regi\u00f3n de Ays\u00e9n. Sabemos que a nivel social y cultural es s\u00faper complejo hablar de identidad de g\u00e9nero. Por eso invitamos a todas, todos y todes a ser parte de este proceso, a participar del programa y a tomar contacto con nosotras, para juntos seguir avanzando\u201d.<\/p>\n<p style=\"text-align: justify;\"><strong>\u00bfC\u00f3mo acceder al PAIG?<\/strong><\/p>\n<p style=\"text-align: justify;\">El Programa de Apoyo a la Identidad de G\u00e9nero (PAIG) permite atender a personas entre 3 y 17 a\u00f1os, que refieran o expresen tener una identidad que no coincide con el g\u00e9nero asignado al nacer.<\/p>\n<p style=\"text-align: justify;\">Respecto de c\u00f3mo es el ingreso para la acogida, contenci\u00f3n y orientaci\u00f3n de la persona y su familia en el proceso de acompa\u00f1amiento, Marcela Figueroa, indic\u00f3 que \u201ctrabajar\u00e1 en el \u00e1mbito individual, familiar y educacional. La v\u00eda de ingreso ser\u00e1 mediante derivaci\u00f3n asistida, sea desde el \u00e1mbito de salud como del intersector mediante el correo electr\u00f3nico crececonorgullo@saludaysen.cl\u201d.<\/p>\n<\/div><\/section><\/div><div  style='height:50px' class='hr hr-invisible   avia-builder-el-6  el_after_av_one_full  el_before_av_social_share '><span class='hr-inner ' ><span class='hr-inner-style'><\/span><\/span><\/div><\/p>\n<div  class='av-social-sharing-box  avia-builder-el-7  el_after_av_hr  el_before_av_hr  '><div class='av-share-box'><h5 class='av-share-link-description av-no-toc '>Compartir esta noticia<\/h5><ul class='av-share-box-list noLightbox'><li class='av-share-link av-social-link-facebook' ><a target=\"_blank\" aria-label=\"Compartir en Facebook\" href='https:\/\/www.facebook.com\/sharer.php?u=https:\/\/radiorevelacionfm.cl\/?p=40599&#038;t=Servicio%20de%20Salud%20Ays%C3%A9n%20dio%20el%20vamos%20al%20Programa%20de%20Acompa%C3%B1amiento%20a%20la%20Identidad%20de%20G%C3%A9nero%20%28PAIG%29' aria-hidden='false' data-av_icon='\ue8f3' data-av_iconfont='entypo-fontello' title='' data-avia-related-tooltip='Compartir en Facebook' rel=\"noopener\"><span class='avia_hidden_link_text'>Compartir en Facebook<\/span><\/a><\/li><li class='av-share-link av-social-link-twitter' ><a target=\"_blank\" aria-label=\"Compartir en Twitter\" href='https:\/\/twitter.com\/share?text=Servicio%20de%20Salud%20Ays%C3%A9n%20dio%20el%20vamos%20al%20Programa%20de%20Acompa%C3%B1amiento%20a%20la%20Identidad%20de%20G%C3%A9nero%20%28PAIG%29&#038;url=https:\/\/radiorevelacionfm.cl\/?p=40599' aria-hidden='false' data-av_icon='\ue8f1' data-av_iconfont='entypo-fontello' title='' data-avia-related-tooltip='Compartir en Twitter' rel=\"noopener\"><span class='avia_hidden_link_text'>Compartir en Twitter<\/span><\/a><\/li><li class='av-share-link av-social-link-whatsapp' ><a target=\"_blank\" aria-label=\"Compartir en Whatsapp\" href='https:\/\/api.whatsapp.com\/send?text=https:\/\/radiorevelacionfm.cl\/?p=40599' aria-hidden='false' data-av_icon='\uf232' data-av_iconfont='entypo-fontello' title='' data-avia-related-tooltip='Compartir en Whatsapp' rel=\"noopener\"><span class='avia_hidden_link_text'>Compartir en Whatsapp<\/span><\/a><\/li><li class='av-share-link av-social-link-linkedin' ><a target=\"_blank\" aria-label=\"Compartir en LinkedIn\" href='https:\/\/linkedin.com\/shareArticle?mini=true&#038;title=Servicio%20de%20Salud%20Ays%C3%A9n%20dio%20el%20vamos%20al%20Programa%20de%20Acompa%C3%B1amiento%20a%20la%20Identidad%20de%20G%C3%A9nero%20%28PAIG%29&#038;url=https:\/\/radiorevelacionfm.cl\/?p=40599' aria-hidden='false' data-av_icon='\ue8fc' data-av_iconfont='entypo-fontello' title='' data-avia-related-tooltip='Compartir en LinkedIn' rel=\"noopener\"><span class='avia_hidden_link_text'>Compartir en LinkedIn<\/span><\/a><\/li><li class='av-share-link av-social-link-mail' ><a  aria-label=\"Compartir por correo\" href='mailto:?subject=Servicio%20de%20Salud%20Ays%C3%A9n%20dio%20el%20vamos%20al%20Programa%20de%20Acompa%C3%B1amiento%20a%20la%20Identidad%20de%20G%C3%A9nero%20%28PAIG%29&#038;body=https:\/\/radiorevelacionfm.cl\/?p=40599' aria-hidden='false' data-av_icon='\ue805' data-av_iconfont='entypo-fontello' title='' data-avia-related-tooltip='Compartir por correo'><span class='avia_hidden_link_text'>Compartir por correo<\/span><\/a><\/li><\/ul><\/div><\/div>\n<div  style='height:50px' class='hr hr-invisible   avia-builder-el-8  el_after_av_social_share  el_before_av_comments_list '><span class='hr-inner ' ><span class='hr-inner-style'><\/span><\/span><\/div>\n<div  class='av-buildercomment  av-blog-meta-html-info-disabled av-blog-meta-tag-disabled  '><\/div>\n","protected":false},"excerpt":{"rendered":"","protected":false},"author":1,"featured_media":40600,"comment_status":"open","ping_status":"open","sticky":false,"template":"","format":"standard","meta":{"footnotes":""},"categories":[46],"tags":[],"class_list":["post-40599","post","type-post","status-publish","format-standard","has-post-thumbnail","hentry","category-salud"],"jetpack_featured_media_url":"https:\/\/radiorevelacionfm.cl\/wp-content\/uploads\/2024\/03\/paig-3-1_optimized-1_optimized-1.jpg","_links":{"self":[{"href":"https:\/\/radiorevelacionfm.cl\/index.php?rest_route=\/wp\/v2\/posts\/40599","targetHints":{"allow":["GET"]}}],"collection":[{"href":"https:\/\/radiorevelacionfm.cl\/index.php?rest_route=\/wp\/v2\/posts"}],"about":[{"href":"https:\/\/radiorevelacionfm.cl\/index.php?rest_route=\/wp\/v2\/types\/post"}],"author":[{"embeddable":true,"href":"https:\/\/radiorevelacionfm.cl\/index.php?rest_route=\/wp\/v2\/users\/1"}],"replies":[{"embeddable":true,"href":"https:\/\/radiorevelacionfm.cl\/index.php?rest_route=%2Fwp%2Fv2%2Fcomments&post=40599"}],"version-history":[{"count":1,"href":"https:\/\/radiorevelacionfm.cl\/index.php?rest_route=\/wp\/v2\/posts\/40599\/revisions"}],"predecessor-version":[{"id":40601,"href":"https:\/\/radiorevelacionfm.cl\/index.php?rest_route=\/wp\/v2\/posts\/40599\/revisions\/40601"}],"wp:featuredmedia":[{"embeddable":true,"href":"https:\/\/radiorevelacionfm.cl\/index.php?rest_route=\/wp\/v2\/media\/40600"}],"wp:attachment":[{"href":"https:\/\/radiorevelacionfm.cl\/index.php?rest_route=%2Fwp%2Fv2%2Fmedia&parent=40599"}],"wp:term":[{"taxonomy":"category","embeddable":true,"href":"https:\/\/radiorevelacionfm.cl\/index.php?rest_route=%2Fwp%2Fv2%2Fcategories&post=40599"},{"taxonomy":"post_tag","embeddable":true,"href":"https:\/\/radiorevelacionfm.cl\/index.php?rest_route=%2Fwp%2Fv2%2Ftags&post=40599"}],"curies":[{"name":"wp","href":"https:\/\/api.w.org\/{rel}","templated":true}]}}