{"id":40592,"date":"2024-03-25T09:26:04","date_gmt":"2024-03-25T12:26:04","guid":{"rendered":"https:\/\/radiorevelacionfm.cl\/?p=40592"},"modified":"2024-03-25T09:26:04","modified_gmt":"2024-03-25T12:26:04","slug":"organismos-fiscalizadores-llaman-al-consumo-seguro-de-pescados-y-mariscos-en-semana-santa","status":"publish","type":"post","link":"https:\/\/radiorevelacionfm.cl\/?p=40592","title":{"rendered":"Organismos fiscalizadores llaman al consumo seguro de pescados y mariscos en Semana Santa"},"content":{"rendered":"<div class=\"flex_column av_one_full  flex_column_div av-zero-column-padding first  avia-builder-el-0  el_before_av_one_full  avia-builder-el-first  \" style='border-radius:0px; '><div  class='avia-image-container  av-styling-    avia-builder-el-1  avia-builder-el-no-sibling  avia-align-center '  itemprop=\"image\" itemscope=\"itemscope\" itemtype=\"https:\/\/schema.org\/ImageObject\"  ><div class='avia-image-container-inner'><div class='avia-image-overlay-wrap'><img decoding=\"async\" class='wp-image-40593 avia-img-lazy-loading-not-40593 avia_image' src=\"https:\/\/radiorevelacionfm.cl\/wp-content\/uploads\/2024\/03\/actividad-semanasanta-caletaportales4-1_optimized.jpg\" alt='' title='actividad-semanasanta-caletaportales4-(1)_optimized' height=\"600\" width=\"800\"  itemprop=\"thumbnailUrl\" srcset=\"https:\/\/radiorevelacionfm.cl\/wp-content\/uploads\/2024\/03\/actividad-semanasanta-caletaportales4-1_optimized.jpg 800w, https:\/\/radiorevelacionfm.cl\/wp-content\/uploads\/2024\/03\/actividad-semanasanta-caletaportales4-1_optimized-300x225.jpg 300w, https:\/\/radiorevelacionfm.cl\/wp-content\/uploads\/2024\/03\/actividad-semanasanta-caletaportales4-1_optimized-768x576.jpg 768w, https:\/\/radiorevelacionfm.cl\/wp-content\/uploads\/2024\/03\/actividad-semanasanta-caletaportales4-1_optimized-705x529.jpg 705w, https:\/\/radiorevelacionfm.cl\/wp-content\/uploads\/2024\/03\/actividad-semanasanta-caletaportales4-1_optimized-450x338.jpg 450w, https:\/\/radiorevelacionfm.cl\/wp-content\/uploads\/2024\/03\/actividad-semanasanta-caletaportales4-1_optimized-600x450.jpg 600w\" sizes=\"(max-width: 800px) 100vw, 800px\" \/><\/div><\/div><\/div><\/div><div class=\"flex_column av_one_full  flex_column_div av-zero-column-padding first  avia-builder-el-2  el_after_av_one_full  el_before_av_one_full  column-top-margin\" style='border-radius:0px; '><section class=\"av_textblock_section \"  itemscope=\"itemscope\" itemtype=\"https:\/\/schema.org\/BlogPosting\" itemprop=\"blogPost\" ><div class='avia_textblock  '   itemprop=\"text\" ><p dir=\"ltr\" style=\"text-align: center;\"><strong><span style=\"font-size: 18pt;\">Organismos fiscalizadores llaman al consumo seguro de pescados y mariscos en Semana Santa<\/span><\/strong><\/p>\n<div id=\"gtx-trans\" style=\"position: absolute; left: -50px; top: 4.31534px;\">\n<div class=\"gtx-trans-icon\"><\/div>\n<\/div>\n<\/div><\/section><\/div><div class=\"flex_column av_one_full  flex_column_div av-zero-column-padding first  avia-builder-el-4  el_after_av_one_full  el_before_av_hr  column-top-margin\" style='border-radius:0px; '><section class=\"av_textblock_section \"  itemscope=\"itemscope\" itemtype=\"https:\/\/schema.org\/BlogPosting\" itemprop=\"blogPost\" ><div class='avia_textblock  '   itemprop=\"text\" ><p dir=\"ltr\" style=\"text-align: justify;\">La Caleta Portales de Valpara\u00edso fue el lugar elegido para esta actividad, en su calidad de centro neur\u00e1lgico de distribuci\u00f3n y comercializaci\u00f3n de productos del mar. All\u00ed los funcionarios de Sernapesca, Subpesca, Aduana, Impuestos Internos, Armada, Carabineros, Turismo, adem\u00e1s del seremi de econom\u00eda de la regi\u00f3n, realizaron la visita inspectiva de las pescader\u00edas y difusi\u00f3n de la Campa\u00f1a \u201cPesca Segura y Consumo Responsable\u201d.<\/p>\n<p dir=\"ltr\" style=\"text-align: justify;\">En la actividad tambi\u00e9n se entregaron las cifras de fiscalizaci\u00f3n de la Semana Santa. \u201cEn lo que va de campa\u00f1a de este 2024, desde el 11 de marzo se han realizado 98 fiscalizaciones, de las cuales 42 fueron operativos conjuntos interinstitucionales, control\u00e1ndose a 548 agentes y 174 veh\u00edculos. Hasta la fecha se han controlado 380,06 toneladas de pesca legal, incaut\u00e1ndose 9,74 toneladas de recursos de operaciones ilegales y 2 veh\u00edculos infractores\u201d, destac\u00f3 la Directora Nacional de Sernapesca, Soledad Tapia.<\/p>\n<p dir=\"ltr\" style=\"text-align: justify;\">\u201cEso nos habla del flujo de la comercializaci\u00f3n y de la importancia de la pesca en nuestro pa\u00eds. Los pescadores y pescadoras artesanales, los puestos de venta deben estar atentos, porque el consumo en Chile todav\u00eda est\u00e1 en los 15 kilos por persona, lo que es muy bajo si lo comparamos al promedio a nivel mundial, que es de 20 kilos\u201d, indic\u00f3 Soledad Tapia.<\/p>\n<p dir=\"ltr\" style=\"text-align: justify;\">Por ello, agreg\u00f3, \u201cla invitaci\u00f3n es que a consuman pescados y mariscos durante Semana Santa, como en la previa y tambi\u00e9n despu\u00e9s (&#8230;) que prefieran locales autorizados, que se fijen en la parte sanitaria y cuando van a locales autorizados fomentan la pesca artesanal, ayudan a los pescadores y pescadoras, como tambi\u00e9n a las mujeres y hombres que realizan actividades conexas que apoyan a la pesca artesanal\u201d.<\/p>\n<p dir=\"ltr\" style=\"text-align: justify;\">Pedro Tognio, presidente del Sindicato de Pescadores de Caleta Portales, expres\u00f3 su preocupaci\u00f3n por la presencia de la pesca ilegal y valor\u00f3 el trabajo fiscalizador de Sernapesca. \u201cNos preocupa la pesca ilegal que est\u00e1 llegando, ahora hay mucha fiscalizaci\u00f3n y es muy bueno que as\u00ed sea. Los precios de los mariscos est\u00e1n normales, inclusive la reineta est\u00e1 m\u00e1s barata (&#8230;) ojal\u00e1 se mantengan para la Semana Santa, para que la gente consuma pescados y mariscos. No solo es consumir sano, sino que es seguro, en Caleta Portales es lo m\u00e1s sano y seguro que hay porque todo es fresco\u201d. finaliz\u00f3 el dirigente.<\/p>\n<p dir=\"ltr\" style=\"text-align: justify;\">En tanto la subsecretaria de turismo, Ver\u00f3nica Pardo, se\u00f1al\u00f3 que la Regi\u00f3n de Valpara\u00edso es uno de los destinos principales. \u201cHay mucho desplazamiento que se realiza principalmente de la regi\u00f3n Metropolitana hacia ac\u00e1, tambi\u00e9n a Maule y \u00d1uble. Se proyectan m\u00e1s de un mill\u00f3n de viajes esta pr\u00f3xima semana, y la invitaci\u00f3n es a visitar la costa, consumir productos responsablemente, tenemos ferias gastron\u00f3micas, toda la informaci\u00f3n est\u00e1 en la p\u00e1gina\u00a0<a href=\"http:\/\/chileestuyo.cl\/\" target=\"_blank\" rel=\"noopener\" data-saferedirecturl=\"https:\/\/www.google.com\/url?q=http:\/\/chileestuyo.cl&amp;source=gmail&amp;ust=1711127119036000&amp;usg=AOvVaw3iF_6qR9KMrwVQVFIvmyCV\">chileestuyo.cl<\/a>\u201d, sostuvo.<\/p>\n<\/div><\/section><\/div><div  style='height:50px' class='hr hr-invisible   avia-builder-el-6  el_after_av_one_full  el_before_av_social_share '><span class='hr-inner ' ><span class='hr-inner-style'><\/span><\/span><\/div><\/p>\n<div  class='av-social-sharing-box  avia-builder-el-7  el_after_av_hr  el_before_av_hr  '><div class='av-share-box'><h5 class='av-share-link-description av-no-toc '>Compartir esta noticia<\/h5><ul class='av-share-box-list noLightbox'><li class='av-share-link av-social-link-facebook' ><a target=\"_blank\" aria-label=\"Compartir en Facebook\" href='https:\/\/www.facebook.com\/sharer.php?u=https:\/\/radiorevelacionfm.cl\/?p=40592&#038;t=Organismos%20fiscalizadores%20llaman%20al%20consumo%20seguro%20de%20pescados%20y%20mariscos%20en%20Semana%20Santa' aria-hidden='false' data-av_icon='\ue8f3' data-av_iconfont='entypo-fontello' title='' data-avia-related-tooltip='Compartir en Facebook' rel=\"noopener\"><span class='avia_hidden_link_text'>Compartir en Facebook<\/span><\/a><\/li><li class='av-share-link av-social-link-twitter' ><a target=\"_blank\" aria-label=\"Compartir en Twitter\" href='https:\/\/twitter.com\/share?text=Organismos%20fiscalizadores%20llaman%20al%20consumo%20seguro%20de%20pescados%20y%20mariscos%20en%20Semana%20Santa&#038;url=https:\/\/radiorevelacionfm.cl\/?p=40592' aria-hidden='false' data-av_icon='\ue8f1' data-av_iconfont='entypo-fontello' title='' data-avia-related-tooltip='Compartir en Twitter' rel=\"noopener\"><span class='avia_hidden_link_text'>Compartir en Twitter<\/span><\/a><\/li><li class='av-share-link av-social-link-whatsapp' ><a target=\"_blank\" aria-label=\"Compartir en Whatsapp\" href='https:\/\/api.whatsapp.com\/send?text=https:\/\/radiorevelacionfm.cl\/?p=40592' aria-hidden='false' data-av_icon='\uf232' data-av_iconfont='entypo-fontello' title='' data-avia-related-tooltip='Compartir en Whatsapp' rel=\"noopener\"><span class='avia_hidden_link_text'>Compartir en Whatsapp<\/span><\/a><\/li><li class='av-share-link av-social-link-linkedin' ><a target=\"_blank\" aria-label=\"Compartir en LinkedIn\" href='https:\/\/linkedin.com\/shareArticle?mini=true&#038;title=Organismos%20fiscalizadores%20llaman%20al%20consumo%20seguro%20de%20pescados%20y%20mariscos%20en%20Semana%20Santa&#038;url=https:\/\/radiorevelacionfm.cl\/?p=40592' aria-hidden='false' data-av_icon='\ue8fc' data-av_iconfont='entypo-fontello' title='' data-avia-related-tooltip='Compartir en LinkedIn' rel=\"noopener\"><span class='avia_hidden_link_text'>Compartir en LinkedIn<\/span><\/a><\/li><li class='av-share-link av-social-link-mail' ><a  aria-label=\"Compartir por correo\" href='mailto:?subject=Organismos%20fiscalizadores%20llaman%20al%20consumo%20seguro%20de%20pescados%20y%20mariscos%20en%20Semana%20Santa&#038;body=https:\/\/radiorevelacionfm.cl\/?p=40592' aria-hidden='false' data-av_icon='\ue805' data-av_iconfont='entypo-fontello' title='' data-avia-related-tooltip='Compartir por correo'><span class='avia_hidden_link_text'>Compartir por correo<\/span><\/a><\/li><\/ul><\/div><\/div>\n<div  style='height:50px' class='hr hr-invisible   avia-builder-el-8  el_after_av_social_share  el_before_av_comments_list '><span class='hr-inner ' ><span class='hr-inner-style'><\/span><\/span><\/div>\n<div  class='av-buildercomment  av-blog-meta-html-info-disabled av-blog-meta-tag-disabled  '><\/div>\n","protected":false},"excerpt":{"rendered":"","protected":false},"author":1,"featured_media":40593,"comment_status":"open","ping_status":"open","sticky":false,"template":"","format":"standard","meta":{"footnotes":""},"categories":[61],"tags":[],"class_list":["post-40592","post","type-post","status-publish","format-standard","has-post-thumbnail","hentry","category-nacional"],"jetpack_featured_media_url":"https:\/\/radiorevelacionfm.cl\/wp-content\/uploads\/2024\/03\/actividad-semanasanta-caletaportales4-1_optimized.jpg","_links":{"self":[{"href":"https:\/\/radiorevelacionfm.cl\/index.php?rest_route=\/wp\/v2\/posts\/40592","targetHints":{"allow":["GET"]}}],"collection":[{"href":"https:\/\/radiorevelacionfm.cl\/index.php?rest_route=\/wp\/v2\/posts"}],"about":[{"href":"https:\/\/radiorevelacionfm.cl\/index.php?rest_route=\/wp\/v2\/types\/post"}],"author":[{"embeddable":true,"href":"https:\/\/radiorevelacionfm.cl\/index.php?rest_route=\/wp\/v2\/users\/1"}],"replies":[{"embeddable":true,"href":"https:\/\/radiorevelacionfm.cl\/index.php?rest_route=%2Fwp%2Fv2%2Fcomments&post=40592"}],"version-history":[{"count":1,"href":"https:\/\/radiorevelacionfm.cl\/index.php?rest_route=\/wp\/v2\/posts\/40592\/revisions"}],"predecessor-version":[{"id":40594,"href":"https:\/\/radiorevelacionfm.cl\/index.php?rest_route=\/wp\/v2\/posts\/40592\/revisions\/40594"}],"wp:featuredmedia":[{"embeddable":true,"href":"https:\/\/radiorevelacionfm.cl\/index.php?rest_route=\/wp\/v2\/media\/40593"}],"wp:attachment":[{"href":"https:\/\/radiorevelacionfm.cl\/index.php?rest_route=%2Fwp%2Fv2%2Fmedia&parent=40592"}],"wp:term":[{"taxonomy":"category","embeddable":true,"href":"https:\/\/radiorevelacionfm.cl\/index.php?rest_route=%2Fwp%2Fv2%2Fcategories&post=40592"},{"taxonomy":"post_tag","embeddable":true,"href":"https:\/\/radiorevelacionfm.cl\/index.php?rest_route=%2Fwp%2Fv2%2Ftags&post=40592"}],"curies":[{"name":"wp","href":"https:\/\/api.w.org\/{rel}","templated":true}]}}