{"id":40589,"date":"2024-03-21T16:00:44","date_gmt":"2024-03-21T19:00:44","guid":{"rendered":"https:\/\/radiorevelacionfm.cl\/?p=40589"},"modified":"2024-03-21T16:00:44","modified_gmt":"2024-03-21T19:00:44","slug":"calisto-pide-a-ministra-de-desarrollo-social-agilizar-tramitacion-de-comites-de-agua-potable-rural","status":"publish","type":"post","link":"https:\/\/radiorevelacionfm.cl\/?p=40589","title":{"rendered":"Calisto pide a Ministra de Desarrollo Social agilizar tramitaci\u00f3n de comit\u00e9s de Agua Potable Rural"},"content":{"rendered":"<div class=\"flex_column av_one_full  flex_column_div av-zero-column-padding first  avia-builder-el-0  el_before_av_one_full  avia-builder-el-first  \" style='border-radius:0px; '><div  class='avia-image-container  av-styling-    avia-builder-el-1  avia-builder-el-no-sibling  avia-align-center '  itemprop=\"image\" itemscope=\"itemscope\" itemtype=\"https:\/\/schema.org\/ImageObject\"  ><div class='avia-image-container-inner'><div class='avia-image-overlay-wrap'><img decoding=\"async\" class='wp-image-40590 avia-img-lazy-loading-not-40590 avia_image' src=\"https:\/\/radiorevelacionfm.cl\/wp-content\/uploads\/2024\/03\/foto-reu-ministra-medeso-1-1.jpg\" alt='' title='foto reu ministra medeso (1) (1)' height=\"600\" width=\"800\"  itemprop=\"thumbnailUrl\" srcset=\"https:\/\/radiorevelacionfm.cl\/wp-content\/uploads\/2024\/03\/foto-reu-ministra-medeso-1-1.jpg 800w, https:\/\/radiorevelacionfm.cl\/wp-content\/uploads\/2024\/03\/foto-reu-ministra-medeso-1-1-300x225.jpg 300w, https:\/\/radiorevelacionfm.cl\/wp-content\/uploads\/2024\/03\/foto-reu-ministra-medeso-1-1-768x576.jpg 768w, https:\/\/radiorevelacionfm.cl\/wp-content\/uploads\/2024\/03\/foto-reu-ministra-medeso-1-1-705x529.jpg 705w, https:\/\/radiorevelacionfm.cl\/wp-content\/uploads\/2024\/03\/foto-reu-ministra-medeso-1-1-450x338.jpg 450w, https:\/\/radiorevelacionfm.cl\/wp-content\/uploads\/2024\/03\/foto-reu-ministra-medeso-1-1-600x450.jpg 600w\" sizes=\"(max-width: 800px) 100vw, 800px\" \/><\/div><\/div><\/div><\/div><div class=\"flex_column av_one_full  flex_column_div av-zero-column-padding first  avia-builder-el-2  el_after_av_one_full  el_before_av_one_full  column-top-margin\" style='border-radius:0px; '><section class=\"av_textblock_section \"  itemscope=\"itemscope\" itemtype=\"https:\/\/schema.org\/BlogPosting\" itemprop=\"blogPost\" ><div class='avia_textblock  '   itemprop=\"text\" ><p style=\"text-align: center;\"><strong><span style=\"font-size: 18pt;\">Calisto pide a Ministra de Desarrollo Social agilizar tramitaci\u00f3n de comit\u00e9s de Agua Potable Rural<\/span><\/strong><\/p>\n<div id=\"gtx-trans\" style=\"position: absolute; left: -50px; top: 4.31534px;\">\n<div class=\"gtx-trans-icon\"><\/div>\n<\/div>\n<\/div><\/section><\/div><div class=\"flex_column av_one_full  flex_column_div av-zero-column-padding first  avia-builder-el-4  el_after_av_one_full  el_before_av_hr  column-top-margin\" style='border-radius:0px; '><section class=\"av_textblock_section \"  itemscope=\"itemscope\" itemtype=\"https:\/\/schema.org\/BlogPosting\" itemprop=\"blogPost\" ><div class='avia_textblock  '   itemprop=\"text\" ><p style=\"font-weight: 400; text-align: justify;\"><em>El legislador coordin\u00f3 una reuni\u00f3n de la titular de la cartera con cuatro comit\u00e9s APR, donde tambi\u00e9n particip\u00f3 el Consejero Regional Felipe Klein.<\/em><\/p>\n<p style=\"font-weight: 400; text-align: justify;\">El diputado Miguel \u00c1ngel Calisto, el Consejero Felipe Klein y socios de cuatro comit\u00e9s de Agua Potable Rural de la regi\u00f3n se reunieron con la Ministra de Desarrollo Social, Javiera Toro, instancia donde le plantearon la urgente necesidad de destrabar las observaciones de estos proyectos que se encuentran actualmente siendo revisadas por el ministerio a nivel central.<\/p>\n<p style=\"font-weight: 400; text-align: justify;\">Seg\u00fan el diputado Calisto, \u201csostuvimos una importante reuni\u00f3n con la Ministra de Desarrollo Social, por la problem\u00e1tica y preocupaci\u00f3n que afecta todos los comit\u00e9s de APR en nuestra regi\u00f3n, principalmente cuatro que est\u00e1n bastante avanzados, Las Bandurrias, R\u00edo los Palos, Lago Pollux y Las Chacras de Cochrane\u201d.<\/p>\n<p style=\"font-weight: 400; text-align: justify;\">\u201cEs importante que puedan subsanarse pronto las observaciones y pueda salir pronto el RS, que es la calificaci\u00f3n t\u00e9cnica que necesitan los proyectos para que puedan acceder a los financiamientos. Por eso le pedimos a la Ministra que esto se agilice y se puedan sacar a delante estas observaciones\u201d, indic\u00f3 el diputado.<\/p>\n<p style=\"font-weight: 400; text-align: justify;\">Por su parte, el Consejero Regional Felipe Klein, se\u00f1al\u00f3 que \u201cson cuatro APR que \u00faltimamente no han tenido avance, y se han estado tirando l pelota entre la Direcci\u00f3n de Obras Hidr\u00e1ulicas del MOP y el Ministerio de Desarrollo Social. Haremos todas las gestiones para que se agilice. Hay algunos APR que llevan a\u00f1os esperando, que han entrado ocho veces al MIDESO sin lograr avances significativos, y eso no puede ser\u201d.<\/p>\n<p style=\"font-weight: 400; text-align: justify;\">El domingo pasado, el diputado Calisto y el Core Klein participaron en una reuni\u00f3n con los socios del comit\u00e9 Las Bandurrias. En esa instancia, los dirigentes manifestaron la necesidad de poder avanzar en la tramitaci\u00f3n de las observaciones.<\/p>\n<p style=\"font-weight: 400; text-align: justify;\">Seg\u00fan Alejandra Cofr\u00e9, Presidenta del comit\u00e9 APR Tejas Verdes, \u201cen la reuni\u00f3n que sostuvimos pudimos hacer visible nuestra problem\u00e1tica con la comunidad, que involucra a 1200 personas. Representamos a 10 kil\u00f3metros, entre El Verd\u00edn y el Puente Tejas Verdes. Le dimos incapie a nuestras reiteradas observaciones t\u00e9cnicas que ha hecho el Ministerio de Desarrollo Social, quienes no participaron en la reuni\u00f3n que sostuvimos\u201d.<\/p>\n<p style=\"font-weight: 400; text-align: justify;\">Finalmente, Fredy Bahamondes, miembro de la directiva del comit\u00e9, \u201cnuestro proyecto ya no est\u00e1 en Coyhaique, sino que lo est\u00e1 evaluando MIDESO en Santiago. Esperamos que tengamos un menor n\u00famero de observaciones. Estamos avanzando, est\u00e1n comprometidos los fondos, as\u00ed que a lo menos necesitamos contar con la RS del Ministerio y pasar al siguiente nivel\u201d.<\/p>\n<\/div><\/section><\/div><div  style='height:50px' class='hr hr-invisible   avia-builder-el-6  el_after_av_one_full  el_before_av_social_share '><span class='hr-inner ' ><span class='hr-inner-style'><\/span><\/span><\/div><\/p>\n<div  class='av-social-sharing-box  avia-builder-el-7  el_after_av_hr  el_before_av_hr  '><div class='av-share-box'><h5 class='av-share-link-description av-no-toc '>Compartir esta noticia<\/h5><ul class='av-share-box-list noLightbox'><li class='av-share-link av-social-link-facebook' ><a target=\"_blank\" aria-label=\"Compartir en Facebook\" href='https:\/\/www.facebook.com\/sharer.php?u=https:\/\/radiorevelacionfm.cl\/?p=40589&#038;t=Calisto%20pide%20a%20Ministra%20de%20Desarrollo%20Social%20agilizar%20tramitaci%C3%B3n%20de%20comit%C3%A9s%20de%20Agua%20Potable%20Rural' aria-hidden='false' data-av_icon='\ue8f3' data-av_iconfont='entypo-fontello' title='' data-avia-related-tooltip='Compartir en Facebook' rel=\"noopener\"><span class='avia_hidden_link_text'>Compartir en Facebook<\/span><\/a><\/li><li class='av-share-link av-social-link-twitter' ><a target=\"_blank\" aria-label=\"Compartir en Twitter\" href='https:\/\/twitter.com\/share?text=Calisto%20pide%20a%20Ministra%20de%20Desarrollo%20Social%20agilizar%20tramitaci%C3%B3n%20de%20comit%C3%A9s%20de%20Agua%20Potable%20Rural&#038;url=https:\/\/radiorevelacionfm.cl\/?p=40589' aria-hidden='false' data-av_icon='\ue8f1' data-av_iconfont='entypo-fontello' title='' data-avia-related-tooltip='Compartir en Twitter' rel=\"noopener\"><span class='avia_hidden_link_text'>Compartir en Twitter<\/span><\/a><\/li><li class='av-share-link av-social-link-whatsapp' ><a target=\"_blank\" aria-label=\"Compartir en Whatsapp\" href='https:\/\/api.whatsapp.com\/send?text=https:\/\/radiorevelacionfm.cl\/?p=40589' aria-hidden='false' data-av_icon='\uf232' data-av_iconfont='entypo-fontello' title='' data-avia-related-tooltip='Compartir en Whatsapp' rel=\"noopener\"><span class='avia_hidden_link_text'>Compartir en Whatsapp<\/span><\/a><\/li><li class='av-share-link av-social-link-linkedin' ><a target=\"_blank\" aria-label=\"Compartir en LinkedIn\" href='https:\/\/linkedin.com\/shareArticle?mini=true&#038;title=Calisto%20pide%20a%20Ministra%20de%20Desarrollo%20Social%20agilizar%20tramitaci%C3%B3n%20de%20comit%C3%A9s%20de%20Agua%20Potable%20Rural&#038;url=https:\/\/radiorevelacionfm.cl\/?p=40589' aria-hidden='false' data-av_icon='\ue8fc' data-av_iconfont='entypo-fontello' title='' data-avia-related-tooltip='Compartir en LinkedIn' rel=\"noopener\"><span class='avia_hidden_link_text'>Compartir en LinkedIn<\/span><\/a><\/li><li class='av-share-link av-social-link-mail' ><a  aria-label=\"Compartir por correo\" href='mailto:?subject=Calisto%20pide%20a%20Ministra%20de%20Desarrollo%20Social%20agilizar%20tramitaci%C3%B3n%20de%20comit%C3%A9s%20de%20Agua%20Potable%20Rural&#038;body=https:\/\/radiorevelacionfm.cl\/?p=40589' aria-hidden='false' data-av_icon='\ue805' data-av_iconfont='entypo-fontello' title='' data-avia-related-tooltip='Compartir por correo'><span class='avia_hidden_link_text'>Compartir por correo<\/span><\/a><\/li><\/ul><\/div><\/div>\n<div  style='height:50px' class='hr hr-invisible   avia-builder-el-8  el_after_av_social_share  el_before_av_comments_list '><span class='hr-inner ' ><span class='hr-inner-style'><\/span><\/span><\/div>\n<div  class='av-buildercomment  av-blog-meta-html-info-disabled av-blog-meta-tag-disabled  '><\/div>\n","protected":false},"excerpt":{"rendered":"","protected":false},"author":1,"featured_media":40590,"comment_status":"open","ping_status":"open","sticky":false,"template":"","format":"standard","meta":{"footnotes":""},"categories":[35],"tags":[],"class_list":["post-40589","post","type-post","status-publish","format-standard","has-post-thumbnail","hentry","category-politica"],"jetpack_featured_media_url":"https:\/\/radiorevelacionfm.cl\/wp-content\/uploads\/2024\/03\/foto-reu-ministra-medeso-1-1.jpg","_links":{"self":[{"href":"https:\/\/radiorevelacionfm.cl\/index.php?rest_route=\/wp\/v2\/posts\/40589","targetHints":{"allow":["GET"]}}],"collection":[{"href":"https:\/\/radiorevelacionfm.cl\/index.php?rest_route=\/wp\/v2\/posts"}],"about":[{"href":"https:\/\/radiorevelacionfm.cl\/index.php?rest_route=\/wp\/v2\/types\/post"}],"author":[{"embeddable":true,"href":"https:\/\/radiorevelacionfm.cl\/index.php?rest_route=\/wp\/v2\/users\/1"}],"replies":[{"embeddable":true,"href":"https:\/\/radiorevelacionfm.cl\/index.php?rest_route=%2Fwp%2Fv2%2Fcomments&post=40589"}],"version-history":[{"count":1,"href":"https:\/\/radiorevelacionfm.cl\/index.php?rest_route=\/wp\/v2\/posts\/40589\/revisions"}],"predecessor-version":[{"id":40591,"href":"https:\/\/radiorevelacionfm.cl\/index.php?rest_route=\/wp\/v2\/posts\/40589\/revisions\/40591"}],"wp:featuredmedia":[{"embeddable":true,"href":"https:\/\/radiorevelacionfm.cl\/index.php?rest_route=\/wp\/v2\/media\/40590"}],"wp:attachment":[{"href":"https:\/\/radiorevelacionfm.cl\/index.php?rest_route=%2Fwp%2Fv2%2Fmedia&parent=40589"}],"wp:term":[{"taxonomy":"category","embeddable":true,"href":"https:\/\/radiorevelacionfm.cl\/index.php?rest_route=%2Fwp%2Fv2%2Fcategories&post=40589"},{"taxonomy":"post_tag","embeddable":true,"href":"https:\/\/radiorevelacionfm.cl\/index.php?rest_route=%2Fwp%2Fv2%2Ftags&post=40589"}],"curies":[{"name":"wp","href":"https:\/\/api.w.org\/{rel}","templated":true}]}}