{"id":40586,"date":"2024-03-21T20:41:39","date_gmt":"2024-03-21T23:41:39","guid":{"rendered":"https:\/\/radiorevelacionfm.cl\/?p=40586"},"modified":"2024-03-21T20:41:39","modified_gmt":"2024-03-21T23:41:39","slug":"inician-campana-de-recoleccion-de-tapas-y-pilas-en-desuso-en-puerto-aysen","status":"publish","type":"post","link":"https:\/\/radiorevelacionfm.cl\/?p=40586","title":{"rendered":"Inician campa\u00f1a de recolecci\u00f3n de tapas y pilas en desuso en Puerto Ays\u00e9n"},"content":{"rendered":"<div class=\"flex_column av_one_full  flex_column_div av-zero-column-padding first  avia-builder-el-0  el_before_av_one_full  avia-builder-el-first  \" style='border-radius:0px; '><div  class='avia-image-container  av-styling-    avia-builder-el-1  avia-builder-el-no-sibling  avia-align-center '  itemprop=\"image\" itemscope=\"itemscope\" itemtype=\"https:\/\/schema.org\/ImageObject\"  ><div class='avia-image-container-inner'><div class='avia-image-overlay-wrap'><img decoding=\"async\" class='wp-image-40587 avia-img-lazy-loading-not-40587 avia_image' src=\"https:\/\/radiorevelacionfm.cl\/wp-content\/uploads\/2024\/03\/alianza-publico-privada-1_optimized-1.jpeg\" alt='' title='alianza-publico-privada-(1)_optimized (1)' height=\"600\" width=\"1162\"  itemprop=\"thumbnailUrl\" srcset=\"https:\/\/radiorevelacionfm.cl\/wp-content\/uploads\/2024\/03\/alianza-publico-privada-1_optimized-1.jpeg 1162w, https:\/\/radiorevelacionfm.cl\/wp-content\/uploads\/2024\/03\/alianza-publico-privada-1_optimized-1-300x155.jpeg 300w, https:\/\/radiorevelacionfm.cl\/wp-content\/uploads\/2024\/03\/alianza-publico-privada-1_optimized-1-1030x532.jpeg 1030w, https:\/\/radiorevelacionfm.cl\/wp-content\/uploads\/2024\/03\/alianza-publico-privada-1_optimized-1-768x397.jpeg 768w, https:\/\/radiorevelacionfm.cl\/wp-content\/uploads\/2024\/03\/alianza-publico-privada-1_optimized-1-705x364.jpeg 705w, https:\/\/radiorevelacionfm.cl\/wp-content\/uploads\/2024\/03\/alianza-publico-privada-1_optimized-1-450x232.jpeg 450w, https:\/\/radiorevelacionfm.cl\/wp-content\/uploads\/2024\/03\/alianza-publico-privada-1_optimized-1-600x310.jpeg 600w\" sizes=\"(max-width: 1162px) 100vw, 1162px\" \/><\/div><\/div><\/div><\/div>\n<div class=\"flex_column av_one_full  flex_column_div av-zero-column-padding first  avia-builder-el-2  el_after_av_one_full  el_before_av_one_full  column-top-margin\" style='border-radius:0px; '><section class=\"av_textblock_section \"  itemscope=\"itemscope\" itemtype=\"https:\/\/schema.org\/BlogPosting\" itemprop=\"blogPost\" ><div class='avia_textblock  '   itemprop=\"text\" ><p style=\"text-align: center;\"><strong><span style=\"font-size: 18pt;\">Inician campa\u00f1a de recolecci\u00f3n de tapas y pilas en desuso en Puerto Ays\u00e9n<\/span><\/strong><\/p>\n<div id=\"gtx-trans\" style=\"position: absolute; left: -50px; top: 4.31534px;\">\n<div class=\"gtx-trans-icon\"><\/div>\n<\/div>\n<\/div><\/section><\/div><div class=\"flex_column av_one_full  flex_column_div av-zero-column-padding first  avia-builder-el-4  el_after_av_one_full  el_before_av_hr  column-top-margin\" style='border-radius:0px; '><section class=\"av_textblock_section \"  itemscope=\"itemscope\" itemtype=\"https:\/\/schema.org\/BlogPosting\" itemprop=\"blogPost\" ><div class='avia_textblock  '   itemprop=\"text\" ><p style=\"text-align: justify;\">En un esfuerzo por fortalecer las acciones en el cuidado y protecci\u00f3n del medio ambiente, Edelaysen se une a alianza p\u00fablico-privada en Puerto Ays\u00e9n junto a Empresas Bahamonde, AquaChile y la Municipalidad de Ays\u00e9n. Esta iniciativa tiene como objetivo principal la recolecci\u00f3n de tapas pl\u00e1sticas y pilas en desuso, contribuyendo as\u00ed a la reducci\u00f3n de residuos y al fomento de una cultura de reciclaje en la comunidad.<\/p>\n<p style=\"text-align: justify;\">Cabe destacar que esta positiva iniciativa, representa un paso significativo con el compromiso del cuidado del medio ambiente. As\u00ed mismo la alianza permitir\u00e1 ampliar los materiales y tipos de residuos que pueden ser recibidos en los puntos de reciclaje de la comuna.<\/p>\n<p style=\"text-align: justify;\">Por parte de Empresas Bahamonde, quienes tienen la campa\u00f1a de recolecci\u00f3n de tapas indicaron que esto se desarrolla en colaboraci\u00f3n con Damas de Caf\u00e9 en la campa\u00f1a \u201cJunta tus tapitas pl\u00e1sticas\u201d, la cual consiste en acopiar tapas pl\u00e1sticas de la comuna de Ays\u00e9n, para donarlas a esta corporaci\u00f3n que se encarga de apoyar a las familias de ni\u00f1os con c\u00e1ncer.<\/p>\n<p style=\"text-align: justify;\">Uno de los aspectos destacados de esta colaboraci\u00f3n es la inclusi\u00f3n de la campa\u00f1a \u201cPatagonia Ponte las Pilas\u201d de Edelaysen, generando una sinergia entre ambas iniciativas la cual busca maximizar el impacto positivo en el medio ambiente y promover una mayor conciencia sobre la importancia del reciclaje y la adecuada disposici\u00f3n de residuos.<\/p>\n<p style=\"text-align: justify;\">Para ello, Francisco Pavez ejecutivo de Edelaysen coment\u00f3 que: \u201cEstamos contentos de ser parte de esta alianza que refleja un compromiso de instituciones p\u00fablicas y privadas con el medio ambiente de la comuna de Puerto Ays\u00e9n. Como empresa el\u00e9ctrica nos enorgullece unir fuerzas en esta iniciativa, donde creemos firmemente que al trabajar juntos podemos lograr un impacto significativo en la promoci\u00f3n de pr\u00e1cticas sostenibles. Invitamos a todos nuestros vecinos a unirse a nosotros en este esfuerzo y visitar los puntos de recogida que estar\u00e1n disponibles en toda la comuna\u201d.<\/p>\n<p style=\"text-align: justify;\">Barbara Weisser, encargada de Vinculaci\u00f3n con el Medio de Empresas Bahamonde agreg\u00f3 \u201cnos unimos a esta iniciativa, sum\u00e1ndonos a la campa\u00f1a \u201cPatagonia ponte las pilas\u201d de Edelaysen. De esta manera, nosotros como empresa y en cada uno de nuestros puntos verdes tendremos contenedores para el acopio de pilas, los cuales nos hacemos cargo de recolectar y enviar a Edelaysen. A su vez, la empresa el\u00e9ctrica va a facilitar sus oficinas para el acopio de tapas pl\u00e1sticas\u201d.<\/p>\n<p style=\"text-align: justify;\">De esta manera, gracias a la alianza p\u00fablico-privada de Edelaysen, Empresas Bahamonde, AquaChile, Municipalidad de Ays\u00e9n invitan a toda la comunidad a unirse a este noble esfuerzo y ser parte de la iniciativa visitando los puntos verdes que se han dispuesto en la comuna con la recepci\u00f3n de pilas y tapas para lograr una comuna m\u00e1s sostenible con el medio ambiente.<\/p>\n<p style=\"text-align: justify;\"><strong>\u00a0<\/strong><\/p>\n<p style=\"text-align: justify;\"><strong>\u00a0<\/strong><\/p>\n<\/div><\/section><\/div><\/p>\n<div  style='height:50px' class='hr hr-invisible   avia-builder-el-6  el_after_av_one_full  el_before_av_social_share '><span class='hr-inner ' ><span class='hr-inner-style'><\/span><\/span><\/div>\n<div  class='av-social-sharing-box  avia-builder-el-7  el_after_av_hr  el_before_av_hr  '><div class='av-share-box'><h5 class='av-share-link-description av-no-toc '>Compartir esta noticia<\/h5><ul class='av-share-box-list noLightbox'><li class='av-share-link av-social-link-facebook' ><a target=\"_blank\" aria-label=\"Compartir en Facebook\" href='https:\/\/www.facebook.com\/sharer.php?u=https:\/\/radiorevelacionfm.cl\/?p=40586&#038;t=Inician%20campa%C3%B1a%20de%20recolecci%C3%B3n%20de%20tapas%20y%20pilas%20en%20desuso%20en%20Puerto%20Ays%C3%A9n' aria-hidden='false' data-av_icon='\ue8f3' data-av_iconfont='entypo-fontello' title='' data-avia-related-tooltip='Compartir en Facebook' rel=\"noopener\"><span class='avia_hidden_link_text'>Compartir en Facebook<\/span><\/a><\/li><li class='av-share-link av-social-link-twitter' ><a target=\"_blank\" aria-label=\"Compartir en Twitter\" href='https:\/\/twitter.com\/share?text=Inician%20campa%C3%B1a%20de%20recolecci%C3%B3n%20de%20tapas%20y%20pilas%20en%20desuso%20en%20Puerto%20Ays%C3%A9n&#038;url=https:\/\/radiorevelacionfm.cl\/?p=40586' aria-hidden='false' data-av_icon='\ue8f1' data-av_iconfont='entypo-fontello' title='' data-avia-related-tooltip='Compartir en Twitter' rel=\"noopener\"><span class='avia_hidden_link_text'>Compartir en Twitter<\/span><\/a><\/li><li class='av-share-link av-social-link-whatsapp' ><a target=\"_blank\" aria-label=\"Compartir en Whatsapp\" href='https:\/\/api.whatsapp.com\/send?text=https:\/\/radiorevelacionfm.cl\/?p=40586' aria-hidden='false' data-av_icon='\uf232' data-av_iconfont='entypo-fontello' title='' data-avia-related-tooltip='Compartir en Whatsapp' rel=\"noopener\"><span class='avia_hidden_link_text'>Compartir en Whatsapp<\/span><\/a><\/li><li class='av-share-link av-social-link-linkedin' ><a target=\"_blank\" aria-label=\"Compartir en LinkedIn\" href='https:\/\/linkedin.com\/shareArticle?mini=true&#038;title=Inician%20campa%C3%B1a%20de%20recolecci%C3%B3n%20de%20tapas%20y%20pilas%20en%20desuso%20en%20Puerto%20Ays%C3%A9n&#038;url=https:\/\/radiorevelacionfm.cl\/?p=40586' aria-hidden='false' data-av_icon='\ue8fc' data-av_iconfont='entypo-fontello' title='' data-avia-related-tooltip='Compartir en LinkedIn' rel=\"noopener\"><span class='avia_hidden_link_text'>Compartir en LinkedIn<\/span><\/a><\/li><li class='av-share-link av-social-link-mail' ><a  aria-label=\"Compartir por correo\" href='mailto:?subject=Inician%20campa%C3%B1a%20de%20recolecci%C3%B3n%20de%20tapas%20y%20pilas%20en%20desuso%20en%20Puerto%20Ays%C3%A9n&#038;body=https:\/\/radiorevelacionfm.cl\/?p=40586' aria-hidden='false' data-av_icon='\ue805' data-av_iconfont='entypo-fontello' title='' data-avia-related-tooltip='Compartir por correo'><span class='avia_hidden_link_text'>Compartir por correo<\/span><\/a><\/li><\/ul><\/div><\/div>\n<div  style='height:50px' class='hr hr-invisible   avia-builder-el-8  el_after_av_social_share  el_before_av_comments_list '><span class='hr-inner ' ><span class='hr-inner-style'><\/span><\/span><\/div>\n<div  class='av-buildercomment  av-blog-meta-html-info-disabled av-blog-meta-tag-disabled  '><\/div>\n","protected":false},"excerpt":{"rendered":"","protected":false},"author":1,"featured_media":40587,"comment_status":"open","ping_status":"open","sticky":false,"template":"","format":"standard","meta":{"footnotes":""},"categories":[38],"tags":[],"class_list":["post-40586","post","type-post","status-publish","format-standard","has-post-thumbnail","hentry","category-regional"],"jetpack_featured_media_url":"https:\/\/radiorevelacionfm.cl\/wp-content\/uploads\/2024\/03\/alianza-publico-privada-1_optimized-1.jpeg","_links":{"self":[{"href":"https:\/\/radiorevelacionfm.cl\/index.php?rest_route=\/wp\/v2\/posts\/40586","targetHints":{"allow":["GET"]}}],"collection":[{"href":"https:\/\/radiorevelacionfm.cl\/index.php?rest_route=\/wp\/v2\/posts"}],"about":[{"href":"https:\/\/radiorevelacionfm.cl\/index.php?rest_route=\/wp\/v2\/types\/post"}],"author":[{"embeddable":true,"href":"https:\/\/radiorevelacionfm.cl\/index.php?rest_route=\/wp\/v2\/users\/1"}],"replies":[{"embeddable":true,"href":"https:\/\/radiorevelacionfm.cl\/index.php?rest_route=%2Fwp%2Fv2%2Fcomments&post=40586"}],"version-history":[{"count":2,"href":"https:\/\/radiorevelacionfm.cl\/index.php?rest_route=\/wp\/v2\/posts\/40586\/revisions"}],"predecessor-version":[{"id":40613,"href":"https:\/\/radiorevelacionfm.cl\/index.php?rest_route=\/wp\/v2\/posts\/40586\/revisions\/40613"}],"wp:featuredmedia":[{"embeddable":true,"href":"https:\/\/radiorevelacionfm.cl\/index.php?rest_route=\/wp\/v2\/media\/40587"}],"wp:attachment":[{"href":"https:\/\/radiorevelacionfm.cl\/index.php?rest_route=%2Fwp%2Fv2%2Fmedia&parent=40586"}],"wp:term":[{"taxonomy":"category","embeddable":true,"href":"https:\/\/radiorevelacionfm.cl\/index.php?rest_route=%2Fwp%2Fv2%2Fcategories&post=40586"},{"taxonomy":"post_tag","embeddable":true,"href":"https:\/\/radiorevelacionfm.cl\/index.php?rest_route=%2Fwp%2Fv2%2Ftags&post=40586"}],"curies":[{"name":"wp","href":"https:\/\/api.w.org\/{rel}","templated":true}]}}