{"id":40584,"date":"2024-03-22T12:38:47","date_gmt":"2024-03-22T15:38:47","guid":{"rendered":"https:\/\/radiorevelacionfm.cl\/?p=40584"},"modified":"2024-03-22T12:38:47","modified_gmt":"2024-03-22T15:38:47","slug":"seremi-navarro-destaca-aprobacion-de-proyecto-de-ley-que-crea-el-servicio-nacional-de-acceso-a-la-justicia-y-defensoria-de-las-victimas-de-delitos","status":"publish","type":"post","link":"https:\/\/radiorevelacionfm.cl\/?p=40584","title":{"rendered":"Seremi Navarro destaca aprobaci\u00f3n de proyecto de ley que crea el Servicio Nacional de Acceso a la Justicia y Defensor\u00eda de las V\u00edctimas de Delitos"},"content":{"rendered":"<div class=\"flex_column av_one_full  flex_column_div av-zero-column-padding first  avia-builder-el-0  el_before_av_one_full  avia-builder-el-first  \" style='border-radius:0px; '><div  class='avia-image-container  av-styling-    avia-builder-el-1  avia-builder-el-no-sibling  avia-align-center '  itemprop=\"image\" itemscope=\"itemscope\" itemtype=\"https:\/\/schema.org\/ImageObject\"  ><div class='avia-image-container-inner'><div class='avia-image-overlay-wrap'><img decoding=\"async\" class='wp-image-31131 avia-img-lazy-loading-not-31131 avia_image' src=\"https:\/\/radiorevelacionfm.cl\/wp-content\/uploads\/2023\/05\/seremi-justicia-y-ddhh-2_optimized.jpg\" alt='' title='seremi-justicia-y-ddhh-(2)_optimized' height=\"600\" width=\"748\"  itemprop=\"thumbnailUrl\" srcset=\"https:\/\/radiorevelacionfm.cl\/wp-content\/uploads\/2023\/05\/seremi-justicia-y-ddhh-2_optimized.jpg 748w, https:\/\/radiorevelacionfm.cl\/wp-content\/uploads\/2023\/05\/seremi-justicia-y-ddhh-2_optimized-300x241.jpg 300w, https:\/\/radiorevelacionfm.cl\/wp-content\/uploads\/2023\/05\/seremi-justicia-y-ddhh-2_optimized-705x566.jpg 705w, https:\/\/radiorevelacionfm.cl\/wp-content\/uploads\/2023\/05\/seremi-justicia-y-ddhh-2_optimized-450x361.jpg 450w, https:\/\/radiorevelacionfm.cl\/wp-content\/uploads\/2023\/05\/seremi-justicia-y-ddhh-2_optimized-600x481.jpg 600w\" sizes=\"(max-width: 748px) 100vw, 748px\" \/><\/div><\/div><\/div><\/div><div class=\"flex_column av_one_full  flex_column_div av-zero-column-padding first  avia-builder-el-2  el_after_av_one_full  el_before_av_one_full  column-top-margin\" style='border-radius:0px; '><section class=\"av_textblock_section \"  itemscope=\"itemscope\" itemtype=\"https:\/\/schema.org\/BlogPosting\" itemprop=\"blogPost\" ><div class='avia_textblock  '   itemprop=\"text\" ><p style=\"text-align: center;\"><span style=\"font-size: 18pt;\"><strong>Seremi Navarro destaca aprobaci\u00f3n de proyecto de ley que crea el Servicio Nacional de Acceso a la Justicia y Defensor\u00eda de las V\u00edctimas de Delitos<\/strong><\/span><\/p>\n<div id=\"gtx-trans\" style=\"position: absolute; left: -50px; top: 4.31534px;\">\n<div class=\"gtx-trans-icon\"><\/div>\n<\/div>\n<\/div><\/section><\/div><div class=\"flex_column av_one_full  flex_column_div av-zero-column-padding first  avia-builder-el-4  el_after_av_one_full  el_before_av_hr  column-top-margin\" style='border-radius:0px; '><section class=\"av_textblock_section \"  itemscope=\"itemscope\" itemtype=\"https:\/\/schema.org\/BlogPosting\" itemprop=\"blogPost\" ><div class='avia_textblock  '   itemprop=\"text\" ><p style=\"text-align: justify;\"><em>Esta nueva normativa legal busca proveer a las personas de\u00a0\u201cdefensa, reparaci\u00f3n, representaci\u00f3n jur\u00eddica y asistencia psicol\u00f3gica\u201d.<\/em><\/p>\n<p style=\"text-align: justify;\">Recientemente la c\u00e1mara de Diputadas y Diputados aprob\u00f3 por unanimidad el proyecto de ley que crea el Servicio Nacional de Acceso a la Justicia y Defensor\u00eda de las V\u00edctimas. Este nuevo servicio contar\u00e1 con 16 direcciones regionales, que tendr\u00e1n atribuciones propias para gestionar en el nivel territorial, sin perjuicio de la delegaci\u00f3n de facultades que fortalezca a\u00fan m\u00e1s su rol, as\u00ed lo dio a conocer el Seremi de Justicia y Derechos Humanos Samuel Navarro Castro.<\/p>\n<p style=\"text-align: justify;\">Entre los mejoramientos que se destacan de la nueva institucionalidad se cuenta el car\u00e1cter de organismo descentralizado y desconcentrado, que entregar\u00e1 asistencia jur\u00eddica especializada en diversos \u00e1mbitos como atenci\u00f3n de ni\u00f1os, ni\u00f1as y adolescentes; asesor\u00eda a adultos mayores; asesor\u00eda en materia de discriminaci\u00f3n y migrantes; impulsar\u00e1 la soluci\u00f3n colaborativa de conflictos, incluyendo la mediaci\u00f3n; y reforzar\u00e1 la atenci\u00f3n integral a v\u00edctimas de delitos, en particular los delitos violentos, lo que se constituir\u00e1 en un pilar esencial en materia de seguridad ciudadana.<\/p>\n<p style=\"text-align: justify;\">El Seremi de Justicia y Derechos Humanos Samuel Navarro Castro indic\u00f3 que \u201cse trata de una muy buena noticia para la ciudadan\u00eda, puesto que de forma un\u00e1nime la c\u00e1mara de diputados y diputadas aprob\u00f3 este importante proyecto que crea el Servicio Nacional de Acceso a la Justicia y Defensor\u00eda de las V\u00edctimas, esta iniciativa presentada por el Ministerio de Justicia y Derechos Humanos transforma las actuales Corporaciones de Asistencia Judicial en un servicio p\u00fablico descentralizado y con direcciones regionales, esto es un gran paso porque se consolida un servicio p\u00fablico que permite atender de mejor forma las demandas de acceso a la justicia de la ciudadan\u00eda, de representaci\u00f3n jur\u00eddica para adultos mayores, para ni\u00f1os, ni\u00f1as y adolescentes, para migrantes, para trabajadores que han sido afectados sus derechos laborales, es sin duda una muy buena noticia para el pa\u00eds y para la regi\u00f3n en particular este primer avance y esperamos que tenga asimismo una mejor y pronta tramitaci\u00f3n en el senado para convertirse prontamente en ley\u201d.<\/p>\n<p style=\"text-align: justify;\">Cabe mencionar que dentro de los principales aspectos de este proyecto destacan, que reemplazar\u00e1 a las Corporaciones de Asistencia Judicial (CAJ), creando una entidad descentralizada y desconcentrada con directores en cada una de las 16 regiones, tendr\u00e1 cobertura nacional y estar\u00e1 presente en todos los lugares donde haya un tribunal de justicia, reforzar\u00e1 la atenci\u00f3n integral a v\u00edctimas de delitos, en particular los delitos violentos, lo que se constituir\u00e1 en un pilar esencial en materia de seguridad ciudadana, otorga representaci\u00f3n universal a ni\u00f1os, ni\u00f1as y adolescentes de acuerdo con la ley de garant\u00edas, en el caso de la Defensor\u00eda de las V\u00edctimas y de la representaci\u00f3n a NNA se otorgar\u00e1 una atenci\u00f3n integral que considere atenci\u00f3n jur\u00eddica y psicosocial, asesorar\u00e1 en tem\u00e1ticas de Derechos Humanos en casos de normativas antidiscriminaci\u00f3n, migraci\u00f3n y abusos por parte de agentes del Estado, entre otras.<\/p>\n<p style=\"text-align: justify;\">Finalmente, mencionar que, de esta forma, la iniciativa fue remitida al Senado para su segundo tr\u00e1mite legislativo.<\/p>\n<\/div><\/section><\/div><div  style='height:50px' class='hr hr-invisible   avia-builder-el-6  el_after_av_one_full  el_before_av_social_share '><span class='hr-inner ' ><span class='hr-inner-style'><\/span><\/span><\/div><\/p>\n<div  class='av-social-sharing-box  avia-builder-el-7  el_after_av_hr  el_before_av_hr  '><div class='av-share-box'><h5 class='av-share-link-description av-no-toc '>Compartir esta noticia<\/h5><ul class='av-share-box-list noLightbox'><li class='av-share-link av-social-link-facebook' ><a target=\"_blank\" aria-label=\"Compartir en Facebook\" href='https:\/\/www.facebook.com\/sharer.php?u=https:\/\/radiorevelacionfm.cl\/?p=40584&#038;t=Seremi%20Navarro%20destaca%20aprobaci%C3%B3n%20de%20proyecto%20de%20ley%20que%20crea%20el%20Servicio%20Nacional%20de%20Acceso%20a%20la%20Justicia%20y%20Defensor%C3%ADa%20de%20las%20V%C3%ADctimas%20de%20Delitos' aria-hidden='false' data-av_icon='\ue8f3' data-av_iconfont='entypo-fontello' title='' data-avia-related-tooltip='Compartir en Facebook' rel=\"noopener\"><span class='avia_hidden_link_text'>Compartir en Facebook<\/span><\/a><\/li><li class='av-share-link av-social-link-twitter' ><a target=\"_blank\" aria-label=\"Compartir en Twitter\" href='https:\/\/twitter.com\/share?text=Seremi%20Navarro%20destaca%20aprobaci%C3%B3n%20de%20proyecto%20de%20ley%20que%20crea%20el%20Servicio%20Nacional%20de%20Acceso%20a%20la%20Justicia%20y%20Defensor%C3%ADa%20de%20las%20V%C3%ADctimas%20de%20Delitos&#038;url=https:\/\/radiorevelacionfm.cl\/?p=40584' aria-hidden='false' data-av_icon='\ue8f1' data-av_iconfont='entypo-fontello' title='' data-avia-related-tooltip='Compartir en Twitter' rel=\"noopener\"><span class='avia_hidden_link_text'>Compartir en Twitter<\/span><\/a><\/li><li class='av-share-link av-social-link-whatsapp' ><a target=\"_blank\" aria-label=\"Compartir en Whatsapp\" href='https:\/\/api.whatsapp.com\/send?text=https:\/\/radiorevelacionfm.cl\/?p=40584' aria-hidden='false' data-av_icon='\uf232' data-av_iconfont='entypo-fontello' title='' data-avia-related-tooltip='Compartir en Whatsapp' rel=\"noopener\"><span class='avia_hidden_link_text'>Compartir en Whatsapp<\/span><\/a><\/li><li class='av-share-link av-social-link-linkedin' ><a target=\"_blank\" aria-label=\"Compartir en LinkedIn\" href='https:\/\/linkedin.com\/shareArticle?mini=true&#038;title=Seremi%20Navarro%20destaca%20aprobaci%C3%B3n%20de%20proyecto%20de%20ley%20que%20crea%20el%20Servicio%20Nacional%20de%20Acceso%20a%20la%20Justicia%20y%20Defensor%C3%ADa%20de%20las%20V%C3%ADctimas%20de%20Delitos&#038;url=https:\/\/radiorevelacionfm.cl\/?p=40584' aria-hidden='false' data-av_icon='\ue8fc' data-av_iconfont='entypo-fontello' title='' data-avia-related-tooltip='Compartir en LinkedIn' rel=\"noopener\"><span class='avia_hidden_link_text'>Compartir en LinkedIn<\/span><\/a><\/li><li class='av-share-link av-social-link-mail' ><a  aria-label=\"Compartir por correo\" href='mailto:?subject=Seremi%20Navarro%20destaca%20aprobaci%C3%B3n%20de%20proyecto%20de%20ley%20que%20crea%20el%20Servicio%20Nacional%20de%20Acceso%20a%20la%20Justicia%20y%20Defensor%C3%ADa%20de%20las%20V%C3%ADctimas%20de%20Delitos&#038;body=https:\/\/radiorevelacionfm.cl\/?p=40584' aria-hidden='false' data-av_icon='\ue805' data-av_iconfont='entypo-fontello' title='' data-avia-related-tooltip='Compartir por correo'><span class='avia_hidden_link_text'>Compartir por correo<\/span><\/a><\/li><\/ul><\/div><\/div>\n<div  style='height:50px' class='hr hr-invisible   avia-builder-el-8  el_after_av_social_share  el_before_av_comments_list '><span class='hr-inner ' ><span class='hr-inner-style'><\/span><\/span><\/div>\n<div  class='av-buildercomment  av-blog-meta-html-info-disabled av-blog-meta-tag-disabled  '><\/div>\n","protected":false},"excerpt":{"rendered":"","protected":false},"author":1,"featured_media":31131,"comment_status":"open","ping_status":"open","sticky":false,"template":"","format":"standard","meta":{"footnotes":""},"categories":[55],"tags":[],"class_list":["post-40584","post","type-post","status-publish","format-standard","has-post-thumbnail","hentry","category-justicia"],"jetpack_featured_media_url":"https:\/\/radiorevelacionfm.cl\/wp-content\/uploads\/2023\/05\/seremi-justicia-y-ddhh-2_optimized.jpg","_links":{"self":[{"href":"https:\/\/radiorevelacionfm.cl\/index.php?rest_route=\/wp\/v2\/posts\/40584","targetHints":{"allow":["GET"]}}],"collection":[{"href":"https:\/\/radiorevelacionfm.cl\/index.php?rest_route=\/wp\/v2\/posts"}],"about":[{"href":"https:\/\/radiorevelacionfm.cl\/index.php?rest_route=\/wp\/v2\/types\/post"}],"author":[{"embeddable":true,"href":"https:\/\/radiorevelacionfm.cl\/index.php?rest_route=\/wp\/v2\/users\/1"}],"replies":[{"embeddable":true,"href":"https:\/\/radiorevelacionfm.cl\/index.php?rest_route=%2Fwp%2Fv2%2Fcomments&post=40584"}],"version-history":[{"count":1,"href":"https:\/\/radiorevelacionfm.cl\/index.php?rest_route=\/wp\/v2\/posts\/40584\/revisions"}],"predecessor-version":[{"id":40585,"href":"https:\/\/radiorevelacionfm.cl\/index.php?rest_route=\/wp\/v2\/posts\/40584\/revisions\/40585"}],"wp:featuredmedia":[{"embeddable":true,"href":"https:\/\/radiorevelacionfm.cl\/index.php?rest_route=\/wp\/v2\/media\/31131"}],"wp:attachment":[{"href":"https:\/\/radiorevelacionfm.cl\/index.php?rest_route=%2Fwp%2Fv2%2Fmedia&parent=40584"}],"wp:term":[{"taxonomy":"category","embeddable":true,"href":"https:\/\/radiorevelacionfm.cl\/index.php?rest_route=%2Fwp%2Fv2%2Fcategories&post=40584"},{"taxonomy":"post_tag","embeddable":true,"href":"https:\/\/radiorevelacionfm.cl\/index.php?rest_route=%2Fwp%2Fv2%2Ftags&post=40584"}],"curies":[{"name":"wp","href":"https:\/\/api.w.org\/{rel}","templated":true}]}}