{"id":40582,"date":"2024-03-21T14:52:22","date_gmt":"2024-03-21T17:52:22","guid":{"rendered":"https:\/\/radiorevelacionfm.cl\/?p=40582"},"modified":"2024-03-21T14:52:22","modified_gmt":"2024-03-21T17:52:22","slug":"comienza-tercer-pago-del-aporte-familiar-permanente-beneficiando-a-mas-de-1400-familias-de-aysen","status":"publish","type":"post","link":"https:\/\/radiorevelacionfm.cl\/?p=40582","title":{"rendered":"Comienza tercer pago del Aporte Familiar Permanente, beneficiando a m\u00e1s de 1400 familias de Ays\u00e9n"},"content":{"rendered":"<div class=\"flex_column av_one_full  flex_column_div av-zero-column-padding first  avia-builder-el-0  el_before_av_one_full  avia-builder-el-first  \" style='border-radius:0px; '><div  class='avia-image-container  av-styling-    avia-builder-el-1  avia-builder-el-no-sibling  avia-align-center '  itemprop=\"image\" itemscope=\"itemscope\" itemtype=\"https:\/\/schema.org\/ImageObject\"  ><div class='avia-image-container-inner'><div class='avia-image-overlay-wrap'><img decoding=\"async\" class='wp-image-4942 avia-img-lazy-loading-not-4942 avia_image' src=\"https:\/\/radiorevelacionfm.cl\/wp-content\/uploads\/2021\/06\/BILLETES-2.jpg\" alt='' title='BILLETES (2)' height=\"600\" width=\"900\"  itemprop=\"thumbnailUrl\" srcset=\"https:\/\/radiorevelacionfm.cl\/wp-content\/uploads\/2021\/06\/BILLETES-2.jpg 900w, https:\/\/radiorevelacionfm.cl\/wp-content\/uploads\/2021\/06\/BILLETES-2-300x200.jpg 300w, https:\/\/radiorevelacionfm.cl\/wp-content\/uploads\/2021\/06\/BILLETES-2-768x512.jpg 768w, https:\/\/radiorevelacionfm.cl\/wp-content\/uploads\/2021\/06\/BILLETES-2-705x470.jpg 705w, https:\/\/radiorevelacionfm.cl\/wp-content\/uploads\/2021\/06\/BILLETES-2-600x400.jpg 600w\" sizes=\"(max-width: 900px) 100vw, 900px\" \/><\/div><\/div><\/div><\/div><div class=\"flex_column av_one_full  flex_column_div av-zero-column-padding first  avia-builder-el-2  el_after_av_one_full  el_before_av_one_full  column-top-margin\" style='border-radius:0px; '><section class=\"av_textblock_section \"  itemscope=\"itemscope\" itemtype=\"https:\/\/schema.org\/BlogPosting\" itemprop=\"blogPost\" ><div class='avia_textblock  '   itemprop=\"text\" ><p style=\"text-align: center;\"><strong><span style=\"font-size: 18pt;\">Comienza tercer pago del Aporte Familiar Permanente, beneficiando a m\u00e1s de 1400 familias de Ays\u00e9n<\/span><\/strong><\/p>\n<div id=\"gtx-trans\" style=\"position: absolute; left: -50px; top: 4.31534px;\">\n<div class=\"gtx-trans-icon\"><\/div>\n<\/div>\n<\/div><\/section><\/div><div class=\"flex_column av_one_full  flex_column_div av-zero-column-padding first  avia-builder-el-4  el_after_av_one_full  el_before_av_hr  column-top-margin\" style='border-radius:0px; '><section class=\"av_textblock_section \"  itemscope=\"itemscope\" itemtype=\"https:\/\/schema.org\/BlogPosting\" itemprop=\"blogPost\" ><div class='avia_textblock  '   itemprop=\"text\" ><p style=\"text-align: justify;\">M\u00e1s de 2 mil Aportes Familiares Permanentes se pagar\u00e1n durante esta segunda quincena en la regi\u00f3n de Ays\u00e9n. Se trata del tradicional Bono Marzo, el que en esta tercera y \u00faltima n\u00f3mina 2024, beneficiar\u00e1 a m\u00e1s de 1400 familias ayseninas.<\/p>\n<p style=\"text-align: justify;\">Se trata, principalmente, de trabajadoras y trabajadores que recibieron el beneficio de Asignaci\u00f3n Familiar o Maternal por sus cargas familiares acreditadas al 31 de diciembre de 2023.<\/p>\n<p style=\"text-align: justify;\">A este grupo, se suman tambi\u00e9n pensionadas y pensionados de AFP, compa\u00f1\u00edas de seguros, entre otras entidades previsionales, que ten\u00edan pago de asignaci\u00f3n por sus cargas familiares acreditadas al 31 de diciembre del a\u00f1o pasado.<\/p>\n<p style=\"text-align: justify;\"><em>Al respecto, el seremi <\/em>del Trabajo y Previsi\u00f3n Social de Ays\u00e9n, Rodrigo D\u00edaz Cordaro<em>, explic\u00f3 que \u201cdurante este a\u00f1o 2024, el Estado ir\u00e1 en apoyo de m\u00e1s de 1 mill\u00f3n 600 mil familias de menores ingresos y de clase media, con unos 3 millones de aportes familiares, en todo el pa\u00eds, una vez que se paguen todos los bonos estimados. La idea es ayudarlas a enfrentar la carga econ\u00f3mica de marzo que se vuelve m\u00e1s pesada, por ejemplo, con la entrada de los escolares al colegio\u201d.<\/em><\/p>\n<p style=\"text-align: justify;\"><em>\u201cCon la <\/em><em>publicaci\u00f3n de esta tercera n\u00f3mina masiva del Aporte Familiar Permanente, <\/em><em>estimamos que en nuestra regi\u00f3n <\/em><em>se beneficiar\u00e1 a m\u00e1s de 1.400 familias, quienes recibir\u00e1n m\u00e1s de 2 mil aportes o bonos. Esto, significar\u00e1 un esfuerzo fiscal por parte del Estado cercano a los 124 millones de pesos para llegar con esta ayuda econ\u00f3mica a las familias trabajadoras de nuestra regi\u00f3n\u201d, concluy\u00f3 D\u00edaz Cordaro.<\/em><\/p>\n<p style=\"text-align: justify;\">Por su parte, jefa de la sucursal IPS ChileAtiende Coyhaique, Daniela Catal\u00e1n Celis, hizo hincapi\u00e9 en que se trata de un beneficio autom\u00e1tico, que no requiere postulaci\u00f3n alguna. \u201cEfectivamente, no es necesario inscribirse ni postular para este beneficio, dado que el cumplimiento de los requisitos legales se revisa de manera interna con la informaci\u00f3n disponible en las plataformas del Estado\u201d, indic\u00f3.<\/p>\n<p style=\"text-align: justify;\">Asimismo, respecto de la forma de pago, precis\u00f3 que \u201calrededor del 90 % de las personas beneficiarias recibir\u00e1n el pago de su Aporte depositado autom\u00e1ticamente, ya sea en la CuentaRUT del BancoEstado u otra cuenta bancaria que tengan ya registrada. Las dem\u00e1s personas lo cobrar\u00e1n en forma presencial, para lo cual pueden consultar en www.aportefamiliar.cl o llamando al Call Center 101 de ChileAtiende\u201d, se\u00f1al\u00f3.<\/p>\n<p style=\"text-align: justify;\">Para este a\u00f1o 2024, el monto del Aporte Familiar Permanente es de <strong>$61.793<\/strong> por carga familiar o familia, seg\u00fan el tipo de beneficiario. Por ejemplo, un grupo familiar con tres hijos acreditados como cargas familiares, tendr\u00e1 derecho a 3 aportes familiares (uno por cada carga familiar) y recibir\u00e1 un monto total de <strong>$185.379.<\/strong><\/p>\n<p style=\"text-align: justify;\"><strong>Plazos<\/strong><strong> y qu\u00e9 hacer si no aparezco como beneficiario<\/strong><\/p>\n<p style=\"text-align: justify;\">Hay un plazo de <strong>nueve meses para cobrar<\/strong> el Aporte Familiar, desde la fecha de emisi\u00f3n del documento de pago, en el caso de las personas con cobro presencial. Es decir, si en www.aportefamiliar.cl se le indica que el pago est\u00e1 disponible desde el 15 de marzo de 2024, la persona tendr\u00e1 plazo hasta el 15 de diciembre de este a\u00f1o para hacer efectivo el cobro.<\/p>\n<p style=\"text-align: justify;\">Las personas que crean cumplir los requisitos y no aparezcan en las n\u00f3minas publicadas, o bien si consideran que recibieron pago por menos cargas familiares de las que les correspond\u00edan, podr\u00e1n ingresar un reclamo en el sitio <strong>www.aportefamiliar.cl<\/strong> en el plazo de <strong>un a\u00f1o, <\/strong>contado desde el 1 de abril de 2024 en adelante.<\/p>\n<p style=\"text-align: justify;\">Para m\u00e1s informaci\u00f3n y consultas, est\u00e1n disponibles los sitios <strong>www.aportefamiliar.cl<\/strong>, <strong>www.chileatiende.cl<\/strong>, las redes sociales <strong>@ChileAtiende<\/strong> en Facebook, X (ex Twitter) e Instagram y el <strong>Call Center 101<\/strong>.<\/p>\n<\/div><\/section><\/div><div  style='height:50px' class='hr hr-invisible   avia-builder-el-6  el_after_av_one_full  el_before_av_social_share '><span class='hr-inner ' ><span class='hr-inner-style'><\/span><\/span><\/div><\/p>\n<div  class='av-social-sharing-box  avia-builder-el-7  el_after_av_hr  el_before_av_hr  '><div class='av-share-box'><h5 class='av-share-link-description av-no-toc '>Compartir esta noticia<\/h5><ul class='av-share-box-list noLightbox'><li class='av-share-link av-social-link-facebook' ><a target=\"_blank\" aria-label=\"Compartir en Facebook\" href='https:\/\/www.facebook.com\/sharer.php?u=https:\/\/radiorevelacionfm.cl\/?p=40582&#038;t=Comienza%20tercer%20pago%20del%20Aporte%20Familiar%20Permanente%2C%20beneficiando%20a%20m%C3%A1s%20de%201400%20familias%20de%20Ays%C3%A9n' aria-hidden='false' data-av_icon='\ue8f3' data-av_iconfont='entypo-fontello' title='' data-avia-related-tooltip='Compartir en Facebook' rel=\"noopener\"><span class='avia_hidden_link_text'>Compartir en Facebook<\/span><\/a><\/li><li class='av-share-link av-social-link-twitter' ><a target=\"_blank\" aria-label=\"Compartir en Twitter\" href='https:\/\/twitter.com\/share?text=Comienza%20tercer%20pago%20del%20Aporte%20Familiar%20Permanente%2C%20beneficiando%20a%20m%C3%A1s%20de%201400%20familias%20de%20Ays%C3%A9n&#038;url=https:\/\/radiorevelacionfm.cl\/?p=40582' aria-hidden='false' data-av_icon='\ue8f1' data-av_iconfont='entypo-fontello' title='' data-avia-related-tooltip='Compartir en Twitter' rel=\"noopener\"><span class='avia_hidden_link_text'>Compartir en Twitter<\/span><\/a><\/li><li class='av-share-link av-social-link-whatsapp' ><a target=\"_blank\" aria-label=\"Compartir en Whatsapp\" href='https:\/\/api.whatsapp.com\/send?text=https:\/\/radiorevelacionfm.cl\/?p=40582' aria-hidden='false' data-av_icon='\uf232' data-av_iconfont='entypo-fontello' title='' data-avia-related-tooltip='Compartir en Whatsapp' rel=\"noopener\"><span class='avia_hidden_link_text'>Compartir en Whatsapp<\/span><\/a><\/li><li class='av-share-link av-social-link-linkedin' ><a target=\"_blank\" aria-label=\"Compartir en LinkedIn\" href='https:\/\/linkedin.com\/shareArticle?mini=true&#038;title=Comienza%20tercer%20pago%20del%20Aporte%20Familiar%20Permanente%2C%20beneficiando%20a%20m%C3%A1s%20de%201400%20familias%20de%20Ays%C3%A9n&#038;url=https:\/\/radiorevelacionfm.cl\/?p=40582' aria-hidden='false' data-av_icon='\ue8fc' data-av_iconfont='entypo-fontello' title='' data-avia-related-tooltip='Compartir en LinkedIn' rel=\"noopener\"><span class='avia_hidden_link_text'>Compartir en LinkedIn<\/span><\/a><\/li><li class='av-share-link av-social-link-mail' ><a  aria-label=\"Compartir por correo\" href='mailto:?subject=Comienza%20tercer%20pago%20del%20Aporte%20Familiar%20Permanente%2C%20beneficiando%20a%20m%C3%A1s%20de%201400%20familias%20de%20Ays%C3%A9n&#038;body=https:\/\/radiorevelacionfm.cl\/?p=40582' aria-hidden='false' data-av_icon='\ue805' data-av_iconfont='entypo-fontello' title='' data-avia-related-tooltip='Compartir por correo'><span class='avia_hidden_link_text'>Compartir por correo<\/span><\/a><\/li><\/ul><\/div><\/div>\n<div  style='height:50px' class='hr hr-invisible   avia-builder-el-8  el_after_av_social_share  el_before_av_comments_list '><span class='hr-inner ' ><span class='hr-inner-style'><\/span><\/span><\/div>\n<div  class='av-buildercomment  av-blog-meta-html-info-disabled av-blog-meta-tag-disabled  '><\/div>\n","protected":false},"excerpt":{"rendered":"","protected":false},"author":1,"featured_media":4942,"comment_status":"open","ping_status":"open","sticky":false,"template":"","format":"standard","meta":{"footnotes":""},"categories":[38],"tags":[],"class_list":["post-40582","post","type-post","status-publish","format-standard","has-post-thumbnail","hentry","category-regional"],"jetpack_featured_media_url":"https:\/\/radiorevelacionfm.cl\/wp-content\/uploads\/2021\/06\/BILLETES-2.jpg","_links":{"self":[{"href":"https:\/\/radiorevelacionfm.cl\/index.php?rest_route=\/wp\/v2\/posts\/40582","targetHints":{"allow":["GET"]}}],"collection":[{"href":"https:\/\/radiorevelacionfm.cl\/index.php?rest_route=\/wp\/v2\/posts"}],"about":[{"href":"https:\/\/radiorevelacionfm.cl\/index.php?rest_route=\/wp\/v2\/types\/post"}],"author":[{"embeddable":true,"href":"https:\/\/radiorevelacionfm.cl\/index.php?rest_route=\/wp\/v2\/users\/1"}],"replies":[{"embeddable":true,"href":"https:\/\/radiorevelacionfm.cl\/index.php?rest_route=%2Fwp%2Fv2%2Fcomments&post=40582"}],"version-history":[{"count":1,"href":"https:\/\/radiorevelacionfm.cl\/index.php?rest_route=\/wp\/v2\/posts\/40582\/revisions"}],"predecessor-version":[{"id":40583,"href":"https:\/\/radiorevelacionfm.cl\/index.php?rest_route=\/wp\/v2\/posts\/40582\/revisions\/40583"}],"wp:featuredmedia":[{"embeddable":true,"href":"https:\/\/radiorevelacionfm.cl\/index.php?rest_route=\/wp\/v2\/media\/4942"}],"wp:attachment":[{"href":"https:\/\/radiorevelacionfm.cl\/index.php?rest_route=%2Fwp%2Fv2%2Fmedia&parent=40582"}],"wp:term":[{"taxonomy":"category","embeddable":true,"href":"https:\/\/radiorevelacionfm.cl\/index.php?rest_route=%2Fwp%2Fv2%2Fcategories&post=40582"},{"taxonomy":"post_tag","embeddable":true,"href":"https:\/\/radiorevelacionfm.cl\/index.php?rest_route=%2Fwp%2Fv2%2Ftags&post=40582"}],"curies":[{"name":"wp","href":"https:\/\/api.w.org\/{rel}","templated":true}]}}