{"id":4058,"date":"2021-05-12T15:02:49","date_gmt":"2021-05-12T18:02:49","guid":{"rendered":"https:\/\/radiorevelacionfm.cl\/?p=4058"},"modified":"2021-05-12T15:37:20","modified_gmt":"2021-05-12T18:37:20","slug":"senadora-ordenes-sobre-minimos-comunes-el-gobierno-debe-asumir-el-error-y-salir-en-apoyo-de-la-ciudadania-y-las-pymes","status":"publish","type":"post","link":"https:\/\/radiorevelacionfm.cl\/?p=4058","title":{"rendered":"Senadora \u00d3rdenes sobre M\u00ednimos Comunes \u201cEl Gobierno debe asumir el error y salir en apoyo de la ciudadan\u00eda y las Pymes\u00bb"},"content":{"rendered":"<div class=\"flex_column av_one_full  flex_column_div av-zero-column-padding first  avia-builder-el-0  el_before_av_one_full  avia-builder-el-first  \" style='border-radius:0px; '><div  class='avia-image-container  av-styling-    avia-builder-el-1  avia-builder-el-no-sibling  avia-align-center '  itemprop=\"image\" itemscope=\"itemscope\" itemtype=\"https:\/\/schema.org\/ImageObject\"  ><div class='avia-image-container-inner'><div class='avia-image-overlay-wrap'><img decoding=\"async\" class='wp-image-0 avia-img-lazy-loading-not-0 avia_image' src=\"https:\/\/radiorevelacionfm.cl\/wp-content\/uploads\/2021\/05\/Senadora-X-Ordenes-1.jpg\" alt='' title=''   itemprop=\"thumbnailUrl\"  \/><\/div><\/div><\/div><\/div><div class=\"flex_column av_one_full  flex_column_div av-zero-column-padding first  avia-builder-el-2  el_after_av_one_full  el_before_av_one_full  column-top-margin\" style='border-radius:0px; '><section class=\"av_textblock_section \"  itemscope=\"itemscope\" itemtype=\"https:\/\/schema.org\/BlogPosting\" itemprop=\"blogPost\" ><div class='avia_textblock  '   itemprop=\"text\" ><p style=\"text-align: center;\"><strong><span style=\"font-size: 18pt;\">Senadora \u00d3rdenes sobre M\u00ednimos Comunes \u201cEl Gobierno debe asumir el error y salir en apoyo de la ciudadan\u00eda y las Pymes\u00bb<\/span><\/strong><\/p>\n<div id=\"gtx-trans\" style=\"position: absolute; left: -50px; top: 4.31534px;\">\n<div class=\"gtx-trans-icon\"><\/div>\n<\/div>\n<\/div><\/section><\/div><div class=\"flex_column av_one_full  flex_column_div av-zero-column-padding first  avia-builder-el-4  el_after_av_one_full  el_before_av_hr  column-top-margin\" style='border-radius:0px; '><section class=\"av_textblock_section \"  itemscope=\"itemscope\" itemtype=\"https:\/\/schema.org\/BlogPosting\" itemprop=\"blogPost\" ><div class='avia_textblock  '   itemprop=\"text\" ><p style=\"font-weight: 400; text-align: justify;\">La parlamentaria destac\u00f3 propuesta presentada esta jornada por la presidenta del Senado, Yasna Provoste, al Gobierno. \u201cComo oposici\u00f3n hemos concordado una visi\u00f3n com\u00fan que se plasma en cuatro ejes: renta b\u00e1sica universal, plan de recuperaci\u00f3n para pymes, fortalecimiento medidas sanitarias y financiamiento para el plan\u201d, sostuvo la senadora.<\/p>\n<p style=\"font-weight: 400; text-align: justify;\">La denominada propuesta de \u201cm\u00ednimos comunes\u201d, ya est\u00e1 en manos del Ejecutivo y ahora ser\u00e1 turno de La Moneda avanzar en las tem\u00e1ticas propuestas por la oposici\u00f3n para enfrentar el actual escenario econ\u00f3mico y social.<\/p>\n<p style=\"font-weight: 400; text-align: justify;\">Para la senadora Ximena \u00d3rdenes Neira, el documento de 13 p\u00e1ginas, es la conclusi\u00f3n de \u201cun trabajo consciente, sin m\u00e1s aspiraci\u00f3n que llegar con respuestas concretas a la ciudadan\u00eda que m\u00e1s lo necesita en plena pandemia\u201d.<\/p>\n<p style=\"font-weight: 400; text-align: justify;\">\u201cHemos sido transparentes, de cara a la ciudadan\u00eda, ac\u00e1 no incorporamos a todos los actores sociales para enfrentar la crisis sanitaria y econ\u00f3mica, pero sobre todo para preparar el escenario post pandemia que ser\u00e1 complejo para todas y todos\u201d, expuso a senadora por la regi\u00f3n de Ays\u00e9n.<\/p>\n<p style=\"font-weight: 400; text-align: justify;\">Una de las medidas que propone la oposici\u00f3n es avanzar en una Renta B\u00e1sica Universal (RBU) para quienes est\u00e1n inscritos en el Registro Social de Hogares, al respecto la parlamentaria explic\u00f3: \u201clo que se busca es entregar recursos frescos del Estado para las familias, sin letra chica, sin requisitos y que superen la l\u00ednea de la pobreza. Por esta raz\u00f3n, proponemos que se parta con $229 mil pesos para los hogares unipersonales y llegando a los $604 mil para un hogar con cuatro integrantes, esperamos que esta propuesta vea la luz en La Moneda y dar respuestas concretas a la ciudadan\u00eda en plena pandemia\u201d.<\/p>\n<p style=\"font-weight: 400; text-align: justify;\">Asimismo, el documento incorpora una bater\u00eda de medidas y mecanismos para ir en ayuda de las Pymes con un gasto que bordea los US$3.000. \u201cLa agenda de m\u00ednimos comunes es una respuesta a la ineficacia del Gobierno para enfrentar las urgencias y necesidades de la ciudadan\u00eda y tambi\u00e9n de las Pymes. La extrema focalizaci\u00f3n ha sido una de las responsables de que hoy exista un malestar frente a las pol\u00edticas p\u00fablicas que se dise\u00f1aron durante un a\u00f1o de pandemia. Por eso como oposici\u00f3n hacemos un llamado al Gobierno para que d\u00e9 respuesta pronta a esta propuesta, deje de lado las mezquindades y c\u00e1lculos que no van en ayuda de las familias y fortalecer el trabajo de las pymes que m\u00e1s lo necesitan\u201d, asever\u00f3 \u00d3rdenes.<\/p>\n<p style=\"font-weight: 400; text-align: justify;\">Finalmente, la senadora Ximena \u00d3rdenes reitero la necesidad de contar con una respuesta pronta del Ejecutivo para \u201ccomenzar a trabajar las propuestas hechas por la oposici\u00f3n. Ac\u00e1 hay medidas concretas, universales, que buscan dar una mano a todos quienes han sido afectados por la pandemia y que esperan una reacci\u00f3n del Estado\u201d, puntualiz\u00f3.<\/p>\n<\/div><\/section><\/div><div  style='height:50px' class='hr hr-invisible   avia-builder-el-6  el_after_av_one_full  el_before_av_social_share '><span class='hr-inner ' ><span class='hr-inner-style'><\/span><\/span><\/div><\/p>\n<div  class='av-social-sharing-box  avia-builder-el-7  el_after_av_hr  el_before_av_hr  '><div class='av-share-box'><h5 class='av-share-link-description av-no-toc '>Compartir esta noticia<\/h5><ul class='av-share-box-list noLightbox'><li class='av-share-link av-social-link-facebook' ><a target=\"_blank\" aria-label=\"Compartir en Facebook\" href='https:\/\/www.facebook.com\/sharer.php?u=https:\/\/radiorevelacionfm.cl\/?p=4058&#038;t=Senadora%20%C3%93rdenes%20sobre%20M%C3%ADnimos%20Comunes%20%E2%80%9CEl%20Gobierno%20debe%20asumir%20el%20error%20y%20salir%20en%20apoyo%20de%20la%20ciudadan%C3%ADa%20y%20las%20Pymes%C2%BB' aria-hidden='false' data-av_icon='\ue8f3' data-av_iconfont='entypo-fontello' title='' data-avia-related-tooltip='Compartir en Facebook' rel=\"noopener\"><span class='avia_hidden_link_text'>Compartir en Facebook<\/span><\/a><\/li><li class='av-share-link av-social-link-twitter' ><a target=\"_blank\" aria-label=\"Compartir en Twitter\" href='https:\/\/twitter.com\/share?text=Senadora%20%C3%93rdenes%20sobre%20M%C3%ADnimos%20Comunes%20%E2%80%9CEl%20Gobierno%20debe%20asumir%20el%20error%20y%20salir%20en%20apoyo%20de%20la%20ciudadan%C3%ADa%20y%20las%20Pymes%C2%BB&#038;url=https:\/\/radiorevelacionfm.cl\/?p=4058' aria-hidden='false' data-av_icon='\ue8f1' data-av_iconfont='entypo-fontello' title='' data-avia-related-tooltip='Compartir en Twitter' rel=\"noopener\"><span class='avia_hidden_link_text'>Compartir en Twitter<\/span><\/a><\/li><li class='av-share-link av-social-link-whatsapp' ><a target=\"_blank\" aria-label=\"Compartir en Whatsapp\" href='https:\/\/api.whatsapp.com\/send?text=https:\/\/radiorevelacionfm.cl\/?p=4058' aria-hidden='false' data-av_icon='\uf232' data-av_iconfont='entypo-fontello' title='' data-avia-related-tooltip='Compartir en Whatsapp' rel=\"noopener\"><span class='avia_hidden_link_text'>Compartir en Whatsapp<\/span><\/a><\/li><li class='av-share-link av-social-link-linkedin' ><a target=\"_blank\" aria-label=\"Compartir en LinkedIn\" href='https:\/\/linkedin.com\/shareArticle?mini=true&#038;title=Senadora%20%C3%93rdenes%20sobre%20M%C3%ADnimos%20Comunes%20%E2%80%9CEl%20Gobierno%20debe%20asumir%20el%20error%20y%20salir%20en%20apoyo%20de%20la%20ciudadan%C3%ADa%20y%20las%20Pymes%C2%BB&#038;url=https:\/\/radiorevelacionfm.cl\/?p=4058' aria-hidden='false' data-av_icon='\ue8fc' data-av_iconfont='entypo-fontello' title='' data-avia-related-tooltip='Compartir en LinkedIn' rel=\"noopener\"><span class='avia_hidden_link_text'>Compartir en LinkedIn<\/span><\/a><\/li><li class='av-share-link av-social-link-mail' ><a  aria-label=\"Compartir por correo\" href='mailto:?subject=Senadora%20%C3%93rdenes%20sobre%20M%C3%ADnimos%20Comunes%20%E2%80%9CEl%20Gobierno%20debe%20asumir%20el%20error%20y%20salir%20en%20apoyo%20de%20la%20ciudadan%C3%ADa%20y%20las%20Pymes%C2%BB&#038;body=https:\/\/radiorevelacionfm.cl\/?p=4058' aria-hidden='false' data-av_icon='\ue805' data-av_iconfont='entypo-fontello' title='' data-avia-related-tooltip='Compartir por correo'><span class='avia_hidden_link_text'>Compartir por correo<\/span><\/a><\/li><\/ul><\/div><\/div>\n<div  style='height:50px' class='hr hr-invisible   avia-builder-el-8  el_after_av_social_share  el_before_av_comments_list '><span class='hr-inner ' ><span class='hr-inner-style'><\/span><\/span><\/div>\n<div  class='av-buildercomment  av-blog-meta-html-info-disabled av-blog-meta-tag-disabled  '><\/div>\n","protected":false},"excerpt":{"rendered":"","protected":false},"author":1,"featured_media":4061,"comment_status":"open","ping_status":"open","sticky":false,"template":"","format":"standard","meta":{"footnotes":""},"categories":[35],"tags":[],"class_list":["post-4058","post","type-post","status-publish","format-standard","has-post-thumbnail","hentry","category-politica"],"jetpack_featured_media_url":"https:\/\/radiorevelacionfm.cl\/wp-content\/uploads\/2021\/05\/Senadora-X-Ordenes3-1.jpg","_links":{"self":[{"href":"https:\/\/radiorevelacionfm.cl\/index.php?rest_route=\/wp\/v2\/posts\/4058","targetHints":{"allow":["GET"]}}],"collection":[{"href":"https:\/\/radiorevelacionfm.cl\/index.php?rest_route=\/wp\/v2\/posts"}],"about":[{"href":"https:\/\/radiorevelacionfm.cl\/index.php?rest_route=\/wp\/v2\/types\/post"}],"author":[{"embeddable":true,"href":"https:\/\/radiorevelacionfm.cl\/index.php?rest_route=\/wp\/v2\/users\/1"}],"replies":[{"embeddable":true,"href":"https:\/\/radiorevelacionfm.cl\/index.php?rest_route=%2Fwp%2Fv2%2Fcomments&post=4058"}],"version-history":[{"count":1,"href":"https:\/\/radiorevelacionfm.cl\/index.php?rest_route=\/wp\/v2\/posts\/4058\/revisions"}],"predecessor-version":[{"id":4060,"href":"https:\/\/radiorevelacionfm.cl\/index.php?rest_route=\/wp\/v2\/posts\/4058\/revisions\/4060"}],"wp:featuredmedia":[{"embeddable":true,"href":"https:\/\/radiorevelacionfm.cl\/index.php?rest_route=\/wp\/v2\/media\/4061"}],"wp:attachment":[{"href":"https:\/\/radiorevelacionfm.cl\/index.php?rest_route=%2Fwp%2Fv2%2Fmedia&parent=4058"}],"wp:term":[{"taxonomy":"category","embeddable":true,"href":"https:\/\/radiorevelacionfm.cl\/index.php?rest_route=%2Fwp%2Fv2%2Fcategories&post=4058"},{"taxonomy":"post_tag","embeddable":true,"href":"https:\/\/radiorevelacionfm.cl\/index.php?rest_route=%2Fwp%2Fv2%2Ftags&post=4058"}],"curies":[{"name":"wp","href":"https:\/\/api.w.org\/{rel}","templated":true}]}}