{"id":40579,"date":"2024-03-21T13:24:21","date_gmt":"2024-03-21T16:24:21","guid":{"rendered":"https:\/\/radiorevelacionfm.cl\/?p=40579"},"modified":"2024-03-21T13:24:21","modified_gmt":"2024-03-21T16:24:21","slug":"entregan-kits-a-familias-en-puerto-aysen-para-implementar-invernaderos-y-fortalecer-su-seguridad-alimentaria","status":"publish","type":"post","link":"https:\/\/radiorevelacionfm.cl\/?p=40579","title":{"rendered":"Entregan kits a familias en Puerto Ays\u00e9n para implementar invernaderos y fortalecer su seguridad alimentaria"},"content":{"rendered":"<div class=\"flex_column av_one_full  flex_column_div av-zero-column-padding first  avia-builder-el-0  el_before_av_one_full  avia-builder-el-first  \" style='border-radius:0px; '><div  class='avia-image-container  av-styling-    avia-builder-el-1  avia-builder-el-no-sibling  avia-align-center '  itemprop=\"image\" itemscope=\"itemscope\" itemtype=\"https:\/\/schema.org\/ImageObject\"  ><div class='avia-image-container-inner'><div class='avia-image-overlay-wrap'><img decoding=\"async\" class='wp-image-40580 avia-img-lazy-loading-not-40580 avia_image' src=\"https:\/\/radiorevelacionfm.cl\/wp-content\/uploads\/2024\/03\/autoconsumo-3-1_optimized-1.jpeg\" alt='' title='autoconsumo-3-(1)_optimized (1)' height=\"600\" width=\"1067\"  itemprop=\"thumbnailUrl\" srcset=\"https:\/\/radiorevelacionfm.cl\/wp-content\/uploads\/2024\/03\/autoconsumo-3-1_optimized-1.jpeg 1067w, https:\/\/radiorevelacionfm.cl\/wp-content\/uploads\/2024\/03\/autoconsumo-3-1_optimized-1-300x169.jpeg 300w, https:\/\/radiorevelacionfm.cl\/wp-content\/uploads\/2024\/03\/autoconsumo-3-1_optimized-1-1030x579.jpeg 1030w, https:\/\/radiorevelacionfm.cl\/wp-content\/uploads\/2024\/03\/autoconsumo-3-1_optimized-1-768x432.jpeg 768w, https:\/\/radiorevelacionfm.cl\/wp-content\/uploads\/2024\/03\/autoconsumo-3-1_optimized-1-705x396.jpeg 705w, https:\/\/radiorevelacionfm.cl\/wp-content\/uploads\/2024\/03\/autoconsumo-3-1_optimized-1-450x253.jpeg 450w, https:\/\/radiorevelacionfm.cl\/wp-content\/uploads\/2024\/03\/autoconsumo-3-1_optimized-1-600x337.jpeg 600w\" sizes=\"(max-width: 1067px) 100vw, 1067px\" \/><\/div><\/div><\/div><\/div><div class=\"flex_column av_one_full  flex_column_div av-zero-column-padding first  avia-builder-el-2  el_after_av_one_full  el_before_av_one_full  column-top-margin\" style='border-radius:0px; '><section class=\"av_textblock_section \"  itemscope=\"itemscope\" itemtype=\"https:\/\/schema.org\/BlogPosting\" itemprop=\"blogPost\" ><div class='avia_textblock  '   itemprop=\"text\" ><p style=\"text-align: center;\"><strong><span style=\"font-size: 18pt;\">Entregan kits a familias en Puerto Ays\u00e9n para implementar invernaderos y fortalecer su seguridad alimentaria <\/span><\/strong><\/p>\n<div id=\"gtx-trans\" style=\"position: absolute; left: -50px; top: 4.31534px;\">\n<div class=\"gtx-trans-icon\"><\/div>\n<\/div>\n<\/div><\/section><\/div><div class=\"flex_column av_one_full  flex_column_div av-zero-column-padding first  avia-builder-el-4  el_after_av_one_full  el_before_av_hr  column-top-margin\" style='border-radius:0px; '><section class=\"av_textblock_section \"  itemscope=\"itemscope\" itemtype=\"https:\/\/schema.org\/BlogPosting\" itemprop=\"blogPost\" ><div class='avia_textblock  '   itemprop=\"text\" ><p style=\"text-align: justify;\">Con la entrega de bienes e insumos para la implementaci\u00f3n y ejecuci\u00f3n a las familias, la Seremi de Desarrollo Social y Familia dio el vamos al Programa\u00a0Apoyo a la Seguridad Alimentaria en la comuna de Ays\u00e9n.<\/p>\n<p style=\"text-align: justify;\">10 familias pertenecientes al Subsistema de Seguridades y Oportunidades son las beneficiadas con este programa y tras visitarlos, la Seremi de Desarrollo Social y Familia Karina Acevedo Auad relev\u00f3 que \u00absiempre es muy grato poder constatar en terreno como estamos trabajando nuestros programas que se ejecutan con las municipalidades y que llegan a las familias del Subsistema de Seguridades y Oportunidades. En este caso en el de autoconsumo, apoyamos a las familias para mejorar sus condiciones de alimentaci\u00f3n y que puedan abastecerse y generar un espacio de integraci\u00f3n, porque finalmente lo que se lograr es mejorar la calidad de vida de las familias. En este programa vemos que los resultados son muy buenos, porque les aporta a las familias en su econom\u00eda, en su calidad de alimentaci\u00f3n y se rompe con la estacionalidad de la Patagonia\u00bb.<\/p>\n<p style=\"text-align: justify;\">A ra\u00edz de su delicada Salud, Mar\u00eda Antonieta mu\u00f1oz tuvo que dejar de trabajar por lo que recibi\u00f3 con alegr\u00eda el kit para armar su invernadero semicircular de 6 m2, semillas, abono, tierra de hoja, mesa de cultivo y herramientas \u00abFeliz porque voy a tener mi invernadero propio para hacer mis siembras de verduras que es lo que m\u00e1s me gusta y he tenido un muy buen apoyo familiar del programa. Yo tengo una enfermedad que se llama Lupus y no puedo trabajar, as\u00ed que har\u00e9 el empe\u00f1o de tener este invernadero para darle una buena alimentaci\u00f3n a los hijos\u00bb.<\/p>\n<p style=\"text-align: justify;\">En tanto Aymar\u00e1 Torrealba, que tendr\u00e1 un invernadero de 18 m2, compostera y estanque acumulador de aguas lluvia,\u00a0agradeci\u00f3 el apoyo de los equipos \u00abNunca pens\u00e9 que tendr\u00eda tanto apoyo del equipo del programa y tener el invernadero es un sue\u00f1o hecho realidad porque los recursos que uno tiene para hacerse el invernadero es pr\u00e1cticamente imposible, as\u00ed que la familia lo agradece en la familia somos 4 y los ni\u00f1os buenos para las verduras, as\u00ed que lo aprovecharemos\u00bb.<\/p>\n<p class=\"v1elementToProof\" style=\"text-align: justify;\">Hay que se\u00f1alar que el Programa Autoconsumo cuenta con un financiamiento del Ministerio de Desarrollo Social y Familia de $51.030.000 y tiene por objetivo apoyar con la entrega\u00a0de las tecnolog\u00edas de auto provisi\u00f3n de alimentos por parte de las familias, con la asesor\u00eda t\u00e9cnica del Fosis y ejecuci\u00f3n actualmente en los municipios de Chile Chico, Guaitecas, Cochrane y Ays\u00e9n.<\/p>\n<div id=\"v1Signature\" style=\"text-align: justify;\"><\/div>\n<\/div><\/section><\/div><div  style='height:50px' class='hr hr-invisible   avia-builder-el-6  el_after_av_one_full  el_before_av_social_share '><span class='hr-inner ' ><span class='hr-inner-style'><\/span><\/span><\/div><\/p>\n<div  class='av-social-sharing-box  avia-builder-el-7  el_after_av_hr  el_before_av_hr  '><div class='av-share-box'><h5 class='av-share-link-description av-no-toc '>Compartir esta noticia<\/h5><ul class='av-share-box-list noLightbox'><li class='av-share-link av-social-link-facebook' ><a target=\"_blank\" aria-label=\"Compartir en Facebook\" href='https:\/\/www.facebook.com\/sharer.php?u=https:\/\/radiorevelacionfm.cl\/?p=40579&#038;t=Entregan%20kits%20a%20familias%20en%20Puerto%20Ays%C3%A9n%20para%20implementar%20invernaderos%20y%20fortalecer%20su%20seguridad%20alimentaria' aria-hidden='false' data-av_icon='\ue8f3' data-av_iconfont='entypo-fontello' title='' data-avia-related-tooltip='Compartir en Facebook' rel=\"noopener\"><span class='avia_hidden_link_text'>Compartir en Facebook<\/span><\/a><\/li><li class='av-share-link av-social-link-twitter' ><a target=\"_blank\" aria-label=\"Compartir en Twitter\" href='https:\/\/twitter.com\/share?text=Entregan%20kits%20a%20familias%20en%20Puerto%20Ays%C3%A9n%20para%20implementar%20invernaderos%20y%20fortalecer%20su%20seguridad%20alimentaria&#038;url=https:\/\/radiorevelacionfm.cl\/?p=40579' aria-hidden='false' data-av_icon='\ue8f1' data-av_iconfont='entypo-fontello' title='' data-avia-related-tooltip='Compartir en Twitter' rel=\"noopener\"><span class='avia_hidden_link_text'>Compartir en Twitter<\/span><\/a><\/li><li class='av-share-link av-social-link-whatsapp' ><a target=\"_blank\" aria-label=\"Compartir en Whatsapp\" href='https:\/\/api.whatsapp.com\/send?text=https:\/\/radiorevelacionfm.cl\/?p=40579' aria-hidden='false' data-av_icon='\uf232' data-av_iconfont='entypo-fontello' title='' data-avia-related-tooltip='Compartir en Whatsapp' rel=\"noopener\"><span class='avia_hidden_link_text'>Compartir en Whatsapp<\/span><\/a><\/li><li class='av-share-link av-social-link-linkedin' ><a target=\"_blank\" aria-label=\"Compartir en LinkedIn\" href='https:\/\/linkedin.com\/shareArticle?mini=true&#038;title=Entregan%20kits%20a%20familias%20en%20Puerto%20Ays%C3%A9n%20para%20implementar%20invernaderos%20y%20fortalecer%20su%20seguridad%20alimentaria&#038;url=https:\/\/radiorevelacionfm.cl\/?p=40579' aria-hidden='false' data-av_icon='\ue8fc' data-av_iconfont='entypo-fontello' title='' data-avia-related-tooltip='Compartir en LinkedIn' rel=\"noopener\"><span class='avia_hidden_link_text'>Compartir en LinkedIn<\/span><\/a><\/li><li class='av-share-link av-social-link-mail' ><a  aria-label=\"Compartir por correo\" href='mailto:?subject=Entregan%20kits%20a%20familias%20en%20Puerto%20Ays%C3%A9n%20para%20implementar%20invernaderos%20y%20fortalecer%20su%20seguridad%20alimentaria&#038;body=https:\/\/radiorevelacionfm.cl\/?p=40579' aria-hidden='false' data-av_icon='\ue805' data-av_iconfont='entypo-fontello' title='' data-avia-related-tooltip='Compartir por correo'><span class='avia_hidden_link_text'>Compartir por correo<\/span><\/a><\/li><\/ul><\/div><\/div>\n<div  style='height:50px' class='hr hr-invisible   avia-builder-el-8  el_after_av_social_share  el_before_av_comments_list '><span class='hr-inner ' ><span class='hr-inner-style'><\/span><\/span><\/div>\n<div  class='av-buildercomment  av-blog-meta-html-info-disabled av-blog-meta-tag-disabled  '><\/div>\n","protected":false},"excerpt":{"rendered":"","protected":false},"author":1,"featured_media":40580,"comment_status":"open","ping_status":"open","sticky":false,"template":"","format":"standard","meta":{"footnotes":""},"categories":[38],"tags":[],"class_list":["post-40579","post","type-post","status-publish","format-standard","has-post-thumbnail","hentry","category-regional"],"jetpack_featured_media_url":"https:\/\/radiorevelacionfm.cl\/wp-content\/uploads\/2024\/03\/autoconsumo-3-1_optimized-1.jpeg","_links":{"self":[{"href":"https:\/\/radiorevelacionfm.cl\/index.php?rest_route=\/wp\/v2\/posts\/40579","targetHints":{"allow":["GET"]}}],"collection":[{"href":"https:\/\/radiorevelacionfm.cl\/index.php?rest_route=\/wp\/v2\/posts"}],"about":[{"href":"https:\/\/radiorevelacionfm.cl\/index.php?rest_route=\/wp\/v2\/types\/post"}],"author":[{"embeddable":true,"href":"https:\/\/radiorevelacionfm.cl\/index.php?rest_route=\/wp\/v2\/users\/1"}],"replies":[{"embeddable":true,"href":"https:\/\/radiorevelacionfm.cl\/index.php?rest_route=%2Fwp%2Fv2%2Fcomments&post=40579"}],"version-history":[{"count":1,"href":"https:\/\/radiorevelacionfm.cl\/index.php?rest_route=\/wp\/v2\/posts\/40579\/revisions"}],"predecessor-version":[{"id":40581,"href":"https:\/\/radiorevelacionfm.cl\/index.php?rest_route=\/wp\/v2\/posts\/40579\/revisions\/40581"}],"wp:featuredmedia":[{"embeddable":true,"href":"https:\/\/radiorevelacionfm.cl\/index.php?rest_route=\/wp\/v2\/media\/40580"}],"wp:attachment":[{"href":"https:\/\/radiorevelacionfm.cl\/index.php?rest_route=%2Fwp%2Fv2%2Fmedia&parent=40579"}],"wp:term":[{"taxonomy":"category","embeddable":true,"href":"https:\/\/radiorevelacionfm.cl\/index.php?rest_route=%2Fwp%2Fv2%2Fcategories&post=40579"},{"taxonomy":"post_tag","embeddable":true,"href":"https:\/\/radiorevelacionfm.cl\/index.php?rest_route=%2Fwp%2Fv2%2Ftags&post=40579"}],"curies":[{"name":"wp","href":"https:\/\/api.w.org\/{rel}","templated":true}]}}