{"id":40575,"date":"2024-03-21T11:57:18","date_gmt":"2024-03-21T14:57:18","guid":{"rendered":"https:\/\/radiorevelacionfm.cl\/?p=40575"},"modified":"2024-03-21T11:57:18","modified_gmt":"2024-03-21T14:57:18","slug":"en-rio-ibanez-impulsan-el-desarrollo-educativo-con-obras-de-conservacion-y-nueva-infraestructura","status":"publish","type":"post","link":"https:\/\/radiorevelacionfm.cl\/?p=40575","title":{"rendered":"En R\u00edo Ib\u00e1\u00f1ez impulsan el desarrollo educativo con obras de conservaci\u00f3n y nueva infraestructura"},"content":{"rendered":"<div class=\"flex_column av_one_full  flex_column_div av-zero-column-padding first  avia-builder-el-0  el_before_av_one_full  avia-builder-el-first  \" style='border-radius:0px; '><div  class='avia-image-container  av-styling-    avia-builder-el-1  avia-builder-el-no-sibling  avia-align-center '  itemprop=\"image\" itemscope=\"itemscope\" itemtype=\"https:\/\/schema.org\/ImageObject\"  ><div class='avia-image-container-inner'><div class='avia-image-overlay-wrap'><img decoding=\"async\" class='wp-image-40577 avia-img-lazy-loading-not-40577 avia_image' src=\"https:\/\/radiorevelacionfm.cl\/wp-content\/uploads\/2024\/03\/img_3181-1_optimized-1.jpg\" alt='' title='img_3181-(1)_optimized (1)' height=\"600\" width=\"900\"  itemprop=\"thumbnailUrl\" srcset=\"https:\/\/radiorevelacionfm.cl\/wp-content\/uploads\/2024\/03\/img_3181-1_optimized-1.jpg 900w, https:\/\/radiorevelacionfm.cl\/wp-content\/uploads\/2024\/03\/img_3181-1_optimized-1-300x200.jpg 300w, https:\/\/radiorevelacionfm.cl\/wp-content\/uploads\/2024\/03\/img_3181-1_optimized-1-768x512.jpg 768w, https:\/\/radiorevelacionfm.cl\/wp-content\/uploads\/2024\/03\/img_3181-1_optimized-1-705x470.jpg 705w, https:\/\/radiorevelacionfm.cl\/wp-content\/uploads\/2024\/03\/img_3181-1_optimized-1-450x300.jpg 450w, https:\/\/radiorevelacionfm.cl\/wp-content\/uploads\/2024\/03\/img_3181-1_optimized-1-600x400.jpg 600w\" sizes=\"(max-width: 900px) 100vw, 900px\" \/><\/div><\/div><\/div><\/div><div class=\"flex_column av_one_full  flex_column_div av-zero-column-padding first  avia-builder-el-2  el_after_av_one_full  el_before_av_one_full  column-top-margin\" style='border-radius:0px; '><section class=\"av_textblock_section \"  itemscope=\"itemscope\" itemtype=\"https:\/\/schema.org\/BlogPosting\" itemprop=\"blogPost\" ><div class='avia_textblock  '   itemprop=\"text\" ><p style=\"text-align: center;\"><strong><span style=\"font-size: 18pt;\">En R\u00edo Ib\u00e1\u00f1ez impulsan el desarrollo educativo con obras de conservaci\u00f3n y nueva infraestructura<\/span><\/strong><\/p>\n<div id=\"gtx-trans\" style=\"position: absolute; left: -50px; top: 4.31534px;\">\n<div class=\"gtx-trans-icon\"><\/div>\n<\/div>\n<\/div><\/section><\/div><div class=\"flex_column av_one_full  flex_column_div av-zero-column-padding first  avia-builder-el-4  el_after_av_one_full  el_before_av_hr  column-top-margin\" style='border-radius:0px; '><section class=\"av_textblock_section \"  itemscope=\"itemscope\" itemtype=\"https:\/\/schema.org\/BlogPosting\" itemprop=\"blogPost\" ><div class='avia_textblock  '   itemprop=\"text\" ><p style=\"text-align: justify;\">Con el objetivo de potenciar el desarrollo educativo y mejorar las condiciones de aprendizaje de los estudiantes de la comuna, la Ilustre Municipalidad de R\u00edo Ib\u00e1\u00f1ez, liderada por el alcalde Juan Saldivia Cea, en colaboraci\u00f3n con su Direcci\u00f3n de Secplan, ha propiciado una inversi\u00f3n cercana a los $2.334.349.922 millones de pesos, mediante fondos intersectoriales, en diversos proyectos enfocados en la conservaci\u00f3n de infraestructura y la creaci\u00f3n de nuevos espacios en escuelas y colegios de Villa Cerro Castillo, Puerto Ingeniero Ib\u00e1\u00f1ez, Bah\u00eda Murta, Puerto R\u00edo Tranquilo y Puerto S\u00e1nchez.<\/p>\n<p style=\"text-align: justify;\">Respecto a esta gesti\u00f3n, la primera autoridad comunal se\u00f1al\u00f3 que \u201cestamos muy contentos porque durante esta \u00faltima semana hemos podido ir avanzando en materias de conservaci\u00f3n e infraestructura de nuestros establecimientos educacionales. Si bien es cierto estos procesos comenzaron cuando \u00e9ramos sostenedores, y hoy d\u00eda, cuando est\u00e1n al alero del Slep, sin duda, que seguimos comprometidos en esa l\u00ednea de seguir apoyando estas iniciativas\u201d.<\/p>\n<p style=\"text-align: justify;\">Dentro de este mismo contexto, el edil agreg\u00f3 que \u201cfelicitamos tambi\u00e9n el trabajo que realizan nuestros equipos de profesionales, tanto de la Direcci\u00f3n de Secplan y de la Direcci\u00f3n de Obras, que han hecho una labor muy comprometidos y con harto esfuerzo porque esto requiere obtener los recursos\u201d.<\/p>\n<p style=\"text-align: justify;\">Durante esta semana, el alcalde de R\u00edo Ib\u00e1\u00f1ez ha estado presente en los hitos que marcaron el inicio de las obras de estas iniciativas. La primera actividad tuvo lugar el pasado lunes 18 de marzo, con la entrega del terreno para la conservaci\u00f3n del Liceo Bicentenario Rural Villa Cerro Castillo.<\/p>\n<p style=\"text-align: justify;\">Los trabajos en este establecimiento incluyen cambios en los revestimientos de pisos en pabellones, salas de clases, biblioteca y comedor; mantenimiento de los ba\u00f1os del internado de escolares; construcci\u00f3n de cierres perimetrales y accesos, y renovaci\u00f3n de la cubierta de la techumbre.<\/p>\n<p style=\"text-align: justify;\">El martes 20 de marzo, por la ma\u00f1ana, el alcalde se traslad\u00f3 hacia Puerto R\u00edo Tranquilo, donde se inaugur\u00f3 la multicancha de la Escuela Gabriela Mistral. Este proyecto, que cuenta con una losa de hormig\u00f3n de 10 cm de espesor, un cierre perimetral tipo malla <em>Acmafor<\/em> 3D y una estructura met\u00e1lica; considera equipamiento para desarrollar disciplinas deportivas como <em>baby <\/em>f\u00fatbol y b\u00e1squetbol.<\/p>\n<p style=\"text-align: justify;\">En el mismo d\u00eda, pero por la tarde, el alcalde lleg\u00f3 hasta Puerto S\u00e1nchez para la entrega del terreno destinado a la ampliaci\u00f3n de la Escuela Mar\u00eda Antonieta Parra Monsalve. La obra tiene estipulada la edificaci\u00f3n de aulas y pasillos, as\u00ed como la mejora de la estructura de techumbre de salas de director, oficina, ba\u00f1o, bodega y acceso de la infraestructura educacional.<\/p>\n<p style=\"text-align: justify;\">Desde el 2 de enero, la Escuela Carretera Austral de Bah\u00eda Murta ha estado en proceso de mejoras, incluyendo nuevos revestimientos de pisos, conservaci\u00f3n de ba\u00f1os en el pabell\u00f3n del internado, construcci\u00f3n de cierres perimetrales y accesos, y cambio de cubierta de la techumbre.<\/p>\n<p style=\"text-align: justify;\">Finalmente, se encuentra en etapa de licitaci\u00f3n el proyecto de conservaci\u00f3n de la Escuela Aonikenk de Puerto Ingeniero Ib\u00e1\u00f1ez, por alrededor de $1.646.242.000 millones de pesos, que contempla intervenciones en muros, cubiertas, cielos, aislaciones, ventanas, puertas y patios exteriores. Se espera que las obras comiencen en el primer semestre de este 2024.<\/p>\n<p style=\"text-align: justify;\">Es importante destacar que estas iniciativas han sido financiadas mediante fondos intersectoriales como la Subsecretar\u00eda de Desarrollo Regional, el Ministerio de Educaci\u00f3n y el Gobierno Regional de Ays\u00e9n.<\/p>\n<\/div><\/section><\/div><div  style='height:50px' class='hr hr-invisible   avia-builder-el-6  el_after_av_one_full  el_before_av_social_share '><span class='hr-inner ' ><span class='hr-inner-style'><\/span><\/span><\/div><\/p>\n<div  class='av-social-sharing-box  avia-builder-el-7  el_after_av_hr  el_before_av_hr  '><div class='av-share-box'><h5 class='av-share-link-description av-no-toc '>Compartir esta noticia<\/h5><ul class='av-share-box-list noLightbox'><li class='av-share-link av-social-link-facebook' ><a target=\"_blank\" aria-label=\"Compartir en Facebook\" href='https:\/\/www.facebook.com\/sharer.php?u=https:\/\/radiorevelacionfm.cl\/?p=40575&#038;t=En%20R%C3%ADo%20Ib%C3%A1%C3%B1ez%20impulsan%20el%20desarrollo%20educativo%20con%20obras%20de%20conservaci%C3%B3n%20y%20nueva%20infraestructura' aria-hidden='false' data-av_icon='\ue8f3' data-av_iconfont='entypo-fontello' title='' data-avia-related-tooltip='Compartir en Facebook' rel=\"noopener\"><span class='avia_hidden_link_text'>Compartir en Facebook<\/span><\/a><\/li><li class='av-share-link av-social-link-twitter' ><a target=\"_blank\" aria-label=\"Compartir en Twitter\" href='https:\/\/twitter.com\/share?text=En%20R%C3%ADo%20Ib%C3%A1%C3%B1ez%20impulsan%20el%20desarrollo%20educativo%20con%20obras%20de%20conservaci%C3%B3n%20y%20nueva%20infraestructura&#038;url=https:\/\/radiorevelacionfm.cl\/?p=40575' aria-hidden='false' data-av_icon='\ue8f1' data-av_iconfont='entypo-fontello' title='' data-avia-related-tooltip='Compartir en Twitter' rel=\"noopener\"><span class='avia_hidden_link_text'>Compartir en Twitter<\/span><\/a><\/li><li class='av-share-link av-social-link-whatsapp' ><a target=\"_blank\" aria-label=\"Compartir en Whatsapp\" href='https:\/\/api.whatsapp.com\/send?text=https:\/\/radiorevelacionfm.cl\/?p=40575' aria-hidden='false' data-av_icon='\uf232' data-av_iconfont='entypo-fontello' title='' data-avia-related-tooltip='Compartir en Whatsapp' rel=\"noopener\"><span class='avia_hidden_link_text'>Compartir en Whatsapp<\/span><\/a><\/li><li class='av-share-link av-social-link-linkedin' ><a target=\"_blank\" aria-label=\"Compartir en LinkedIn\" href='https:\/\/linkedin.com\/shareArticle?mini=true&#038;title=En%20R%C3%ADo%20Ib%C3%A1%C3%B1ez%20impulsan%20el%20desarrollo%20educativo%20con%20obras%20de%20conservaci%C3%B3n%20y%20nueva%20infraestructura&#038;url=https:\/\/radiorevelacionfm.cl\/?p=40575' aria-hidden='false' data-av_icon='\ue8fc' data-av_iconfont='entypo-fontello' title='' data-avia-related-tooltip='Compartir en LinkedIn' rel=\"noopener\"><span class='avia_hidden_link_text'>Compartir en LinkedIn<\/span><\/a><\/li><li class='av-share-link av-social-link-mail' ><a  aria-label=\"Compartir por correo\" href='mailto:?subject=En%20R%C3%ADo%20Ib%C3%A1%C3%B1ez%20impulsan%20el%20desarrollo%20educativo%20con%20obras%20de%20conservaci%C3%B3n%20y%20nueva%20infraestructura&#038;body=https:\/\/radiorevelacionfm.cl\/?p=40575' aria-hidden='false' data-av_icon='\ue805' data-av_iconfont='entypo-fontello' title='' data-avia-related-tooltip='Compartir por correo'><span class='avia_hidden_link_text'>Compartir por correo<\/span><\/a><\/li><\/ul><\/div><\/div>\n<div  style='height:50px' class='hr hr-invisible   avia-builder-el-8  el_after_av_social_share  el_before_av_comments_list '><span class='hr-inner ' ><span class='hr-inner-style'><\/span><\/span><\/div>\n<div  class='av-buildercomment  av-blog-meta-html-info-disabled av-blog-meta-tag-disabled  '><\/div>\n","protected":false},"excerpt":{"rendered":"","protected":false},"author":1,"featured_media":40577,"comment_status":"open","ping_status":"open","sticky":false,"template":"","format":"standard","meta":{"footnotes":""},"categories":[38],"tags":[],"class_list":["post-40575","post","type-post","status-publish","format-standard","has-post-thumbnail","hentry","category-regional"],"jetpack_featured_media_url":"https:\/\/radiorevelacionfm.cl\/wp-content\/uploads\/2024\/03\/img_3181-1_optimized-1.jpg","_links":{"self":[{"href":"https:\/\/radiorevelacionfm.cl\/index.php?rest_route=\/wp\/v2\/posts\/40575","targetHints":{"allow":["GET"]}}],"collection":[{"href":"https:\/\/radiorevelacionfm.cl\/index.php?rest_route=\/wp\/v2\/posts"}],"about":[{"href":"https:\/\/radiorevelacionfm.cl\/index.php?rest_route=\/wp\/v2\/types\/post"}],"author":[{"embeddable":true,"href":"https:\/\/radiorevelacionfm.cl\/index.php?rest_route=\/wp\/v2\/users\/1"}],"replies":[{"embeddable":true,"href":"https:\/\/radiorevelacionfm.cl\/index.php?rest_route=%2Fwp%2Fv2%2Fcomments&post=40575"}],"version-history":[{"count":1,"href":"https:\/\/radiorevelacionfm.cl\/index.php?rest_route=\/wp\/v2\/posts\/40575\/revisions"}],"predecessor-version":[{"id":40578,"href":"https:\/\/radiorevelacionfm.cl\/index.php?rest_route=\/wp\/v2\/posts\/40575\/revisions\/40578"}],"wp:featuredmedia":[{"embeddable":true,"href":"https:\/\/radiorevelacionfm.cl\/index.php?rest_route=\/wp\/v2\/media\/40577"}],"wp:attachment":[{"href":"https:\/\/radiorevelacionfm.cl\/index.php?rest_route=%2Fwp%2Fv2%2Fmedia&parent=40575"}],"wp:term":[{"taxonomy":"category","embeddable":true,"href":"https:\/\/radiorevelacionfm.cl\/index.php?rest_route=%2Fwp%2Fv2%2Fcategories&post=40575"},{"taxonomy":"post_tag","embeddable":true,"href":"https:\/\/radiorevelacionfm.cl\/index.php?rest_route=%2Fwp%2Fv2%2Ftags&post=40575"}],"curies":[{"name":"wp","href":"https:\/\/api.w.org\/{rel}","templated":true}]}}