{"id":40572,"date":"2024-03-21T11:35:16","date_gmt":"2024-03-21T14:35:16","guid":{"rendered":"https:\/\/radiorevelacionfm.cl\/?p=40572"},"modified":"2024-03-21T11:35:16","modified_gmt":"2024-03-21T14:35:16","slug":"senadora-ordenes-destaco-los-avances-legislativos-de-15-leyes-en-derechos-de-las-mujeres-desde-que-inicio-su-mandato","status":"publish","type":"post","link":"https:\/\/radiorevelacionfm.cl\/?p=40572","title":{"rendered":"Senadora \u00d3rdenes destac\u00f3 los avances legislativos de 15 leyes en derechos de las mujeres desde que inici\u00f3 su mandato"},"content":{"rendered":"<div class=\"flex_column av_one_full  flex_column_div av-zero-column-padding first  avia-builder-el-0  el_before_av_one_full  avia-builder-el-first  \" style='border-radius:0px; '><div  class='avia-image-container  av-styling-    avia-builder-el-1  avia-builder-el-no-sibling  avia-align-center '  itemprop=\"image\" itemscope=\"itemscope\" itemtype=\"https:\/\/schema.org\/ImageObject\"  ><div class='avia-image-container-inner'><div class='avia-image-overlay-wrap'><img decoding=\"async\" class='wp-image-40573 avia-img-lazy-loading-not-40573 avia_image' src=\"https:\/\/radiorevelacionfm.cl\/wp-content\/uploads\/2024\/03\/FOTO-1-9-1-1.jpg\" alt='' title='FOTO #1 (9) (1) (1)' height=\"600\" width=\"805\"  itemprop=\"thumbnailUrl\" srcset=\"https:\/\/radiorevelacionfm.cl\/wp-content\/uploads\/2024\/03\/FOTO-1-9-1-1.jpg 805w, https:\/\/radiorevelacionfm.cl\/wp-content\/uploads\/2024\/03\/FOTO-1-9-1-1-300x224.jpg 300w, https:\/\/radiorevelacionfm.cl\/wp-content\/uploads\/2024\/03\/FOTO-1-9-1-1-768x572.jpg 768w, https:\/\/radiorevelacionfm.cl\/wp-content\/uploads\/2024\/03\/FOTO-1-9-1-1-705x525.jpg 705w, https:\/\/radiorevelacionfm.cl\/wp-content\/uploads\/2024\/03\/FOTO-1-9-1-1-450x335.jpg 450w, https:\/\/radiorevelacionfm.cl\/wp-content\/uploads\/2024\/03\/FOTO-1-9-1-1-600x447.jpg 600w\" sizes=\"(max-width: 805px) 100vw, 805px\" \/><\/div><\/div><\/div><\/div><div class=\"flex_column av_one_full  flex_column_div av-zero-column-padding first  avia-builder-el-2  el_after_av_one_full  el_before_av_one_full  column-top-margin\" style='border-radius:0px; '><section class=\"av_textblock_section \"  itemscope=\"itemscope\" itemtype=\"https:\/\/schema.org\/BlogPosting\" itemprop=\"blogPost\" ><div class='avia_textblock  '   itemprop=\"text\" ><p style=\"text-align: center;\"><strong><span style=\"font-size: 18pt;\">Senadora \u00d3rdenes destac\u00f3 los avances legislativos de 15 leyes en derechos de las mujeres desde que inici\u00f3 su mandato<\/span><\/strong><\/p>\n<div id=\"gtx-trans\" style=\"position: absolute; left: -50px; top: 4.31534px;\">\n<div class=\"gtx-trans-icon\"><\/div>\n<\/div>\n<\/div><\/section><\/div><div class=\"flex_column av_one_full  flex_column_div av-zero-column-padding first  avia-builder-el-4  el_after_av_one_full  el_before_av_hr  column-top-margin\" style='border-radius:0px; '><section class=\"av_textblock_section \"  itemscope=\"itemscope\" itemtype=\"https:\/\/schema.org\/BlogPosting\" itemprop=\"blogPost\" ><div class='avia_textblock  '   itemprop=\"text\" ><p style=\"text-align: justify;\">Desde que asumi\u00f3 su mandato de representaci\u00f3n en el Senado de la Rep\u00fablica, la senadora por la regi\u00f3n de Ays\u00e9n, Ximena \u00d3rdenes Neira, ha mostrado su preocupaci\u00f3n por avanzar en derechos de las mujeres. En el marco del mes de la mujer, la parlamentaria dio cuenta de una serie de leyes aprobadas desde el 2019 para mejorar diversos aspectos en la vida de la mujer.<\/p>\n<p style=\"text-align: justify;\">\u201cDurante este periodo legislativo, ha sido una prioridad avanzar en leyes en materia de equidad de g\u00e9nero. Desde el Senado de la Rep\u00fablica hemos despachado 15 proyectos de ley\u201d, recalc\u00f3 la senadora \u00d3rdenes, dando cuenta de su actividad legislativa en esta materia.<\/p>\n<p style=\"text-align: justify;\">\u201cQuiero destacar uno de ellos que me parece en particular relevante, sobre todo porque, cuando se discutieron otros temas vinculados al retiro de los fondos de pensiones, apareci\u00f3 como dato que cerca de un 86% de las pensiones en Chile estaban impagas, lo que tambi\u00e9n dio paso a un debate legislativo impulsado, en general, por la Comisi\u00f3n de Equidad de G\u00e9nero para regularizar esta situaci\u00f3n que nos parec\u00eda impresentable. As\u00ed naci\u00f3 la Ley \u201cPapito Coraz\u00f3n\u201d, permitiendo la creaci\u00f3n de un Registro de Deudores y que las responsabilidades parentales se cumplan\u201d, profundiz\u00f3 la parlamentaria, refri\u00e9ndose en espec\u00edfico a una de las normas aprobadas durante el 2023, que apunta a la responsabilidad parental y el pago efectivo de deudas y pensiones.<\/p>\n<p style=\"text-align: justify;\">En materia de seguridad social, tambi\u00e9n destac\u00f3 la ley para la protecci\u00f3n a la lactancia materna, la ley de extensi\u00f3n transitoria del permiso postnatal parental y en la protecci\u00f3n a la maternidad, paternidad y \u201cvida familiar\u201d, que regula el teletrabajo. Del mismo modo, sobre la protecci\u00f3n de las v\u00edctimas de violencia contra las mujeres, la senadora Ximena \u00d3rdenes, tambi\u00e9n destac\u00f3 leyes como la de tipificaci\u00f3n del femicidio, en femicidio \u00edntimo y por raz\u00f3n de g\u00e9nero y la de tipificaci\u00f3n del delito de acoso sexual en espacios p\u00fablicos, junto con la ley que establece un r\u00e9gimen de protecci\u00f3n y reparaci\u00f3n integral en favor de las v\u00edctimas de femicidio y sus familiares, entre otras.<\/p>\n<p style=\"text-align: justify;\">La parlamentaria termin\u00f3 citando la Ley N\u00b021.356, que establece la representaci\u00f3n de g\u00e9nero en los directorios de las Empresas P\u00fablicas y Sociedades del Estado, se\u00f1alando que este ser\u00eda un gran avance en materia de representatividad. Estas leyes no solo dan cuenta de avances en materia de salud, educaci\u00f3n, bienestar, de no ser objeto de violencia y del empoderamiento de las mujeres, sino que, tambi\u00e9n, sobre su participaci\u00f3n en la toma de decisiones en la sociedad chilena.<\/p>\n<\/div><\/section><\/div><div  style='height:50px' class='hr hr-invisible   avia-builder-el-6  el_after_av_one_full  el_before_av_social_share '><span class='hr-inner ' ><span class='hr-inner-style'><\/span><\/span><\/div><\/p>\n<div  class='av-social-sharing-box  avia-builder-el-7  el_after_av_hr  el_before_av_hr  '><div class='av-share-box'><h5 class='av-share-link-description av-no-toc '>Compartir esta noticia<\/h5><ul class='av-share-box-list noLightbox'><li class='av-share-link av-social-link-facebook' ><a target=\"_blank\" aria-label=\"Compartir en Facebook\" href='https:\/\/www.facebook.com\/sharer.php?u=https:\/\/radiorevelacionfm.cl\/?p=40572&#038;t=Senadora%20%C3%93rdenes%20destac%C3%B3%20los%20avances%20legislativos%20de%2015%20leyes%20en%20derechos%20de%20las%20mujeres%20desde%20que%20inici%C3%B3%20su%20mandato' aria-hidden='false' data-av_icon='\ue8f3' data-av_iconfont='entypo-fontello' title='' data-avia-related-tooltip='Compartir en Facebook' rel=\"noopener\"><span class='avia_hidden_link_text'>Compartir en Facebook<\/span><\/a><\/li><li class='av-share-link av-social-link-twitter' ><a target=\"_blank\" aria-label=\"Compartir en Twitter\" href='https:\/\/twitter.com\/share?text=Senadora%20%C3%93rdenes%20destac%C3%B3%20los%20avances%20legislativos%20de%2015%20leyes%20en%20derechos%20de%20las%20mujeres%20desde%20que%20inici%C3%B3%20su%20mandato&#038;url=https:\/\/radiorevelacionfm.cl\/?p=40572' aria-hidden='false' data-av_icon='\ue8f1' data-av_iconfont='entypo-fontello' title='' data-avia-related-tooltip='Compartir en Twitter' rel=\"noopener\"><span class='avia_hidden_link_text'>Compartir en Twitter<\/span><\/a><\/li><li class='av-share-link av-social-link-whatsapp' ><a target=\"_blank\" aria-label=\"Compartir en Whatsapp\" href='https:\/\/api.whatsapp.com\/send?text=https:\/\/radiorevelacionfm.cl\/?p=40572' aria-hidden='false' data-av_icon='\uf232' data-av_iconfont='entypo-fontello' title='' data-avia-related-tooltip='Compartir en Whatsapp' rel=\"noopener\"><span class='avia_hidden_link_text'>Compartir en Whatsapp<\/span><\/a><\/li><li class='av-share-link av-social-link-linkedin' ><a target=\"_blank\" aria-label=\"Compartir en LinkedIn\" href='https:\/\/linkedin.com\/shareArticle?mini=true&#038;title=Senadora%20%C3%93rdenes%20destac%C3%B3%20los%20avances%20legislativos%20de%2015%20leyes%20en%20derechos%20de%20las%20mujeres%20desde%20que%20inici%C3%B3%20su%20mandato&#038;url=https:\/\/radiorevelacionfm.cl\/?p=40572' aria-hidden='false' data-av_icon='\ue8fc' data-av_iconfont='entypo-fontello' title='' data-avia-related-tooltip='Compartir en LinkedIn' rel=\"noopener\"><span class='avia_hidden_link_text'>Compartir en LinkedIn<\/span><\/a><\/li><li class='av-share-link av-social-link-mail' ><a  aria-label=\"Compartir por correo\" href='mailto:?subject=Senadora%20%C3%93rdenes%20destac%C3%B3%20los%20avances%20legislativos%20de%2015%20leyes%20en%20derechos%20de%20las%20mujeres%20desde%20que%20inici%C3%B3%20su%20mandato&#038;body=https:\/\/radiorevelacionfm.cl\/?p=40572' aria-hidden='false' data-av_icon='\ue805' data-av_iconfont='entypo-fontello' title='' data-avia-related-tooltip='Compartir por correo'><span class='avia_hidden_link_text'>Compartir por correo<\/span><\/a><\/li><\/ul><\/div><\/div>\n<div  style='height:50px' class='hr hr-invisible   avia-builder-el-8  el_after_av_social_share  el_before_av_comments_list '><span class='hr-inner ' ><span class='hr-inner-style'><\/span><\/span><\/div>\n<div  class='av-buildercomment  av-blog-meta-html-info-disabled av-blog-meta-tag-disabled  '><\/div>\n","protected":false},"excerpt":{"rendered":"","protected":false},"author":1,"featured_media":40573,"comment_status":"open","ping_status":"open","sticky":false,"template":"","format":"standard","meta":{"footnotes":""},"categories":[35],"tags":[],"class_list":["post-40572","post","type-post","status-publish","format-standard","has-post-thumbnail","hentry","category-politica"],"jetpack_featured_media_url":"https:\/\/radiorevelacionfm.cl\/wp-content\/uploads\/2024\/03\/FOTO-1-9-1-1.jpg","_links":{"self":[{"href":"https:\/\/radiorevelacionfm.cl\/index.php?rest_route=\/wp\/v2\/posts\/40572","targetHints":{"allow":["GET"]}}],"collection":[{"href":"https:\/\/radiorevelacionfm.cl\/index.php?rest_route=\/wp\/v2\/posts"}],"about":[{"href":"https:\/\/radiorevelacionfm.cl\/index.php?rest_route=\/wp\/v2\/types\/post"}],"author":[{"embeddable":true,"href":"https:\/\/radiorevelacionfm.cl\/index.php?rest_route=\/wp\/v2\/users\/1"}],"replies":[{"embeddable":true,"href":"https:\/\/radiorevelacionfm.cl\/index.php?rest_route=%2Fwp%2Fv2%2Fcomments&post=40572"}],"version-history":[{"count":1,"href":"https:\/\/radiorevelacionfm.cl\/index.php?rest_route=\/wp\/v2\/posts\/40572\/revisions"}],"predecessor-version":[{"id":40574,"href":"https:\/\/radiorevelacionfm.cl\/index.php?rest_route=\/wp\/v2\/posts\/40572\/revisions\/40574"}],"wp:featuredmedia":[{"embeddable":true,"href":"https:\/\/radiorevelacionfm.cl\/index.php?rest_route=\/wp\/v2\/media\/40573"}],"wp:attachment":[{"href":"https:\/\/radiorevelacionfm.cl\/index.php?rest_route=%2Fwp%2Fv2%2Fmedia&parent=40572"}],"wp:term":[{"taxonomy":"category","embeddable":true,"href":"https:\/\/radiorevelacionfm.cl\/index.php?rest_route=%2Fwp%2Fv2%2Fcategories&post=40572"},{"taxonomy":"post_tag","embeddable":true,"href":"https:\/\/radiorevelacionfm.cl\/index.php?rest_route=%2Fwp%2Fv2%2Ftags&post=40572"}],"curies":[{"name":"wp","href":"https:\/\/api.w.org\/{rel}","templated":true}]}}