{"id":40569,"date":"2024-03-23T15:04:43","date_gmt":"2024-03-23T18:04:43","guid":{"rendered":"https:\/\/radiorevelacionfm.cl\/?p=40569"},"modified":"2024-03-23T15:04:43","modified_gmt":"2024-03-23T18:04:43","slug":"conaf-desarrolla-plan-de-manejo-de-reserva-nacional-kawesqar-con-amplia-participacion","status":"publish","type":"post","link":"https:\/\/radiorevelacionfm.cl\/?p=40569","title":{"rendered":"Conaf desarrolla plan de manejo de Reserva Nacional Kaw\u00e9sqar con amplia participaci\u00f3n"},"content":{"rendered":"<div class=\"flex_column av_one_full  flex_column_div av-zero-column-padding first  avia-builder-el-0  el_before_av_one_full  avia-builder-el-first  \" style='border-radius:0px; '><div  class='avia-image-container  av-styling-    avia-builder-el-1  avia-builder-el-no-sibling  avia-align-center '  itemprop=\"image\" itemscope=\"itemscope\" itemtype=\"https:\/\/schema.org\/ImageObject\"  ><div class='avia-image-container-inner'><div class='avia-image-overlay-wrap'><img decoding=\"async\" class='wp-image-40570 avia-img-lazy-loading-not-40570 avia_image' src=\"https:\/\/radiorevelacionfm.cl\/wp-content\/uploads\/2024\/03\/PHOTO-2024-03-20-18-59-03-2-1-1.jpg\" alt='' title='PHOTO-2024-03-20-18-59-03 2 (1) (1)' height=\"600\" width=\"800\"  itemprop=\"thumbnailUrl\" srcset=\"https:\/\/radiorevelacionfm.cl\/wp-content\/uploads\/2024\/03\/PHOTO-2024-03-20-18-59-03-2-1-1.jpg 800w, https:\/\/radiorevelacionfm.cl\/wp-content\/uploads\/2024\/03\/PHOTO-2024-03-20-18-59-03-2-1-1-300x225.jpg 300w, https:\/\/radiorevelacionfm.cl\/wp-content\/uploads\/2024\/03\/PHOTO-2024-03-20-18-59-03-2-1-1-768x576.jpg 768w, https:\/\/radiorevelacionfm.cl\/wp-content\/uploads\/2024\/03\/PHOTO-2024-03-20-18-59-03-2-1-1-705x529.jpg 705w, https:\/\/radiorevelacionfm.cl\/wp-content\/uploads\/2024\/03\/PHOTO-2024-03-20-18-59-03-2-1-1-450x338.jpg 450w, https:\/\/radiorevelacionfm.cl\/wp-content\/uploads\/2024\/03\/PHOTO-2024-03-20-18-59-03-2-1-1-600x450.jpg 600w\" sizes=\"(max-width: 800px) 100vw, 800px\" \/><\/div><\/div><\/div><\/div><div class=\"flex_column av_one_full  flex_column_div av-zero-column-padding first  avia-builder-el-2  el_after_av_one_full  el_before_av_one_full  column-top-margin\" style='border-radius:0px; '><section class=\"av_textblock_section \"  itemscope=\"itemscope\" itemtype=\"https:\/\/schema.org\/BlogPosting\" itemprop=\"blogPost\" ><div class='avia_textblock  '   itemprop=\"text\" ><p style=\"text-align: center;\"><strong><span style=\"font-size: 18pt;\">Conaf desarrolla plan de manejo de Reserva Nacional Kaw\u00e9sqar con amplia participaci\u00f3n<\/span><\/strong><\/p>\n<div id=\"gtx-trans\" style=\"position: absolute; left: -50px; top: 4.31534px;\">\n<div class=\"gtx-trans-icon\"><\/div>\n<\/div>\n<\/div><\/section><\/div><div class=\"flex_column av_one_full  flex_column_div av-zero-column-padding first  avia-builder-el-4  el_after_av_one_full  el_before_av_hr  column-top-margin\" style='border-radius:0px; '><section class=\"av_textblock_section \"  itemscope=\"itemscope\" itemtype=\"https:\/\/schema.org\/BlogPosting\" itemprop=\"blogPost\" ><div class='avia_textblock  '   itemprop=\"text\" ><p style=\"text-align: justify;\"><em>Proceso de participaci\u00f3n incluye a actores locales y regionales, incluso del \u00e1mbito cient\u00edfico, as\u00ed como a comunidades ind\u00edgenas de Punta Arenas, Puerto Natales y Puerto Ed\u00e9n, de la Regi\u00f3n de Magallanes. Por ello, se efectuar\u00e1 una consulta ind\u00edgena, en el marco del Convenio 169 de la OIT.<\/em><\/p>\n<p style=\"text-align: justify;\">Chile es l\u00edder mundial en protecci\u00f3n marina. Entre sus principales logros se encuentran tener bajo alg\u00fan grado de protecci\u00f3n el 42 % de sus aguas jurisdiccionales.<\/p>\n<p style=\"text-align: justify;\">No obstante, hay desaf\u00edos pendientes como la generaci\u00f3n de planes de manejo de las \u00e1reas marinas de la Patagonia chilena, entre las que destaca la Reserva Nacional Kaw\u00e9sqar en la Regi\u00f3n de Magallanes y Ant\u00e1rtica Chilena. Para cumplir con eso, la Corporaci\u00f3n Nacional Forestal, CONAF, lidera los procesos de elaboraci\u00f3n de planes de manejo y encabeza un proceso de consulta ciudadana amplia, con actor\u00edas territoriales, comunidades ind\u00edgenas, y representantes de sectores productivos, considerando la metodolog\u00eda internacional de \u201cEst\u00e1ndares Abiertos para la Pr\u00e1ctica de la Conservaci\u00f3n\u201d.<\/p>\n<p style=\"text-align: justify;\">Tal como se define en el \u201cManual para Planificaci\u00f3n del Manejo de las \u00c1reas Protegidas del SNASPE\u201d que incluye la metodolog\u00eda Est\u00e1ndares Abiertos, el plan de manejo de la Reserva Nacional Kaw\u00e9sqar, se encuentra en su etapa final de elaboraci\u00f3n, correspondiendo que el documento sea sometido por CONAF a una consulta ind\u00edgena dirigida al pueblo Kaw\u00e9sqar por ser quienes han habitado ancestralmente el territorio.<\/p>\n<p style=\"text-align: justify;\">El director regional de CONAF de Magallanes, Arturo Rojas, explic\u00f3 que la Corporaci\u00f3n en la Regi\u00f3n est\u00e1 abocada a cumplir con lo indicado en el art\u00edculo 71 de la Ley 21.600, la que expresa que toda \u00e1rea protegida deber\u00e1 contar con un plan de manejo, En ese sentido, enfatiz\u00f3, esta reserva nacional, que es la porci\u00f3n marina del territorio, es un lugar de uso tradicional ind\u00edgena por parte de la comunidad Kaw\u00e9sqar, \u201cmotivo por el cual el Estado de Chile pondr\u00e1 en marcha un proceso de consulta liderado por la CONAF\u201d.<\/p>\n<p style=\"text-align: justify;\">Actualmente el plan de manejo finaliz\u00f3 su fase t\u00e9cnica y el documento resultante ser\u00e1 sometido a consulta ind\u00edgena durante 2024 en Punta Arenas, Puerto Natales y Puerto Ed\u00e9n, localidades de la regi\u00f3n.<\/p>\n<p style=\"text-align: justify;\"><strong>Colaboraci\u00f3n p\u00fablico-privada <\/strong><\/p>\n<p style=\"text-align: justify;\">Para implementar planes de manejo de est\u00e1ndares internacionales, la Estrategia Nacional de Biodiversidad (2017-2030) contempla y promueve el generar alianzas de colaboraci\u00f3n p\u00fablico-privadas, En dicho marco, la Corporaci\u00f3n ha suscrito convenios de colaboraci\u00f3n con diversas entidades, destinados a recibir insumos que permitan fortalecer el ejercicio de las competencias p\u00fablicas que corresponden realizar a la Instituci\u00f3n.<\/p>\n<p style=\"text-align: justify;\">Sobre este punto, Rojas fue categ\u00f3rico en rechazar observaciones de sectores que han cuestionado la independencia del Estado para llevar adelante este proceso, por considerarlas apresuradas y sin fundamento. Sostuvo que \u201cel plan de manejo de la Reserva Nacional Kaw\u00e9sqar a\u00fan est\u00e1 en proceso de elaboraci\u00f3n, disponi\u00e9ndose los recursos para realizar la consulta ind\u00edgena, de conformidad con el Convenio 169 de la Organizaci\u00f3n Internacional del Trabajo (OIT). De esta manera, mal puede sostenerse que ha habido una influencia, captura y control de las decisiones, respecto de un instrumento que no est\u00e1 terminado, en el cual a\u00fan restan etapas\u201d, aclara.<\/p>\n<p style=\"text-align: justify;\">\u201cResulta fundamental destacar que las actividades de la CONAF se encuentran amparadas por los principios de transparencia y probidad\u201d, precis\u00f3 Rojas, quien record\u00f3 que dichas acciones cuentan con la publicidad requerida para los actos administrativos, y est\u00e1n al servicio de la comunidad, como todo el accionar de la Corporaci\u00f3n en el pa\u00eds. \u201cDe presentarse cualquier atisbo de conflicto de inter\u00e9s, la institucionalidad ofrece mecanismos para resolverlos y nuestra Corporaci\u00f3n siempre est\u00e1 disponible para contribuir a la resoluci\u00f3n de conflictos de este tipo\u201d, concluy\u00f3.<\/p>\n<\/div><\/section><\/div><div  style='height:50px' class='hr hr-invisible   avia-builder-el-6  el_after_av_one_full  el_before_av_social_share '><span class='hr-inner ' ><span class='hr-inner-style'><\/span><\/span><\/div><\/p>\n<div  class='av-social-sharing-box  avia-builder-el-7  el_after_av_hr  el_before_av_hr  '><div class='av-share-box'><h5 class='av-share-link-description av-no-toc '>Compartir esta noticia<\/h5><ul class='av-share-box-list noLightbox'><li class='av-share-link av-social-link-facebook' ><a target=\"_blank\" aria-label=\"Compartir en Facebook\" href='https:\/\/www.facebook.com\/sharer.php?u=https:\/\/radiorevelacionfm.cl\/?p=40569&#038;t=Conaf%20desarrolla%20plan%20de%20manejo%20de%20Reserva%20Nacional%20Kaw%C3%A9sqar%20con%20amplia%20participaci%C3%B3n' aria-hidden='false' data-av_icon='\ue8f3' data-av_iconfont='entypo-fontello' title='' data-avia-related-tooltip='Compartir en Facebook' rel=\"noopener\"><span class='avia_hidden_link_text'>Compartir en Facebook<\/span><\/a><\/li><li class='av-share-link av-social-link-twitter' ><a target=\"_blank\" aria-label=\"Compartir en Twitter\" href='https:\/\/twitter.com\/share?text=Conaf%20desarrolla%20plan%20de%20manejo%20de%20Reserva%20Nacional%20Kaw%C3%A9sqar%20con%20amplia%20participaci%C3%B3n&#038;url=https:\/\/radiorevelacionfm.cl\/?p=40569' aria-hidden='false' data-av_icon='\ue8f1' data-av_iconfont='entypo-fontello' title='' data-avia-related-tooltip='Compartir en Twitter' rel=\"noopener\"><span class='avia_hidden_link_text'>Compartir en Twitter<\/span><\/a><\/li><li class='av-share-link av-social-link-whatsapp' ><a target=\"_blank\" aria-label=\"Compartir en Whatsapp\" href='https:\/\/api.whatsapp.com\/send?text=https:\/\/radiorevelacionfm.cl\/?p=40569' aria-hidden='false' data-av_icon='\uf232' data-av_iconfont='entypo-fontello' title='' data-avia-related-tooltip='Compartir en Whatsapp' rel=\"noopener\"><span class='avia_hidden_link_text'>Compartir en Whatsapp<\/span><\/a><\/li><li class='av-share-link av-social-link-linkedin' ><a target=\"_blank\" aria-label=\"Compartir en LinkedIn\" href='https:\/\/linkedin.com\/shareArticle?mini=true&#038;title=Conaf%20desarrolla%20plan%20de%20manejo%20de%20Reserva%20Nacional%20Kaw%C3%A9sqar%20con%20amplia%20participaci%C3%B3n&#038;url=https:\/\/radiorevelacionfm.cl\/?p=40569' aria-hidden='false' data-av_icon='\ue8fc' data-av_iconfont='entypo-fontello' title='' data-avia-related-tooltip='Compartir en LinkedIn' rel=\"noopener\"><span class='avia_hidden_link_text'>Compartir en LinkedIn<\/span><\/a><\/li><li class='av-share-link av-social-link-mail' ><a  aria-label=\"Compartir por correo\" href='mailto:?subject=Conaf%20desarrolla%20plan%20de%20manejo%20de%20Reserva%20Nacional%20Kaw%C3%A9sqar%20con%20amplia%20participaci%C3%B3n&#038;body=https:\/\/radiorevelacionfm.cl\/?p=40569' aria-hidden='false' data-av_icon='\ue805' data-av_iconfont='entypo-fontello' title='' data-avia-related-tooltip='Compartir por correo'><span class='avia_hidden_link_text'>Compartir por correo<\/span><\/a><\/li><\/ul><\/div><\/div>\n<div  style='height:50px' class='hr hr-invisible   avia-builder-el-8  el_after_av_social_share  el_before_av_comments_list '><span class='hr-inner ' ><span class='hr-inner-style'><\/span><\/span><\/div>\n<div  class='av-buildercomment  av-blog-meta-html-info-disabled av-blog-meta-tag-disabled  '><\/div>\n","protected":false},"excerpt":{"rendered":"","protected":false},"author":1,"featured_media":40570,"comment_status":"open","ping_status":"open","sticky":false,"template":"","format":"standard","meta":{"footnotes":""},"categories":[61],"tags":[],"class_list":["post-40569","post","type-post","status-publish","format-standard","has-post-thumbnail","hentry","category-nacional"],"jetpack_featured_media_url":"https:\/\/radiorevelacionfm.cl\/wp-content\/uploads\/2024\/03\/PHOTO-2024-03-20-18-59-03-2-1-1.jpg","_links":{"self":[{"href":"https:\/\/radiorevelacionfm.cl\/index.php?rest_route=\/wp\/v2\/posts\/40569","targetHints":{"allow":["GET"]}}],"collection":[{"href":"https:\/\/radiorevelacionfm.cl\/index.php?rest_route=\/wp\/v2\/posts"}],"about":[{"href":"https:\/\/radiorevelacionfm.cl\/index.php?rest_route=\/wp\/v2\/types\/post"}],"author":[{"embeddable":true,"href":"https:\/\/radiorevelacionfm.cl\/index.php?rest_route=\/wp\/v2\/users\/1"}],"replies":[{"embeddable":true,"href":"https:\/\/radiorevelacionfm.cl\/index.php?rest_route=%2Fwp%2Fv2%2Fcomments&post=40569"}],"version-history":[{"count":1,"href":"https:\/\/radiorevelacionfm.cl\/index.php?rest_route=\/wp\/v2\/posts\/40569\/revisions"}],"predecessor-version":[{"id":40571,"href":"https:\/\/radiorevelacionfm.cl\/index.php?rest_route=\/wp\/v2\/posts\/40569\/revisions\/40571"}],"wp:featuredmedia":[{"embeddable":true,"href":"https:\/\/radiorevelacionfm.cl\/index.php?rest_route=\/wp\/v2\/media\/40570"}],"wp:attachment":[{"href":"https:\/\/radiorevelacionfm.cl\/index.php?rest_route=%2Fwp%2Fv2%2Fmedia&parent=40569"}],"wp:term":[{"taxonomy":"category","embeddable":true,"href":"https:\/\/radiorevelacionfm.cl\/index.php?rest_route=%2Fwp%2Fv2%2Fcategories&post=40569"},{"taxonomy":"post_tag","embeddable":true,"href":"https:\/\/radiorevelacionfm.cl\/index.php?rest_route=%2Fwp%2Fv2%2Ftags&post=40569"}],"curies":[{"name":"wp","href":"https:\/\/api.w.org\/{rel}","templated":true}]}}