{"id":40566,"date":"2024-03-21T11:42:27","date_gmt":"2024-03-21T14:42:27","guid":{"rendered":"https:\/\/radiorevelacionfm.cl\/?p=40566"},"modified":"2024-03-21T11:42:27","modified_gmt":"2024-03-21T14:42:27","slug":"fiscal-de-aysen-carlos-palma-dirigio-allanamientos-en-reparticiones-publicas-de-magallanes-en-el-marco-del-caso-convenios","status":"publish","type":"post","link":"https:\/\/radiorevelacionfm.cl\/?p=40566","title":{"rendered":"Fiscal de Ays\u00e9n, Carlos Palma, dirigi\u00f3 allanamientos en reparticiones p\u00fablicas de Magallanes en el marco del caso Convenios"},"content":{"rendered":"<div class=\"flex_column av_one_full  flex_column_div av-zero-column-padding first  avia-builder-el-0  el_before_av_one_full  avia-builder-el-first  \" style='border-radius:0px; '><div  class='avia-image-container  av-styling-    avia-builder-el-1  avia-builder-el-no-sibling  avia-align-center '  itemprop=\"image\" itemscope=\"itemscope\" itemtype=\"https:\/\/schema.org\/ImageObject\"  ><div class='avia-image-container-inner'><div class='avia-image-overlay-wrap'><img decoding=\"async\" class='wp-image-40567 avia-img-lazy-loading-not-40567 avia_image' src=\"https:\/\/radiorevelacionfm.cl\/wp-content\/uploads\/2024\/03\/3-61-1_optimized.jpeg\" alt='' title='3-(61)-(1)_optimized' height=\"600\" width=\"842\"  itemprop=\"thumbnailUrl\" srcset=\"https:\/\/radiorevelacionfm.cl\/wp-content\/uploads\/2024\/03\/3-61-1_optimized.jpeg 842w, https:\/\/radiorevelacionfm.cl\/wp-content\/uploads\/2024\/03\/3-61-1_optimized-300x214.jpeg 300w, https:\/\/radiorevelacionfm.cl\/wp-content\/uploads\/2024\/03\/3-61-1_optimized-768x547.jpeg 768w, https:\/\/radiorevelacionfm.cl\/wp-content\/uploads\/2024\/03\/3-61-1_optimized-260x185.jpeg 260w, https:\/\/radiorevelacionfm.cl\/wp-content\/uploads\/2024\/03\/3-61-1_optimized-705x502.jpeg 705w, https:\/\/radiorevelacionfm.cl\/wp-content\/uploads\/2024\/03\/3-61-1_optimized-450x321.jpeg 450w, https:\/\/radiorevelacionfm.cl\/wp-content\/uploads\/2024\/03\/3-61-1_optimized-600x428.jpeg 600w\" sizes=\"(max-width: 842px) 100vw, 842px\" \/><\/div><\/div><\/div><\/div><div class=\"flex_column av_one_full  flex_column_div av-zero-column-padding first  avia-builder-el-2  el_after_av_one_full  el_before_av_one_full  column-top-margin\" style='border-radius:0px; '><section class=\"av_textblock_section \"  itemscope=\"itemscope\" itemtype=\"https:\/\/schema.org\/BlogPosting\" itemprop=\"blogPost\" ><div class='avia_textblock  '   itemprop=\"text\" ><p style=\"text-align: center;\"><strong><span style=\"font-size: 18pt;\">Fiscal de Ays\u00e9n, Carlos Palma, dirigi\u00f3 allanamientos en reparticiones p\u00fablicas de Magallanes en el marco del caso Convenios<\/span><\/strong><\/p>\n<div id=\"gtx-trans\" style=\"position: absolute; left: -50px; top: 4.31534px;\">\n<div class=\"gtx-trans-icon\"><\/div>\n<\/div>\n<\/div><\/section><\/div><div class=\"flex_column av_one_full  flex_column_div av-zero-column-padding first  avia-builder-el-4  el_after_av_one_full  el_before_av_hr  column-top-margin\" style='border-radius:0px; '><section class=\"av_textblock_section \"  itemscope=\"itemscope\" itemtype=\"https:\/\/schema.org\/BlogPosting\" itemprop=\"blogPost\" ><div class='avia_textblock  '   itemprop=\"text\" ><p style=\"font-weight: 400; text-align: justify;\">Equipos especializados del Ministerio P\u00fablico y la PDI incautaron documentaci\u00f3n y equipos desde el GORE de Magallanes, Minvu, Serviu y la Municipalidad de Porvenir.<\/p>\n<p style=\"font-weight: 400; text-align: justify;\">Como parte de la arista Procultura del caso Convenios, un equipo a cargo del Fiscal Regional de Ays\u00e9n, Carlos Palma Guerra, efectu\u00f3 hoy diligencias intrusivas en el GORE de Magallanes, Minvu, Serviu y la Municipalidad de Porvenir, como parte de las diligencias de investigaci\u00f3n en una causa por eventual fraude al fisco y tr\u00e1fico de influencias. Dos semanas atr\u00e1s se hab\u00edan efectuado allanamientos en dependencias del Gobierno Regional del \u00d1uble en Chill\u00e1n y en oficinas particulares de empresas que tuvieron relaci\u00f3n con Procultura, tanto en Chill\u00e1n como en Concepci\u00f3n.<\/p>\n<p style=\"font-weight: 400; text-align: justify;\">\u201cHemos realizado, en virtud de \u00f3rdenes judiciales, medidas intrusivas en distintas localidades que dicen relaci\u00f3n con la investigaci\u00f3n que el Fiscal Nacional me asign\u00f3 en el marco de Procultura, caso fundaciones\u201d, explic\u00f3 en Punta Arenas el Fiscal Regional, Carlos Palma.<\/p>\n<p style=\"font-weight: 400; text-align: justify;\">\u201cCreemos que en estos lugares (Gore, Minvu, Serviu y Municipalidad de Porvenir) pueden existir antecedentes que son importantes en relaci\u00f3n con la prueba de los delitos que estamos investigando\u201d, agreg\u00f3 el persecutor penal quien fue asignado en diciembre por la Fiscal\u00eda Nacional para dirigir esta investigaci\u00f3n.<\/p>\n<p style=\"font-weight: 400; text-align: justify;\">EQUIPO ESPECIALIZADO<\/p>\n<p style=\"font-weight: 400; text-align: justify;\">El fiscal Palma detall\u00f3 que \u201cestamos trabajando con un equipo especializado de la Polic\u00eda de Investigaciones, en las distintas localidades; grupos a cargo de fiscales que pertenecen a Alta Complejidad\u201d.<\/p>\n<p style=\"font-weight: 400; text-align: justify;\">El equipo investigativo que viaj\u00f3 hasta la zona austral del pa\u00eds, est\u00e1 conformado por funcionarios de la Fiscal\u00eda de Alta Complejidad de la Fiscal\u00eda Regional de Ays\u00e9n, una Fuerza de Tarea con dedicaci\u00f3n exclusiva de la Brigada Investigadora Anticorrupci\u00f3n y la Brigada Investigadora del Cibercrimen Metropolitana y el apoyo de la Brigada de Delitos Econ\u00f3micos de la Regi\u00f3n de Magallanes y la Ant\u00e1rtica Chilena y Coyhaique, entre otros.<\/p>\n<p style=\"font-weight: 400; text-align: justify;\">MEDIOS DE PRUEBA<\/p>\n<p style=\"font-weight: 400; text-align: justify;\">\u201cEstamos logrando determinar qu\u00e9 es lo que ocurri\u00f3, por eso estamos levantando en los distintos lugares, medios de prueba para poder esclarecer lo que efectivamente sucedi\u00f3 en este caso\u201d, coment\u00f3 Carlos Palma a los medios de comunicaci\u00f3n.<\/p>\n<p style=\"font-weight: 400; text-align: justify;\">Respecto de si se han tomado declaraciones a personas en calidad de imputados, el fiscal del Ministerio P\u00fablico manifest\u00f3 que \u201ctodav\u00eda no, en el marco de las diligencias que estoy dirigiendo, no le he tomado declaraci\u00f3n a ning\u00fan imputado a\u00fan; estamos estableciendo primeramente los hechos, levantando la documentaci\u00f3n necesaria y posteriormente tomaremos decisiones\u201d.<\/p>\n<\/div><\/section><\/div><div  style='height:50px' class='hr hr-invisible   avia-builder-el-6  el_after_av_one_full  el_before_av_social_share '><span class='hr-inner ' ><span class='hr-inner-style'><\/span><\/span><\/div><\/p>\n<div  class='av-social-sharing-box  avia-builder-el-7  el_after_av_hr  el_before_av_hr  '><div class='av-share-box'><h5 class='av-share-link-description av-no-toc '>Compartir esta noticia<\/h5><ul class='av-share-box-list noLightbox'><li class='av-share-link av-social-link-facebook' ><a target=\"_blank\" aria-label=\"Compartir en Facebook\" href='https:\/\/www.facebook.com\/sharer.php?u=https:\/\/radiorevelacionfm.cl\/?p=40566&#038;t=Fiscal%20de%20Ays%C3%A9n%2C%20Carlos%20Palma%2C%20dirigi%C3%B3%20allanamientos%20en%20reparticiones%20p%C3%BAblicas%20de%20Magallanes%20en%20el%20marco%20del%20caso%20Convenios' aria-hidden='false' data-av_icon='\ue8f3' data-av_iconfont='entypo-fontello' title='' data-avia-related-tooltip='Compartir en Facebook' rel=\"noopener\"><span class='avia_hidden_link_text'>Compartir en Facebook<\/span><\/a><\/li><li class='av-share-link av-social-link-twitter' ><a target=\"_blank\" aria-label=\"Compartir en Twitter\" href='https:\/\/twitter.com\/share?text=Fiscal%20de%20Ays%C3%A9n%2C%20Carlos%20Palma%2C%20dirigi%C3%B3%20allanamientos%20en%20reparticiones%20p%C3%BAblicas%20de%20Magallanes%20en%20el%20marco%20del%20caso%20Convenios&#038;url=https:\/\/radiorevelacionfm.cl\/?p=40566' aria-hidden='false' data-av_icon='\ue8f1' data-av_iconfont='entypo-fontello' title='' data-avia-related-tooltip='Compartir en Twitter' rel=\"noopener\"><span class='avia_hidden_link_text'>Compartir en Twitter<\/span><\/a><\/li><li class='av-share-link av-social-link-whatsapp' ><a target=\"_blank\" aria-label=\"Compartir en Whatsapp\" href='https:\/\/api.whatsapp.com\/send?text=https:\/\/radiorevelacionfm.cl\/?p=40566' aria-hidden='false' data-av_icon='\uf232' data-av_iconfont='entypo-fontello' title='' data-avia-related-tooltip='Compartir en Whatsapp' rel=\"noopener\"><span class='avia_hidden_link_text'>Compartir en Whatsapp<\/span><\/a><\/li><li class='av-share-link av-social-link-linkedin' ><a target=\"_blank\" aria-label=\"Compartir en LinkedIn\" href='https:\/\/linkedin.com\/shareArticle?mini=true&#038;title=Fiscal%20de%20Ays%C3%A9n%2C%20Carlos%20Palma%2C%20dirigi%C3%B3%20allanamientos%20en%20reparticiones%20p%C3%BAblicas%20de%20Magallanes%20en%20el%20marco%20del%20caso%20Convenios&#038;url=https:\/\/radiorevelacionfm.cl\/?p=40566' aria-hidden='false' data-av_icon='\ue8fc' data-av_iconfont='entypo-fontello' title='' data-avia-related-tooltip='Compartir en LinkedIn' rel=\"noopener\"><span class='avia_hidden_link_text'>Compartir en LinkedIn<\/span><\/a><\/li><li class='av-share-link av-social-link-mail' ><a  aria-label=\"Compartir por correo\" href='mailto:?subject=Fiscal%20de%20Ays%C3%A9n%2C%20Carlos%20Palma%2C%20dirigi%C3%B3%20allanamientos%20en%20reparticiones%20p%C3%BAblicas%20de%20Magallanes%20en%20el%20marco%20del%20caso%20Convenios&#038;body=https:\/\/radiorevelacionfm.cl\/?p=40566' aria-hidden='false' data-av_icon='\ue805' data-av_iconfont='entypo-fontello' title='' data-avia-related-tooltip='Compartir por correo'><span class='avia_hidden_link_text'>Compartir por correo<\/span><\/a><\/li><\/ul><\/div><\/div>\n<div  style='height:50px' class='hr hr-invisible   avia-builder-el-8  el_after_av_social_share  el_before_av_comments_list '><span class='hr-inner ' ><span class='hr-inner-style'><\/span><\/span><\/div>\n<div  class='av-buildercomment  av-blog-meta-html-info-disabled av-blog-meta-tag-disabled  '><\/div>\n","protected":false},"excerpt":{"rendered":"","protected":false},"author":1,"featured_media":40567,"comment_status":"open","ping_status":"open","sticky":false,"template":"","format":"standard","meta":{"footnotes":""},"categories":[55],"tags":[],"class_list":["post-40566","post","type-post","status-publish","format-standard","has-post-thumbnail","hentry","category-justicia"],"jetpack_featured_media_url":"https:\/\/radiorevelacionfm.cl\/wp-content\/uploads\/2024\/03\/3-61-1_optimized.jpeg","_links":{"self":[{"href":"https:\/\/radiorevelacionfm.cl\/index.php?rest_route=\/wp\/v2\/posts\/40566","targetHints":{"allow":["GET"]}}],"collection":[{"href":"https:\/\/radiorevelacionfm.cl\/index.php?rest_route=\/wp\/v2\/posts"}],"about":[{"href":"https:\/\/radiorevelacionfm.cl\/index.php?rest_route=\/wp\/v2\/types\/post"}],"author":[{"embeddable":true,"href":"https:\/\/radiorevelacionfm.cl\/index.php?rest_route=\/wp\/v2\/users\/1"}],"replies":[{"embeddable":true,"href":"https:\/\/radiorevelacionfm.cl\/index.php?rest_route=%2Fwp%2Fv2%2Fcomments&post=40566"}],"version-history":[{"count":1,"href":"https:\/\/radiorevelacionfm.cl\/index.php?rest_route=\/wp\/v2\/posts\/40566\/revisions"}],"predecessor-version":[{"id":40568,"href":"https:\/\/radiorevelacionfm.cl\/index.php?rest_route=\/wp\/v2\/posts\/40566\/revisions\/40568"}],"wp:featuredmedia":[{"embeddable":true,"href":"https:\/\/radiorevelacionfm.cl\/index.php?rest_route=\/wp\/v2\/media\/40567"}],"wp:attachment":[{"href":"https:\/\/radiorevelacionfm.cl\/index.php?rest_route=%2Fwp%2Fv2%2Fmedia&parent=40566"}],"wp:term":[{"taxonomy":"category","embeddable":true,"href":"https:\/\/radiorevelacionfm.cl\/index.php?rest_route=%2Fwp%2Fv2%2Fcategories&post=40566"},{"taxonomy":"post_tag","embeddable":true,"href":"https:\/\/radiorevelacionfm.cl\/index.php?rest_route=%2Fwp%2Fv2%2Ftags&post=40566"}],"curies":[{"name":"wp","href":"https:\/\/api.w.org\/{rel}","templated":true}]}}