{"id":40563,"date":"2024-03-21T09:23:07","date_gmt":"2024-03-21T12:23:07","guid":{"rendered":"https:\/\/radiorevelacionfm.cl\/?p=40563"},"modified":"2024-03-21T09:23:07","modified_gmt":"2024-03-21T12:23:07","slug":"ponen-en-marcha-conservacion-de-caminos-en-zona-centro-de-la-region-de-aysen","status":"publish","type":"post","link":"https:\/\/radiorevelacionfm.cl\/?p=40563","title":{"rendered":"Ponen en marcha conservaci\u00f3n de caminos en zona centro de la regi\u00f3n de Ays\u00e9n"},"content":{"rendered":"<div class=\"flex_column av_one_full  flex_column_div av-zero-column-padding first  avia-builder-el-0  el_before_av_one_full  avia-builder-el-first  \" style='border-radius:0px; '><div  class='avia-image-container  av-styling-    avia-builder-el-1  avia-builder-el-no-sibling  avia-align-center '  itemprop=\"image\" itemscope=\"itemscope\" itemtype=\"https:\/\/schema.org\/ImageObject\"  ><div class='avia-image-container-inner'><div class='avia-image-overlay-wrap'><img decoding=\"async\" class='wp-image-40564 avia-img-lazy-loading-not-40564 avia_image' src=\"https:\/\/radiorevelacionfm.cl\/wp-content\/uploads\/2024\/03\/VORTEGA-1-1-1-1.jpg\" alt='' title='VORTEGA-1 (1) (1) (1)' height=\"600\" width=\"900\"  itemprop=\"thumbnailUrl\" srcset=\"https:\/\/radiorevelacionfm.cl\/wp-content\/uploads\/2024\/03\/VORTEGA-1-1-1-1.jpg 900w, https:\/\/radiorevelacionfm.cl\/wp-content\/uploads\/2024\/03\/VORTEGA-1-1-1-1-300x200.jpg 300w, https:\/\/radiorevelacionfm.cl\/wp-content\/uploads\/2024\/03\/VORTEGA-1-1-1-1-768x512.jpg 768w, https:\/\/radiorevelacionfm.cl\/wp-content\/uploads\/2024\/03\/VORTEGA-1-1-1-1-705x470.jpg 705w, https:\/\/radiorevelacionfm.cl\/wp-content\/uploads\/2024\/03\/VORTEGA-1-1-1-1-450x300.jpg 450w, https:\/\/radiorevelacionfm.cl\/wp-content\/uploads\/2024\/03\/VORTEGA-1-1-1-1-600x400.jpg 600w\" sizes=\"(max-width: 900px) 100vw, 900px\" \/><\/div><\/div><\/div><\/div><div class=\"flex_column av_one_full  flex_column_div av-zero-column-padding first  avia-builder-el-2  el_after_av_one_full  el_before_av_one_full  column-top-margin\" style='border-radius:0px; '><section class=\"av_textblock_section \"  itemscope=\"itemscope\" itemtype=\"https:\/\/schema.org\/BlogPosting\" itemprop=\"blogPost\" ><div class='avia_textblock  '   itemprop=\"text\" ><p style=\"text-align: center;\"><strong><span style=\"font-size: 18pt;\">Ponen en marcha conservaci\u00f3n de caminos en zona centro de la regi\u00f3n de Ays\u00e9n<\/span><\/strong><\/p>\n<div id=\"gtx-trans\" style=\"position: absolute; left: -50px; top: 4.31534px;\">\n<div class=\"gtx-trans-icon\"><\/div>\n<\/div>\n<\/div><\/section><\/div><div class=\"flex_column av_one_full  flex_column_div av-zero-column-padding first  avia-builder-el-4  el_after_av_one_full  el_before_av_hr  column-top-margin\" style='border-radius:0px; '><section class=\"av_textblock_section \"  itemscope=\"itemscope\" itemtype=\"https:\/\/schema.org\/BlogPosting\" itemprop=\"blogPost\" ><div class='avia_textblock  '   itemprop=\"text\" ><p style=\"text-align: justify;\">Hasta Villa Ortega viaj\u00f3 esta semana el Secretario Regional Ministerial de Obras P\u00fablicas, Patricio Sanhueza Ulloa junto al Director Regional de Vialidad Renzo Sanders Cort\u00e9s y equipo para hacer entrega del terreno a las empresas constructoras que se adjudicaron las obras de Conservaci\u00f3n Global de Caminos ubicados en la zona centro de la regi\u00f3n de Ays\u00e9n, mediante la ejecuci\u00f3n de tres contratos que suman una inversi\u00f3n inicial de 41 mil millones de pesos, para abordar 980 kil\u00f3metros en 59 rutas, cubriendo el 27% de la red vial regional.<\/p>\n<p style=\"text-align: justify;\">En el cumplimiento de este importante hito, acompa\u00f1aron a los y las vecinas la Gobernadora Regional Andrea Mac\u00edas, el Delegado Presidencial Regional Rodrigo Araya Morales, la presidenta de la Junta de Vecinos de Villa Ortega Isabel Huichalao, la presidenta de la Junta de Vecinos N\u00b0 22 de Villa \u00d1irehuao Gloria Guzm\u00e1n y la comunidad proveniente de ambas localidades.<\/p>\n<p style=\"text-align: justify;\">Los tres contratos que fueron adjudicados a las empresas constructoras Flesan S.A. y Constructora H&amp;O Ltda., y ser\u00e1n fiscalizados por el equipo de Vialidad MOP, abarcan desde el sector del Cruce mina El Toqui por el lado norte\u00a0 hasta el Portezuelo Ib\u00e1\u00f1ez por el lado sur, de cordillera a mar, cubriendo las necesidades de conservaci\u00f3n de localidades como Coyhaique, Ays\u00e9n, Puerto Chacabuco, Ma\u00f1ihuales, \u00d1irehuao, El Gato, Balmaceda, Coyhaique Alto, Villa Ortega entre otras como Puerto Aguirre y Caleta Andrade que tambi\u00e9n son consideradas en esta Red, lo que implicar\u00e1 prestar servicio a la zona que concentra el 70 % de la poblaci\u00f3n regional.\u00a0 Esto es parte fundamental del gobierno del presidente Gabriel Boric, que impulsa como eje la seguridad econ\u00f3mica de las personas, as\u00ed como tambi\u00e9n escuchar y atender los requerimientos de las comunidades, independientemente del lugar donde vivan o cantidad de personas que tenga ese territorio.<\/p>\n<p style=\"text-align: justify;\">Siguiendo esta l\u00ednea de acci\u00f3n, el Seremi del MOP resalt\u00f3: \u201cEstamos llegando con los recursos de tres Contratos Globales de Conservaci\u00f3n de Caminos y 41 mil millones de pesos a peque\u00f1as localidades, lo que significa que hacemos carne lo que nos ha pedido el presidente: Somos todos importantes, no importa donde vivamos y no importa que seamos pocos. Estamos dejando una regi\u00f3n en una condici\u00f3n mucho mejor de como la recibimos y esperamos que esto venga acompa\u00f1ado con la reactivaci\u00f3n econ\u00f3mica de las localidades; queremos que la reactivaci\u00f3n econ\u00f3mica llegue a \u00d1irehuao y que llegue a Villa Ortega, porque hay muchas expectativas y esperanzas de nuestros coterr\u00e1neos de que puedan ser contratados\u00a0 y estamos felices con este tremendo hito. Nosotros estamos impulsando desde el Ministerio una tremenda cartera de inversiones y somos la primera regi\u00f3n a nivel nacional con 276 mil millones de pesos en licitaciones que vamos a llamar, algunas ya las hemos licitado y otras ya las hemos adjudicado, as\u00ed que estamos felices, porque traemos un mensaje de optimismo y esperanza que ya es tangible, as\u00ed que es una alegr\u00eda poder hacer este hito conjuntamente con las y los dirigentes y pobladores de las localidades\u201d.<\/p>\n<p style=\"text-align: justify;\">El Delegado Rodrigo Araya destac\u00f3 que \u201cel a\u00f1o 2022 solamente hab\u00eda un contrato de conservaci\u00f3n global operando, hubo un plan de trabajo muy importante y ahora partimos con la entrega de estas tres conservaciones globales de la zona central de la Cuenca del R\u00edo Simpson y del R\u00edo Ays\u00e9n, que involucra tres sectores con dos empresas que van a permitir la mantenci\u00f3n y mejora de los caminos para que las personas puedan ejercer sus derechos a la conectividad, de desplazamiento, de poder asistir a las citaciones de salud, a las actividades de educaci\u00f3n, en fin, esto favorece directamente la conectividad para la vida de las personas\u201d.<\/p>\n<p style=\"text-align: justify;\">En la ocasi\u00f3n, Patricio Sanhueza tambi\u00e9n agradeci\u00f3 a las empresas contratistas, \u201cque retoman confianza y se suman al desaf\u00edo de contribuir al desarrollo y el bienestar de nuestros habitantes. Adem\u00e1s, de la obra p\u00fablica en s\u00ed, la ejecuci\u00f3n de \u00e9sta genera una gran contrataci\u00f3n de mano de obra, la que estimamos en 80 personas por cada contrato de Conservaci\u00f3n Global de Caminos en forma directa\u201d. A ello se agregan todas las fuentes de trabajo que se ver\u00e1n beneficiadas en forma paralela, como son los prestadores de servicios de las distintas localidades, mejorando las condiciones materiales de todas y todos.<\/p>\n<p style=\"text-align: justify;\">Para Isabel Huichalao, presidenta de la Junta de Vecinos de Villa Ortega estas obras son muy importantes para el sector. \u201cNosotros como localidad estamos agradecidos por este hito que se est\u00e1 recibiendo hoy d\u00eda, para el mantenimiento de nuestras carreteras y nuestras rutas, que a veces son complicadas por el acceso, m\u00e1s en temporada de invierno en donde el camino se complica mucho m\u00e1s para el sector norte, as\u00ed que los m\u00e1s complicados que se ven ac\u00e1 son la gente que est\u00e1 desde Alto Ma\u00f1ihuales, El Gato, \u00d1irehuao, Rodeo Los Palos, etc. son los m\u00e1s complicados, as\u00ed que este hito de recibir a la empresa Flesan, va a mejorar mucho m\u00e1s la conexi\u00f3n con la ciudad de Coyhaique\u201d.<\/p>\n<p style=\"text-align: justify;\">En tanto, Gloria Guzm\u00e1n, presidenta de la Junta de Vecinos N\u00b022 de Villa \u00d1irehuao expres\u00f3: \u201cEs una gran noticia, enorme la que le vamos a llevar a los vecinos de los sectores R\u00edo Norte, Rodeo Los Palos, El Salto Ma\u00f1ihuales, Arroyo El Gato, Lago Largo, Ba\u00f1o Nuevo y tenemos el paso fronterizo que tambi\u00e9n es muy transitado, as\u00ed que feliz por esta gran noticia y ser\u00e1 transmitida a los vecinos de todos los sectores\u201d.<\/p>\n<\/div><\/section><\/div><div  style='height:50px' class='hr hr-invisible   avia-builder-el-6  el_after_av_one_full  el_before_av_social_share '><span class='hr-inner ' ><span class='hr-inner-style'><\/span><\/span><\/div><\/p>\n<div  class='av-social-sharing-box  avia-builder-el-7  el_after_av_hr  el_before_av_hr  '><div class='av-share-box'><h5 class='av-share-link-description av-no-toc '>Compartir esta noticia<\/h5><ul class='av-share-box-list noLightbox'><li class='av-share-link av-social-link-facebook' ><a target=\"_blank\" aria-label=\"Compartir en Facebook\" href='https:\/\/www.facebook.com\/sharer.php?u=https:\/\/radiorevelacionfm.cl\/?p=40563&#038;t=Ponen%20en%20marcha%20conservaci%C3%B3n%20de%20caminos%20en%20zona%20centro%20de%20la%20regi%C3%B3n%20de%20Ays%C3%A9n' aria-hidden='false' data-av_icon='\ue8f3' data-av_iconfont='entypo-fontello' title='' data-avia-related-tooltip='Compartir en Facebook' rel=\"noopener\"><span class='avia_hidden_link_text'>Compartir en Facebook<\/span><\/a><\/li><li class='av-share-link av-social-link-twitter' ><a target=\"_blank\" aria-label=\"Compartir en Twitter\" href='https:\/\/twitter.com\/share?text=Ponen%20en%20marcha%20conservaci%C3%B3n%20de%20caminos%20en%20zona%20centro%20de%20la%20regi%C3%B3n%20de%20Ays%C3%A9n&#038;url=https:\/\/radiorevelacionfm.cl\/?p=40563' aria-hidden='false' data-av_icon='\ue8f1' data-av_iconfont='entypo-fontello' title='' data-avia-related-tooltip='Compartir en Twitter' rel=\"noopener\"><span class='avia_hidden_link_text'>Compartir en Twitter<\/span><\/a><\/li><li class='av-share-link av-social-link-whatsapp' ><a target=\"_blank\" aria-label=\"Compartir en Whatsapp\" href='https:\/\/api.whatsapp.com\/send?text=https:\/\/radiorevelacionfm.cl\/?p=40563' aria-hidden='false' data-av_icon='\uf232' data-av_iconfont='entypo-fontello' title='' data-avia-related-tooltip='Compartir en Whatsapp' rel=\"noopener\"><span class='avia_hidden_link_text'>Compartir en Whatsapp<\/span><\/a><\/li><li class='av-share-link av-social-link-linkedin' ><a target=\"_blank\" aria-label=\"Compartir en LinkedIn\" href='https:\/\/linkedin.com\/shareArticle?mini=true&#038;title=Ponen%20en%20marcha%20conservaci%C3%B3n%20de%20caminos%20en%20zona%20centro%20de%20la%20regi%C3%B3n%20de%20Ays%C3%A9n&#038;url=https:\/\/radiorevelacionfm.cl\/?p=40563' aria-hidden='false' data-av_icon='\ue8fc' data-av_iconfont='entypo-fontello' title='' data-avia-related-tooltip='Compartir en LinkedIn' rel=\"noopener\"><span class='avia_hidden_link_text'>Compartir en LinkedIn<\/span><\/a><\/li><li class='av-share-link av-social-link-mail' ><a  aria-label=\"Compartir por correo\" href='mailto:?subject=Ponen%20en%20marcha%20conservaci%C3%B3n%20de%20caminos%20en%20zona%20centro%20de%20la%20regi%C3%B3n%20de%20Ays%C3%A9n&#038;body=https:\/\/radiorevelacionfm.cl\/?p=40563' aria-hidden='false' data-av_icon='\ue805' data-av_iconfont='entypo-fontello' title='' data-avia-related-tooltip='Compartir por correo'><span class='avia_hidden_link_text'>Compartir por correo<\/span><\/a><\/li><\/ul><\/div><\/div>\n<div  style='height:50px' class='hr hr-invisible   avia-builder-el-8  el_after_av_social_share  el_before_av_comments_list '><span class='hr-inner ' ><span class='hr-inner-style'><\/span><\/span><\/div>\n<div  class='av-buildercomment  av-blog-meta-html-info-disabled av-blog-meta-tag-disabled  '><\/div>\n","protected":false},"excerpt":{"rendered":"","protected":false},"author":1,"featured_media":40564,"comment_status":"open","ping_status":"open","sticky":false,"template":"","format":"standard","meta":{"footnotes":""},"categories":[38],"tags":[],"class_list":["post-40563","post","type-post","status-publish","format-standard","has-post-thumbnail","hentry","category-regional"],"jetpack_featured_media_url":"https:\/\/radiorevelacionfm.cl\/wp-content\/uploads\/2024\/03\/VORTEGA-1-1-1-1.jpg","_links":{"self":[{"href":"https:\/\/radiorevelacionfm.cl\/index.php?rest_route=\/wp\/v2\/posts\/40563","targetHints":{"allow":["GET"]}}],"collection":[{"href":"https:\/\/radiorevelacionfm.cl\/index.php?rest_route=\/wp\/v2\/posts"}],"about":[{"href":"https:\/\/radiorevelacionfm.cl\/index.php?rest_route=\/wp\/v2\/types\/post"}],"author":[{"embeddable":true,"href":"https:\/\/radiorevelacionfm.cl\/index.php?rest_route=\/wp\/v2\/users\/1"}],"replies":[{"embeddable":true,"href":"https:\/\/radiorevelacionfm.cl\/index.php?rest_route=%2Fwp%2Fv2%2Fcomments&post=40563"}],"version-history":[{"count":1,"href":"https:\/\/radiorevelacionfm.cl\/index.php?rest_route=\/wp\/v2\/posts\/40563\/revisions"}],"predecessor-version":[{"id":40565,"href":"https:\/\/radiorevelacionfm.cl\/index.php?rest_route=\/wp\/v2\/posts\/40563\/revisions\/40565"}],"wp:featuredmedia":[{"embeddable":true,"href":"https:\/\/radiorevelacionfm.cl\/index.php?rest_route=\/wp\/v2\/media\/40564"}],"wp:attachment":[{"href":"https:\/\/radiorevelacionfm.cl\/index.php?rest_route=%2Fwp%2Fv2%2Fmedia&parent=40563"}],"wp:term":[{"taxonomy":"category","embeddable":true,"href":"https:\/\/radiorevelacionfm.cl\/index.php?rest_route=%2Fwp%2Fv2%2Fcategories&post=40563"},{"taxonomy":"post_tag","embeddable":true,"href":"https:\/\/radiorevelacionfm.cl\/index.php?rest_route=%2Fwp%2Fv2%2Ftags&post=40563"}],"curies":[{"name":"wp","href":"https:\/\/api.w.org\/{rel}","templated":true}]}}