{"id":40560,"date":"2024-03-20T17:25:58","date_gmt":"2024-03-20T20:25:58","guid":{"rendered":"https:\/\/radiorevelacionfm.cl\/?p=40560"},"modified":"2024-03-20T19:09:20","modified_gmt":"2024-03-20T22:09:20","slug":"carabineros-de-coyhaique-detuvo-a-sujeto-por-robo-y-recupero-especies-asociadas-al-ilicito","status":"publish","type":"post","link":"https:\/\/radiorevelacionfm.cl\/?p=40560","title":{"rendered":"Carabineros de Coyhaique detuvo a sujeto por robo y recuper\u00f3 especies asociadas al il\u00edcito"},"content":{"rendered":"<div class=\"flex_column av_one_full  flex_column_div av-zero-column-padding first  avia-builder-el-0  el_before_av_one_full  avia-builder-el-first  \" style='border-radius:0px; '><div  class='avia-image-container  av-styling-    avia-builder-el-1  avia-builder-el-no-sibling  avia-align-center '  itemprop=\"image\" itemscope=\"itemscope\" itemtype=\"https:\/\/schema.org\/ImageObject\"  ><div class='avia-image-container-inner'><div class='avia-image-overlay-wrap'><img decoding=\"async\" class='wp-image-40561 avia-img-lazy-loading-not-40561 avia_image' src=\"https:\/\/radiorevelacionfm.cl\/wp-content\/uploads\/2024\/03\/85629c22-d031-49eb-a971-4969c1ab4327-1-1.jpg\" alt='' title='85629c22-d031-49eb-a971-4969c1ab4327 (1) (1)' height=\"690\" width=\"800\"  itemprop=\"thumbnailUrl\" srcset=\"https:\/\/radiorevelacionfm.cl\/wp-content\/uploads\/2024\/03\/85629c22-d031-49eb-a971-4969c1ab4327-1-1.jpg 800w, https:\/\/radiorevelacionfm.cl\/wp-content\/uploads\/2024\/03\/85629c22-d031-49eb-a971-4969c1ab4327-1-1-300x259.jpg 300w, https:\/\/radiorevelacionfm.cl\/wp-content\/uploads\/2024\/03\/85629c22-d031-49eb-a971-4969c1ab4327-1-1-768x662.jpg 768w, https:\/\/radiorevelacionfm.cl\/wp-content\/uploads\/2024\/03\/85629c22-d031-49eb-a971-4969c1ab4327-1-1-705x608.jpg 705w, https:\/\/radiorevelacionfm.cl\/wp-content\/uploads\/2024\/03\/85629c22-d031-49eb-a971-4969c1ab4327-1-1-450x388.jpg 450w, https:\/\/radiorevelacionfm.cl\/wp-content\/uploads\/2024\/03\/85629c22-d031-49eb-a971-4969c1ab4327-1-1-600x518.jpg 600w\" sizes=\"(max-width: 800px) 100vw, 800px\" \/><\/div><\/div><\/div><\/div><div class=\"flex_column av_one_full  flex_column_div av-zero-column-padding first  avia-builder-el-2  el_after_av_one_full  el_before_av_one_full  column-top-margin\" style='border-radius:0px; '><section class=\"av_textblock_section \"  itemscope=\"itemscope\" itemtype=\"https:\/\/schema.org\/BlogPosting\" itemprop=\"blogPost\" ><div class='avia_textblock  '   itemprop=\"text\" ><p style=\"text-align: center;\"><strong><span style=\"font-size: 18pt;\">Carabineros de Coyhaique detuvo a sujeto por robo y recuper\u00f3 especies asociadas al il\u00edcito<\/span><\/strong><\/p>\n<div id=\"gtx-trans\" style=\"position: absolute; left: -50px; top: 4.31534px;\">\n<div class=\"gtx-trans-icon\"><\/div>\n<\/div>\n<\/div><\/section><\/div><div class=\"flex_column av_one_full  flex_column_div av-zero-column-padding first  avia-builder-el-4  el_after_av_one_full  el_before_av_hr  column-top-margin\" style='border-radius:0px; '><section class=\"av_textblock_section \"  itemscope=\"itemscope\" itemtype=\"https:\/\/schema.org\/BlogPosting\" itemprop=\"blogPost\" ><div class='avia_textblock  '   itemprop=\"text\" ><p style=\"text-align: justify;\">Mientras Carabineros de Coyhaique desarrollaba un servicio preventivo en el sector alto de la ciudad, logr\u00f3 detener a un sujeto por el delito de robo en lugar habitado.<\/p>\n<p style=\"text-align: justify;\">Tras recibir previamente la denuncia, el personal efectuaba un patrullaje en la intersecci\u00f3n de las calles Lautaro con Ca\u00f1ete, instante en que Carabineros escuch\u00f3 ruidos provenientes desde una techumbre, sumado al ladrido de perros.<\/p>\n<p style=\"text-align: justify;\">Frente a lo anterior, el personal -haciendo uso del sistema de iluminaci\u00f3n que posee el veh\u00edculo policial para estos fines- alumbr\u00f3 en direcci\u00f3n hacia los ruidos, instante en que desde una de las viviendas del sector apareci\u00f3 un sujeto cuyas caracter\u00edsticas eran coincidentes con las informadas por la v\u00edctima.<\/p>\n<p style=\"text-align: justify;\">Ante esto, Carabineros efectu\u00f3 un control de identidad investigativo, pudiendo igualmente establecer que el sujeto no resid\u00eda en dicho inmueble, se\u00f1alando habitar en las proximidades.<\/p>\n<p style=\"text-align: justify;\">El personal se traslad\u00f3 al domicilio de \u00e9ste, pudiendo localizar un tel\u00e9fono celular y una bicicleta, especies que fueron reconocidas por la v\u00edctima, tras lo cual Carabineros realiz\u00f3 la lectura de sus derechos materializando su detenci\u00f3n por el delito de robo en lugar habitado, antecedentes que fueron puestos en conocimiento de la Fiscal\u00eda que dirige investigaci\u00f3n por este hecho.<\/p>\n<p style=\"text-align: justify;\">A requerimiento del Ministerio P\u00fablico, las diligencias y peritajes fueron encomendados a la Secci\u00f3n de Investigaci\u00f3n Policial (SIP) de la 1ra. Comisar\u00eda de Coyhaique y al Laboratorio de Criminal\u00edstica institucional (Labocar).<\/p>\n<p style=\"text-align: justify;\">Desde enero al 17 de marzo del presente a\u00f1o, Carabineros ha detenido a 1.092 personas por diversos delitos, de los cuales 13 son por robo, donde el 66% de estos registra detenciones previas por parte de Carabineros.<\/p>\n<\/div><\/section><\/div><div  style='height:50px' class='hr hr-invisible   avia-builder-el-6  el_after_av_one_full  el_before_av_social_share '><span class='hr-inner ' ><span class='hr-inner-style'><\/span><\/span><\/div><\/p>\n<div  class='av-social-sharing-box  avia-builder-el-7  el_after_av_hr  el_before_av_hr  '><div class='av-share-box'><h5 class='av-share-link-description av-no-toc '>Compartir esta noticia<\/h5><ul class='av-share-box-list noLightbox'><li class='av-share-link av-social-link-facebook' ><a target=\"_blank\" aria-label=\"Compartir en Facebook\" href='https:\/\/www.facebook.com\/sharer.php?u=https:\/\/radiorevelacionfm.cl\/?p=40560&#038;t=Carabineros%20de%20Coyhaique%20detuvo%20a%20sujeto%20por%20robo%20y%20recuper%C3%B3%20especies%20asociadas%20al%20il%C3%ADcito' aria-hidden='false' data-av_icon='\ue8f3' data-av_iconfont='entypo-fontello' title='' data-avia-related-tooltip='Compartir en Facebook' rel=\"noopener\"><span class='avia_hidden_link_text'>Compartir en Facebook<\/span><\/a><\/li><li class='av-share-link av-social-link-twitter' ><a target=\"_blank\" aria-label=\"Compartir en Twitter\" href='https:\/\/twitter.com\/share?text=Carabineros%20de%20Coyhaique%20detuvo%20a%20sujeto%20por%20robo%20y%20recuper%C3%B3%20especies%20asociadas%20al%20il%C3%ADcito&#038;url=https:\/\/radiorevelacionfm.cl\/?p=40560' aria-hidden='false' data-av_icon='\ue8f1' data-av_iconfont='entypo-fontello' title='' data-avia-related-tooltip='Compartir en Twitter' rel=\"noopener\"><span class='avia_hidden_link_text'>Compartir en Twitter<\/span><\/a><\/li><li class='av-share-link av-social-link-whatsapp' ><a target=\"_blank\" aria-label=\"Compartir en Whatsapp\" href='https:\/\/api.whatsapp.com\/send?text=https:\/\/radiorevelacionfm.cl\/?p=40560' aria-hidden='false' data-av_icon='\uf232' data-av_iconfont='entypo-fontello' title='' data-avia-related-tooltip='Compartir en Whatsapp' rel=\"noopener\"><span class='avia_hidden_link_text'>Compartir en Whatsapp<\/span><\/a><\/li><li class='av-share-link av-social-link-linkedin' ><a target=\"_blank\" aria-label=\"Compartir en LinkedIn\" href='https:\/\/linkedin.com\/shareArticle?mini=true&#038;title=Carabineros%20de%20Coyhaique%20detuvo%20a%20sujeto%20por%20robo%20y%20recuper%C3%B3%20especies%20asociadas%20al%20il%C3%ADcito&#038;url=https:\/\/radiorevelacionfm.cl\/?p=40560' aria-hidden='false' data-av_icon='\ue8fc' data-av_iconfont='entypo-fontello' title='' data-avia-related-tooltip='Compartir en LinkedIn' rel=\"noopener\"><span class='avia_hidden_link_text'>Compartir en LinkedIn<\/span><\/a><\/li><li class='av-share-link av-social-link-mail' ><a  aria-label=\"Compartir por correo\" href='mailto:?subject=Carabineros%20de%20Coyhaique%20detuvo%20a%20sujeto%20por%20robo%20y%20recuper%C3%B3%20especies%20asociadas%20al%20il%C3%ADcito&#038;body=https:\/\/radiorevelacionfm.cl\/?p=40560' aria-hidden='false' data-av_icon='\ue805' data-av_iconfont='entypo-fontello' title='' data-avia-related-tooltip='Compartir por correo'><span class='avia_hidden_link_text'>Compartir por correo<\/span><\/a><\/li><\/ul><\/div><\/div>\n<div  style='height:50px' class='hr hr-invisible   avia-builder-el-8  el_after_av_social_share  el_before_av_comments_list '><span class='hr-inner ' ><span class='hr-inner-style'><\/span><\/span><\/div>\n<div  class='av-buildercomment  av-blog-meta-html-info-disabled av-blog-meta-tag-disabled  '><\/div>\n","protected":false},"excerpt":{"rendered":"","protected":false},"author":1,"featured_media":40561,"comment_status":"open","ping_status":"open","sticky":false,"template":"","format":"standard","meta":{"footnotes":""},"categories":[36],"tags":[],"class_list":["post-40560","post","type-post","status-publish","format-standard","has-post-thumbnail","hentry","category-policial"],"jetpack_featured_media_url":"https:\/\/radiorevelacionfm.cl\/wp-content\/uploads\/2024\/03\/85629c22-d031-49eb-a971-4969c1ab4327-1-1.jpg","_links":{"self":[{"href":"https:\/\/radiorevelacionfm.cl\/index.php?rest_route=\/wp\/v2\/posts\/40560","targetHints":{"allow":["GET"]}}],"collection":[{"href":"https:\/\/radiorevelacionfm.cl\/index.php?rest_route=\/wp\/v2\/posts"}],"about":[{"href":"https:\/\/radiorevelacionfm.cl\/index.php?rest_route=\/wp\/v2\/types\/post"}],"author":[{"embeddable":true,"href":"https:\/\/radiorevelacionfm.cl\/index.php?rest_route=\/wp\/v2\/users\/1"}],"replies":[{"embeddable":true,"href":"https:\/\/radiorevelacionfm.cl\/index.php?rest_route=%2Fwp%2Fv2%2Fcomments&post=40560"}],"version-history":[{"count":1,"href":"https:\/\/radiorevelacionfm.cl\/index.php?rest_route=\/wp\/v2\/posts\/40560\/revisions"}],"predecessor-version":[{"id":40562,"href":"https:\/\/radiorevelacionfm.cl\/index.php?rest_route=\/wp\/v2\/posts\/40560\/revisions\/40562"}],"wp:featuredmedia":[{"embeddable":true,"href":"https:\/\/radiorevelacionfm.cl\/index.php?rest_route=\/wp\/v2\/media\/40561"}],"wp:attachment":[{"href":"https:\/\/radiorevelacionfm.cl\/index.php?rest_route=%2Fwp%2Fv2%2Fmedia&parent=40560"}],"wp:term":[{"taxonomy":"category","embeddable":true,"href":"https:\/\/radiorevelacionfm.cl\/index.php?rest_route=%2Fwp%2Fv2%2Fcategories&post=40560"},{"taxonomy":"post_tag","embeddable":true,"href":"https:\/\/radiorevelacionfm.cl\/index.php?rest_route=%2Fwp%2Fv2%2Ftags&post=40560"}],"curies":[{"name":"wp","href":"https:\/\/api.w.org\/{rel}","templated":true}]}}