{"id":40550,"date":"2024-03-20T18:30:59","date_gmt":"2024-03-20T21:30:59","guid":{"rendered":"https:\/\/radiorevelacionfm.cl\/?p=40550"},"modified":"2024-03-20T18:30:59","modified_gmt":"2024-03-20T21:30:59","slug":"vecinos-de-cochrane-critican-obras-de-pavimentacion-en-el-sector-entrada-norte","status":"publish","type":"post","link":"https:\/\/radiorevelacionfm.cl\/?p=40550","title":{"rendered":"Vecinos de Cochrane critican obras de pavimentaci\u00f3n en el sector entrada norte"},"content":{"rendered":"<div class=\"flex_column av_one_full  flex_column_div av-zero-column-padding first  avia-builder-el-0  el_before_av_one_full  avia-builder-el-first  \" style='border-radius:0px; '><div  class='avia-image-container  av-styling-    avia-builder-el-1  avia-builder-el-no-sibling  avia-align-center '  itemprop=\"image\" itemscope=\"itemscope\" itemtype=\"https:\/\/schema.org\/ImageObject\"  ><div class='avia-image-container-inner'><div class='avia-image-overlay-wrap'><img decoding=\"async\" class='wp-image-40551 avia-img-lazy-loading-not-40551 avia_image' src=\"https:\/\/radiorevelacionfm.cl\/wp-content\/uploads\/2024\/03\/foto-cochrane-1_optimized.jpg\" alt='' title='foto-cochrane-(1)_optimized' height=\"600\" width=\"780\"  itemprop=\"thumbnailUrl\" srcset=\"https:\/\/radiorevelacionfm.cl\/wp-content\/uploads\/2024\/03\/foto-cochrane-1_optimized.jpg 780w, https:\/\/radiorevelacionfm.cl\/wp-content\/uploads\/2024\/03\/foto-cochrane-1_optimized-300x231.jpg 300w, https:\/\/radiorevelacionfm.cl\/wp-content\/uploads\/2024\/03\/foto-cochrane-1_optimized-768x591.jpg 768w, https:\/\/radiorevelacionfm.cl\/wp-content\/uploads\/2024\/03\/foto-cochrane-1_optimized-705x542.jpg 705w, https:\/\/radiorevelacionfm.cl\/wp-content\/uploads\/2024\/03\/foto-cochrane-1_optimized-450x346.jpg 450w, https:\/\/radiorevelacionfm.cl\/wp-content\/uploads\/2024\/03\/foto-cochrane-1_optimized-600x462.jpg 600w\" sizes=\"(max-width: 780px) 100vw, 780px\" \/><\/div><\/div><\/div><\/div><div class=\"flex_column av_one_full  flex_column_div av-zero-column-padding first  avia-builder-el-2  el_after_av_one_full  el_before_av_one_full  column-top-margin\" style='border-radius:0px; '><section class=\"av_textblock_section \"  itemscope=\"itemscope\" itemtype=\"https:\/\/schema.org\/BlogPosting\" itemprop=\"blogPost\" ><div class='avia_textblock  '   itemprop=\"text\" ><p style=\"text-align: center;\"><strong><span style=\"font-size: 18pt;\">Vecinos de Cochrane critican obras de pavimentaci\u00f3n en el sector entrada norte<\/span><\/strong><\/p>\n<div id=\"gtx-trans\" style=\"position: absolute; left: -50px; top: 4.31534px;\">\n<div class=\"gtx-trans-icon\"><\/div>\n<\/div>\n<\/div><\/section><\/div><div class=\"flex_column av_one_full  flex_column_div av-zero-column-padding first  avia-builder-el-4  el_after_av_one_full  el_before_av_hr  column-top-margin\" style='border-radius:0px; '><section class=\"av_textblock_section \"  itemscope=\"itemscope\" itemtype=\"https:\/\/schema.org\/BlogPosting\" itemprop=\"blogPost\" ><div class='avia_textblock  '   itemprop=\"text\" ><p style=\"font-weight: 400; text-align: justify;\"><em>Los vecinos adem\u00e1s acusan pocas certezas e incertidumbre, porque la empresa encargada de la ejecuci\u00f3n del proyecto dejar\u00e1 inconclusa las faenas a fines de mayo por el t\u00e9rmino del contrato.<\/em><\/p>\n<p style=\"font-weight: 400; text-align: justify;\">En el marco del trabajo en terreno que realiz\u00f3 en Cochrane, el diputado Miguel \u00c1ngel Calisto se reuni\u00f3 con vecinos del sector acceso norte de la localidad, quienes le plantearon una serie de inconvenientes que han tenido debido a las obras de pavimentaci\u00f3n del camino, lo que a juicio de los propios afectados, ha mermado su calidad de vida.<\/p>\n<p style=\"font-weight: 400; text-align: justify;\">Se trata de la obra Mejoramiento Ruta 7 cuesta Traro Cochrane, la que lleva aproximadamente tres a\u00f1os de ejecuci\u00f3n. Los vecinos acusan que la empresa que est\u00e1 a cargo de la obra, Conpax, dejar\u00e1 sus labores en mayo de este a\u00f1o, y que no tienen certeza si se continuar\u00e1 con los trabajos.<\/p>\n<p style=\"font-weight: 400; text-align: justify;\">Seg\u00fan el diputado Calisto, \u201clamentablemente, las obras que se est\u00e1n realizando generan una serie de inconvenientes que terminan por afectar la vida cotidiana, ya sea en los accesos, o generando problemas con el agua potable y la luz el\u00e9ctrica. Hay diversas situaciones que est\u00e1n afectando a los cerca de 80 vecinos del sector. Nosotros hemos querido poner estos antecedentes ante el Ministerio, por lo que enviamos un oficio por este tema y nos reunimos con el director de Vialidad\u201d.<\/p>\n<p style=\"font-weight: 400; text-align: justify;\">\u201cNo es posible que habiendo recursos p\u00fablicos comprometidos ac\u00e1, haya tanta negligencia en la forma c\u00f3mo se est\u00e1n ejecutando. Hay desniveles, como tambi\u00e9n problemas de acceso por el bandej\u00f3n lineal, el que no permite que las familias que viven al otro lado de la carretera puedan devolverse a Cochrane, por lo que deben dar la vuelta cerca de cinco kil\u00f3metros m\u00e1s all\u00e1\u201d, se\u00f1al\u00f3.<\/p>\n<p style=\"font-weight: 400; text-align: justify;\">Calisto agreg\u00f3 que \u201chay un problema de dise\u00f1o. Esto ocurre cuando los proyectos se hacen desde el escritorio, y no entendiendo la participaci\u00f3n ciudadana que es tan importante para este tipo de iniciativas. Esto es parte de la Carretera Austral, por lo que las cosas deben hacerse bien. Esperamos que el gobierno reaccione r\u00e1pido, tomando en cuentas que las obras van a quedar abandonadas, porque la empresa ya avis\u00f3 que no continuar\u00e1\u201d.<\/p>\n<p style=\"font-weight: 400; text-align: justify;\">Seg\u00fan Natalia Petersen, vecina del sector y Secretaria del Comit\u00e9 de Adelanto Entrada Norte, \u201cestamos tremendamente preocupados y con la incertidumbre sobre qu\u00e9 va a pasar con nosotros el d\u00eda 26 de mayo, cuando la empresa que est\u00e1 trabajando se retire por t\u00e9rmino de contrato y nosotros quedemos nuevamente en pampa como quedamos el a\u00f1o pasado durante seis meses de no ejecuci\u00f3n de obra\u201d.<\/p>\n<p style=\"font-weight: 400; text-align: justify;\">\u201cPara nosotros lo m\u00e1s importante como vecinas y vecinos es que ac\u00e1 se apersone el seremi del MOP y nos diga los pasos concretos y cuales son las soluciones que vamos a tener, porque esta obra no aguanta tres a\u00f1os m\u00e1s en estas condiciones a medias en las que qued\u00f3\u201d, indic\u00f3.<\/p>\n<p style=\"font-weight: 400; text-align: justify;\">La vecina se\u00f1al\u00f3 que \u201cadem\u00e1s, se trata de una obra que ven\u00eda a beneficiarnos y a mejorar nuestra calidad de vida, pero lamentablemente ha sido todo lo contrario. Esto lo peleamos durante muchos a\u00f1os, cuando \u00e9ramos la \u00fanica provincia en Chile sin ning\u00fan metro cuadrado pavimentado de su carretera principal. Vemos con mucha pena esta realidad. El llamado es a las autoridades de Obras P\u00fablicas a que vengan y vean la dimensi\u00f3n grave que tiene este problema\u201d.<\/p>\n<p style=\"font-weight: 400; text-align: justify;\">Finalmente, Ra\u00fal Uribe, Presidente del Comit\u00e9, asegur\u00f3 que \u201ctenemos el problema de los servicios b\u00e1sicos que son las conexiones a agua potable. La red de alcantarillado ya qued\u00f3 bajo pavimento, lo que imposibilitar\u00e1 a los vecinos conectarse. Tenemos problemas con los medidores de luz y de agua. Lo que m\u00e1s nos preocupa es qu\u00e9 va a pasar con nosotros el d\u00eda 26 de mayo, porque ya sabemos de forma oficial que se acaba el contrato del MOP con la empresa contratista\u201d.<\/p>\n<\/div><\/section><\/div><div  style='height:50px' class='hr hr-invisible   avia-builder-el-6  el_after_av_one_full  el_before_av_social_share '><span class='hr-inner ' ><span class='hr-inner-style'><\/span><\/span><\/div><\/p>\n<div  class='av-social-sharing-box  avia-builder-el-7  el_after_av_hr  el_before_av_hr  '><div class='av-share-box'><h5 class='av-share-link-description av-no-toc '>Compartir esta noticia<\/h5><ul class='av-share-box-list noLightbox'><li class='av-share-link av-social-link-facebook' ><a target=\"_blank\" aria-label=\"Compartir en Facebook\" href='https:\/\/www.facebook.com\/sharer.php?u=https:\/\/radiorevelacionfm.cl\/?p=40550&#038;t=Vecinos%20de%20Cochrane%20critican%20obras%20de%20pavimentaci%C3%B3n%20en%20el%20sector%20entrada%20norte' aria-hidden='false' data-av_icon='\ue8f3' data-av_iconfont='entypo-fontello' title='' data-avia-related-tooltip='Compartir en Facebook' rel=\"noopener\"><span class='avia_hidden_link_text'>Compartir en Facebook<\/span><\/a><\/li><li class='av-share-link av-social-link-twitter' ><a target=\"_blank\" aria-label=\"Compartir en Twitter\" href='https:\/\/twitter.com\/share?text=Vecinos%20de%20Cochrane%20critican%20obras%20de%20pavimentaci%C3%B3n%20en%20el%20sector%20entrada%20norte&#038;url=https:\/\/radiorevelacionfm.cl\/?p=40550' aria-hidden='false' data-av_icon='\ue8f1' data-av_iconfont='entypo-fontello' title='' data-avia-related-tooltip='Compartir en Twitter' rel=\"noopener\"><span class='avia_hidden_link_text'>Compartir en Twitter<\/span><\/a><\/li><li class='av-share-link av-social-link-whatsapp' ><a target=\"_blank\" aria-label=\"Compartir en Whatsapp\" href='https:\/\/api.whatsapp.com\/send?text=https:\/\/radiorevelacionfm.cl\/?p=40550' aria-hidden='false' data-av_icon='\uf232' data-av_iconfont='entypo-fontello' title='' data-avia-related-tooltip='Compartir en Whatsapp' rel=\"noopener\"><span class='avia_hidden_link_text'>Compartir en Whatsapp<\/span><\/a><\/li><li class='av-share-link av-social-link-linkedin' ><a target=\"_blank\" aria-label=\"Compartir en LinkedIn\" href='https:\/\/linkedin.com\/shareArticle?mini=true&#038;title=Vecinos%20de%20Cochrane%20critican%20obras%20de%20pavimentaci%C3%B3n%20en%20el%20sector%20entrada%20norte&#038;url=https:\/\/radiorevelacionfm.cl\/?p=40550' aria-hidden='false' data-av_icon='\ue8fc' data-av_iconfont='entypo-fontello' title='' data-avia-related-tooltip='Compartir en LinkedIn' rel=\"noopener\"><span class='avia_hidden_link_text'>Compartir en LinkedIn<\/span><\/a><\/li><li class='av-share-link av-social-link-mail' ><a  aria-label=\"Compartir por correo\" href='mailto:?subject=Vecinos%20de%20Cochrane%20critican%20obras%20de%20pavimentaci%C3%B3n%20en%20el%20sector%20entrada%20norte&#038;body=https:\/\/radiorevelacionfm.cl\/?p=40550' aria-hidden='false' data-av_icon='\ue805' data-av_iconfont='entypo-fontello' title='' data-avia-related-tooltip='Compartir por correo'><span class='avia_hidden_link_text'>Compartir por correo<\/span><\/a><\/li><\/ul><\/div><\/div>\n<div  style='height:50px' class='hr hr-invisible   avia-builder-el-8  el_after_av_social_share  el_before_av_comments_list '><span class='hr-inner ' ><span class='hr-inner-style'><\/span><\/span><\/div>\n<div  class='av-buildercomment  av-blog-meta-html-info-disabled av-blog-meta-tag-disabled  '><\/div>\n","protected":false},"excerpt":{"rendered":"","protected":false},"author":1,"featured_media":40551,"comment_status":"open","ping_status":"open","sticky":false,"template":"","format":"standard","meta":{"footnotes":""},"categories":[38],"tags":[],"class_list":["post-40550","post","type-post","status-publish","format-standard","has-post-thumbnail","hentry","category-regional"],"jetpack_featured_media_url":"https:\/\/radiorevelacionfm.cl\/wp-content\/uploads\/2024\/03\/foto-cochrane-1_optimized.jpg","_links":{"self":[{"href":"https:\/\/radiorevelacionfm.cl\/index.php?rest_route=\/wp\/v2\/posts\/40550","targetHints":{"allow":["GET"]}}],"collection":[{"href":"https:\/\/radiorevelacionfm.cl\/index.php?rest_route=\/wp\/v2\/posts"}],"about":[{"href":"https:\/\/radiorevelacionfm.cl\/index.php?rest_route=\/wp\/v2\/types\/post"}],"author":[{"embeddable":true,"href":"https:\/\/radiorevelacionfm.cl\/index.php?rest_route=\/wp\/v2\/users\/1"}],"replies":[{"embeddable":true,"href":"https:\/\/radiorevelacionfm.cl\/index.php?rest_route=%2Fwp%2Fv2%2Fcomments&post=40550"}],"version-history":[{"count":2,"href":"https:\/\/radiorevelacionfm.cl\/index.php?rest_route=\/wp\/v2\/posts\/40550\/revisions"}],"predecessor-version":[{"id":40554,"href":"https:\/\/radiorevelacionfm.cl\/index.php?rest_route=\/wp\/v2\/posts\/40550\/revisions\/40554"}],"wp:featuredmedia":[{"embeddable":true,"href":"https:\/\/radiorevelacionfm.cl\/index.php?rest_route=\/wp\/v2\/media\/40551"}],"wp:attachment":[{"href":"https:\/\/radiorevelacionfm.cl\/index.php?rest_route=%2Fwp%2Fv2%2Fmedia&parent=40550"}],"wp:term":[{"taxonomy":"category","embeddable":true,"href":"https:\/\/radiorevelacionfm.cl\/index.php?rest_route=%2Fwp%2Fv2%2Fcategories&post=40550"},{"taxonomy":"post_tag","embeddable":true,"href":"https:\/\/radiorevelacionfm.cl\/index.php?rest_route=%2Fwp%2Fv2%2Ftags&post=40550"}],"curies":[{"name":"wp","href":"https:\/\/api.w.org\/{rel}","templated":true}]}}