{"id":40544,"date":"2024-03-20T17:30:29","date_gmt":"2024-03-20T20:30:29","guid":{"rendered":"https:\/\/radiorevelacionfm.cl\/?p=40544"},"modified":"2024-03-20T17:30:29","modified_gmt":"2024-03-20T20:30:29","slug":"aporte-de-empresa-local-busca-fortalecer-procesos-terapeuticos-del-hogar-protegido-en-puerto-aysen","status":"publish","type":"post","link":"https:\/\/radiorevelacionfm.cl\/?p=40544","title":{"rendered":"Aporte de empresa local busca fortalecer procesos terap\u00e9uticos del Hogar Protegido en Puerto Ays\u00e9n"},"content":{"rendered":"<div class=\"flex_column av_one_full  flex_column_div av-zero-column-padding first  avia-builder-el-0  el_before_av_one_full  avia-builder-el-first  \" style='border-radius:0px; '><div  class='avia-image-container  av-styling-    avia-builder-el-1  avia-builder-el-no-sibling  avia-align-center '  itemprop=\"image\" itemscope=\"itemscope\" itemtype=\"https:\/\/schema.org\/ImageObject\"  ><div class='avia-image-container-inner'><div class='avia-image-overlay-wrap'><img decoding=\"async\" class='wp-image-40545 avia-img-lazy-loading-not-40545 avia_image' src=\"https:\/\/radiorevelacionfm.cl\/wp-content\/uploads\/2024\/03\/convenio-huerto-t-11-1_optimized.jpeg\" alt='' title='convenio-huerto-t-11-(1)_optimized' height=\"600\" width=\"900\"  itemprop=\"thumbnailUrl\" srcset=\"https:\/\/radiorevelacionfm.cl\/wp-content\/uploads\/2024\/03\/convenio-huerto-t-11-1_optimized.jpeg 900w, https:\/\/radiorevelacionfm.cl\/wp-content\/uploads\/2024\/03\/convenio-huerto-t-11-1_optimized-300x200.jpeg 300w, https:\/\/radiorevelacionfm.cl\/wp-content\/uploads\/2024\/03\/convenio-huerto-t-11-1_optimized-768x512.jpeg 768w, https:\/\/radiorevelacionfm.cl\/wp-content\/uploads\/2024\/03\/convenio-huerto-t-11-1_optimized-705x470.jpeg 705w, https:\/\/radiorevelacionfm.cl\/wp-content\/uploads\/2024\/03\/convenio-huerto-t-11-1_optimized-450x300.jpeg 450w, https:\/\/radiorevelacionfm.cl\/wp-content\/uploads\/2024\/03\/convenio-huerto-t-11-1_optimized-600x400.jpeg 600w\" sizes=\"(max-width: 900px) 100vw, 900px\" \/><\/div><\/div><\/div><\/div><div class=\"flex_column av_one_full  flex_column_div av-zero-column-padding first  avia-builder-el-2  el_after_av_one_full  el_before_av_one_full  column-top-margin\" style='border-radius:0px; '><section class=\"av_textblock_section \"  itemscope=\"itemscope\" itemtype=\"https:\/\/schema.org\/BlogPosting\" itemprop=\"blogPost\" ><div class='avia_textblock  '   itemprop=\"text\" ><p style=\"text-align: center;\"><strong><span style=\"font-size: 18pt;\">Aporte de empresa local busca fortalecer procesos terap\u00e9uticos del Hogar Protegido en Puerto Ays\u00e9n<\/span><\/strong><\/p>\n<div id=\"gtx-trans\" style=\"position: absolute; left: -50px; top: 4.31534px;\">\n<div class=\"gtx-trans-icon\"><\/div>\n<\/div>\n<\/div><\/section><\/div><div class=\"flex_column av_one_full  flex_column_div av-zero-column-padding first  avia-builder-el-4  el_after_av_one_full  el_before_av_hr  column-top-margin\" style='border-radius:0px; '><section class=\"av_textblock_section \"  itemscope=\"itemscope\" itemtype=\"https:\/\/schema.org\/BlogPosting\" itemprop=\"blogPost\" ><div class='avia_textblock  '   itemprop=\"text\" ><p style=\"text-align: justify;\"><em>La acci\u00f3n responde a una amplia historia de colaboraci\u00f3n con el sector Salud por parte de la empresa aysenina. <\/em><\/p>\n<p style=\"text-align: justify;\">Con el objetivo de fortalecer el proceso de cuidado y atenci\u00f3n que reciben las usuarias del Hogar Protegido dependiente del Hospital de Puerto Ays\u00e9n (HPA). Empresas Bahamonde firm\u00f3 recientemente un nuevo convenio de colaboraci\u00f3n con el recinto hospitalario para aportar tanto elementos t\u00e9cnicos como insumos naturales, principalmente Humus de alta calidad proveniente del Relleno Sanitario, al Huerto Terap\u00e9utico que poseen las residentes en las dependencias de calle Eleuterio Ram\u00edrez en la comuna porte\u00f1a.<\/p>\n<p style=\"text-align: justify;\">Al respecto, el gerente general de Empresas Bahamonde, Alejandro Bahamonde Corey, agradeci\u00f3 la oportunidad brindada por el sector Salud para efectuar un nuevo apoyo a la comunidad. \u201cNosotros vamos a cooperar con Humus y con un profesional para que asesore a todo el personal de la Unidad de Salud Mental y as\u00ed se retome el invernadero como punto de terapia y de entretenci\u00f3n para todas las usuarias\u201d.<\/p>\n<p style=\"text-align: justify;\">Con ello, el representante de la empresa ayseina, tras ser consultado, rememor\u00f3 que esta es una nueva instancia de vinculaci\u00f3n y que en el pasado ha existido colaboraci\u00f3n estrecha con el Hospital provincial. Adem\u00e1s, apreci\u00f3 la disposici\u00f3n tanto del coordinador como de los j\u00f3venes locales que formar\u00e1n parte de este hito y que pertenecen a programas de INDAP en beneficio de la Unidad de Salud Mental.<\/p>\n<p style=\"text-align: justify;\">Por su parte, Pablo Arredondo Soto, Coordinador del Programa Hogar Protegido del HPA indic\u00f3 que esta acci\u00f3n es \u201csumamente importante para nuestros usuarios, principalmente nuestros pacientes y residentes del hogar, que gracias a la buena disposici\u00f3n de Empresas Bahamonde y de nuestro director (s) Gabriel Rabi en fortalecer el trabajo desde alianzas p\u00fablicas &#8211; privadas, hoy d\u00eda firmamos un convenio de colaboraci\u00f3n con Empresas Bahamonde, quienes nos van a contribuir en el mejoramiento de nuestro huerto terap\u00e9utico. Ellos nos van a proporcionar insumos, asesor\u00eda t\u00e9cnica y la evaluaci\u00f3n de este trabajo\u201d.<\/p>\n<p style=\"text-align: justify;\">Finalmente, el trabajador social destac\u00f3 la importancia que tiene este v\u00ednculo en la labor que desarrollan a diario, \u201ceste es un proceso terap\u00e9utico sumamente importante a la hora de canalizar ciertas frustraciones, por la cotidianeidad y las situaciones de la vida a las que nos vemos enfrentados. Entonces, esto sin duda para nosotros es un apoyo sumamente importante, sobre todo en el proceso terap\u00e9utico que nuestros residentes est\u00e1n llevando a cabo\u201d, puntualiz\u00f3 Arredondo.<\/p>\n<\/div><\/section><\/div><div  style='height:50px' class='hr hr-invisible   avia-builder-el-6  el_after_av_one_full  el_before_av_social_share '><span class='hr-inner ' ><span class='hr-inner-style'><\/span><\/span><\/div><\/p>\n<div  class='av-social-sharing-box  avia-builder-el-7  el_after_av_hr  el_before_av_hr  '><div class='av-share-box'><h5 class='av-share-link-description av-no-toc '>Compartir esta noticia<\/h5><ul class='av-share-box-list noLightbox'><li class='av-share-link av-social-link-facebook' ><a target=\"_blank\" aria-label=\"Compartir en Facebook\" href='https:\/\/www.facebook.com\/sharer.php?u=https:\/\/radiorevelacionfm.cl\/?p=40544&#038;t=Aporte%20de%20empresa%20local%20busca%20fortalecer%20procesos%20terap%C3%A9uticos%20del%20Hogar%20Protegido%20en%20Puerto%20Ays%C3%A9n' aria-hidden='false' data-av_icon='\ue8f3' data-av_iconfont='entypo-fontello' title='' data-avia-related-tooltip='Compartir en Facebook' rel=\"noopener\"><span class='avia_hidden_link_text'>Compartir en Facebook<\/span><\/a><\/li><li class='av-share-link av-social-link-twitter' ><a target=\"_blank\" aria-label=\"Compartir en Twitter\" href='https:\/\/twitter.com\/share?text=Aporte%20de%20empresa%20local%20busca%20fortalecer%20procesos%20terap%C3%A9uticos%20del%20Hogar%20Protegido%20en%20Puerto%20Ays%C3%A9n&#038;url=https:\/\/radiorevelacionfm.cl\/?p=40544' aria-hidden='false' data-av_icon='\ue8f1' data-av_iconfont='entypo-fontello' title='' data-avia-related-tooltip='Compartir en Twitter' rel=\"noopener\"><span class='avia_hidden_link_text'>Compartir en Twitter<\/span><\/a><\/li><li class='av-share-link av-social-link-whatsapp' ><a target=\"_blank\" aria-label=\"Compartir en Whatsapp\" href='https:\/\/api.whatsapp.com\/send?text=https:\/\/radiorevelacionfm.cl\/?p=40544' aria-hidden='false' data-av_icon='\uf232' data-av_iconfont='entypo-fontello' title='' data-avia-related-tooltip='Compartir en Whatsapp' rel=\"noopener\"><span class='avia_hidden_link_text'>Compartir en Whatsapp<\/span><\/a><\/li><li class='av-share-link av-social-link-linkedin' ><a target=\"_blank\" aria-label=\"Compartir en LinkedIn\" href='https:\/\/linkedin.com\/shareArticle?mini=true&#038;title=Aporte%20de%20empresa%20local%20busca%20fortalecer%20procesos%20terap%C3%A9uticos%20del%20Hogar%20Protegido%20en%20Puerto%20Ays%C3%A9n&#038;url=https:\/\/radiorevelacionfm.cl\/?p=40544' aria-hidden='false' data-av_icon='\ue8fc' data-av_iconfont='entypo-fontello' title='' data-avia-related-tooltip='Compartir en LinkedIn' rel=\"noopener\"><span class='avia_hidden_link_text'>Compartir en LinkedIn<\/span><\/a><\/li><li class='av-share-link av-social-link-mail' ><a  aria-label=\"Compartir por correo\" href='mailto:?subject=Aporte%20de%20empresa%20local%20busca%20fortalecer%20procesos%20terap%C3%A9uticos%20del%20Hogar%20Protegido%20en%20Puerto%20Ays%C3%A9n&#038;body=https:\/\/radiorevelacionfm.cl\/?p=40544' aria-hidden='false' data-av_icon='\ue805' data-av_iconfont='entypo-fontello' title='' data-avia-related-tooltip='Compartir por correo'><span class='avia_hidden_link_text'>Compartir por correo<\/span><\/a><\/li><\/ul><\/div><\/div>\n<div  style='height:50px' class='hr hr-invisible   avia-builder-el-8  el_after_av_social_share  el_before_av_comments_list '><span class='hr-inner ' ><span class='hr-inner-style'><\/span><\/span><\/div>\n<div  class='av-buildercomment  av-blog-meta-html-info-disabled av-blog-meta-tag-disabled  '><\/div>\n","protected":false},"excerpt":{"rendered":"","protected":false},"author":1,"featured_media":40545,"comment_status":"open","ping_status":"open","sticky":false,"template":"","format":"standard","meta":{"footnotes":""},"categories":[38],"tags":[],"class_list":["post-40544","post","type-post","status-publish","format-standard","has-post-thumbnail","hentry","category-regional"],"jetpack_featured_media_url":"https:\/\/radiorevelacionfm.cl\/wp-content\/uploads\/2024\/03\/convenio-huerto-t-11-1_optimized.jpeg","_links":{"self":[{"href":"https:\/\/radiorevelacionfm.cl\/index.php?rest_route=\/wp\/v2\/posts\/40544","targetHints":{"allow":["GET"]}}],"collection":[{"href":"https:\/\/radiorevelacionfm.cl\/index.php?rest_route=\/wp\/v2\/posts"}],"about":[{"href":"https:\/\/radiorevelacionfm.cl\/index.php?rest_route=\/wp\/v2\/types\/post"}],"author":[{"embeddable":true,"href":"https:\/\/radiorevelacionfm.cl\/index.php?rest_route=\/wp\/v2\/users\/1"}],"replies":[{"embeddable":true,"href":"https:\/\/radiorevelacionfm.cl\/index.php?rest_route=%2Fwp%2Fv2%2Fcomments&post=40544"}],"version-history":[{"count":1,"href":"https:\/\/radiorevelacionfm.cl\/index.php?rest_route=\/wp\/v2\/posts\/40544\/revisions"}],"predecessor-version":[{"id":40546,"href":"https:\/\/radiorevelacionfm.cl\/index.php?rest_route=\/wp\/v2\/posts\/40544\/revisions\/40546"}],"wp:featuredmedia":[{"embeddable":true,"href":"https:\/\/radiorevelacionfm.cl\/index.php?rest_route=\/wp\/v2\/media\/40545"}],"wp:attachment":[{"href":"https:\/\/radiorevelacionfm.cl\/index.php?rest_route=%2Fwp%2Fv2%2Fmedia&parent=40544"}],"wp:term":[{"taxonomy":"category","embeddable":true,"href":"https:\/\/radiorevelacionfm.cl\/index.php?rest_route=%2Fwp%2Fv2%2Fcategories&post=40544"},{"taxonomy":"post_tag","embeddable":true,"href":"https:\/\/radiorevelacionfm.cl\/index.php?rest_route=%2Fwp%2Fv2%2Ftags&post=40544"}],"curies":[{"name":"wp","href":"https:\/\/api.w.org\/{rel}","templated":true}]}}