{"id":40542,"date":"2024-03-21T15:21:54","date_gmt":"2024-03-21T18:21:54","guid":{"rendered":"https:\/\/radiorevelacionfm.cl\/?p=40542"},"modified":"2024-03-21T15:21:54","modified_gmt":"2024-03-21T18:21:54","slug":"edelaysen-se-refiere-a-resolucion-de-la-superintendencia-del-medio-ambiente-por-central-hidroelectrica-los-maquis","status":"publish","type":"post","link":"https:\/\/radiorevelacionfm.cl\/?p=40542","title":{"rendered":"Edelaysen se refiere a resoluci\u00f3n de la Superintendencia del Medio Ambiente por Central Hidroel\u00e9ctrica Los Maquis"},"content":{"rendered":"<div class=\"flex_column av_one_full  flex_column_div av-zero-column-padding first  avia-builder-el-0  el_before_av_one_full  avia-builder-el-first  \" style='border-radius:0px; '><div  class='avia-image-container  av-styling-    avia-builder-el-1  avia-builder-el-no-sibling  avia-align-center '  itemprop=\"image\" itemscope=\"itemscope\" itemtype=\"https:\/\/schema.org\/ImageObject\"  ><div class='avia-image-container-inner'><div class='avia-image-overlay-wrap'><img decoding=\"async\" class='wp-image-9516 avia-img-lazy-loading-not-9516 avia_image' src=\"https:\/\/radiorevelacionfm.cl\/wp-content\/uploads\/2021\/10\/central-los-maquis-0-1_optimized.jpg\" alt='' title='central-los-maquis-(0)-(1)_optimized' height=\"600\" width=\"751\"  itemprop=\"thumbnailUrl\" srcset=\"https:\/\/radiorevelacionfm.cl\/wp-content\/uploads\/2021\/10\/central-los-maquis-0-1_optimized.jpg 751w, https:\/\/radiorevelacionfm.cl\/wp-content\/uploads\/2021\/10\/central-los-maquis-0-1_optimized-300x240.jpg 300w, https:\/\/radiorevelacionfm.cl\/wp-content\/uploads\/2021\/10\/central-los-maquis-0-1_optimized-705x563.jpg 705w, https:\/\/radiorevelacionfm.cl\/wp-content\/uploads\/2021\/10\/central-los-maquis-0-1_optimized-600x479.jpg 600w\" sizes=\"(max-width: 751px) 100vw, 751px\" \/><\/div><\/div><\/div><\/div><div class=\"flex_column av_one_full  flex_column_div av-zero-column-padding first  avia-builder-el-2  el_after_av_one_full  el_before_av_one_full  column-top-margin\" style='border-radius:0px; '><section class=\"av_textblock_section \"  itemscope=\"itemscope\" itemtype=\"https:\/\/schema.org\/BlogPosting\" itemprop=\"blogPost\" ><div class='avia_textblock  '   itemprop=\"text\" ><p style=\"text-align: center;\"><strong><span style=\"font-size: 18pt;\">Edelaysen se refiere a resoluci\u00f3n de la Superintendencia del Medio Ambiente por Central Hidroel\u00e9ctrica Los Maquis<\/span><\/strong><\/p>\n<div id=\"gtx-trans\" style=\"position: absolute; left: -50px; top: 4.31534px;\">\n<div class=\"gtx-trans-icon\"><\/div>\n<\/div>\n<\/div><\/section><\/div><div class=\"flex_column av_one_full  flex_column_div av-zero-column-padding first  avia-builder-el-4  el_after_av_one_full  el_before_av_hr  column-top-margin\" style='border-radius:0px; '><section class=\"av_textblock_section \"  itemscope=\"itemscope\" itemtype=\"https:\/\/schema.org\/BlogPosting\" itemprop=\"blogPost\" ><div class='avia_textblock  '   itemprop=\"text\" ><p style=\"text-align: justify;\">Empresa Edelaysen se refiere a la resoluci\u00f3n entregada hoy por la Superintendencia del Medio Ambiente (SMA), a partir de la presentaci\u00f3n de denuncias ciudadanas dirigidas en contra del proyecto \u00abRehabilitaci\u00f3n Central Hidroel\u00e9ctrica Los Maquis\u00bb.\u00a0A trav\u00e9s de una declaraci\u00f3n p\u00fablica la empresa el\u00e9ctrica, se\u00f1al\u00f3:<\/p>\n<ul style=\"text-align: justify;\">\n<li>La Superintendencia del Medio Ambiente (SMA) formul\u00f3 dos cargos a Edelaysen, asegurando que en la compa\u00f1\u00eda no contamos con el permiso ambiental del proyecto Mini Central de Pasada Los Maquis (1 MW), ubicado en la comuna de Chile Chico, Regi\u00f3n de Ays\u00e9n.<\/li>\n<\/ul>\n<ul style=\"text-align: justify;\">\n<li>Junto con lamentar esta decisi\u00f3n de la autoridad, nos encontramos estudiando las alternativas que contempla la ley, entre las que est\u00e1 presentar un Programa de Cumplimiento, el cual podr\u00eda incluirse en el ingreso del proyecto al SEIA, previsto para mediados de este a\u00f1o.<\/li>\n<\/ul>\n<ul style=\"text-align: justify;\">\n<li>Hay que recordar que esta iniciativa de energ\u00eda renovable no convencional (ERNC), busca mejorar la continuidad en el servicio el\u00e9ctrico de la regi\u00f3n, disminuyendo los tiempos de interrupci\u00f3n en caso de fallas, ya que se ubicar\u00e1 en un punto estrat\u00e9gico del Sistema General Carrera. Asimismo, su operaci\u00f3n ayudar\u00e1 a reducir los gases de efecto invernadero, rebajando la emisi\u00f3n de CO2 y MP 2.5, ya que su capacidad de generaci\u00f3n permite evitar la combusti\u00f3n de m\u00e1s de 1.600.000 litros de di\u00e9sel al a\u00f1o.<\/li>\n<\/ul>\n<\/div><\/section><\/div><div  style='height:50px' class='hr hr-invisible   avia-builder-el-6  el_after_av_one_full  el_before_av_social_share '><span class='hr-inner ' ><span class='hr-inner-style'><\/span><\/span><\/div><\/p>\n<div  class='av-social-sharing-box  avia-builder-el-7  el_after_av_hr  el_before_av_hr  '><div class='av-share-box'><h5 class='av-share-link-description av-no-toc '>Compartir esta noticia<\/h5><ul class='av-share-box-list noLightbox'><li class='av-share-link av-social-link-facebook' ><a target=\"_blank\" aria-label=\"Compartir en Facebook\" href='https:\/\/www.facebook.com\/sharer.php?u=https:\/\/radiorevelacionfm.cl\/?p=40542&#038;t=Edelaysen%20se%20refiere%20a%20resoluci%C3%B3n%20de%20la%20Superintendencia%20del%20Medio%20Ambiente%20por%20Central%20Hidroel%C3%A9ctrica%20Los%20Maquis' aria-hidden='false' data-av_icon='\ue8f3' data-av_iconfont='entypo-fontello' title='' data-avia-related-tooltip='Compartir en Facebook' rel=\"noopener\"><span class='avia_hidden_link_text'>Compartir en Facebook<\/span><\/a><\/li><li class='av-share-link av-social-link-twitter' ><a target=\"_blank\" aria-label=\"Compartir en Twitter\" href='https:\/\/twitter.com\/share?text=Edelaysen%20se%20refiere%20a%20resoluci%C3%B3n%20de%20la%20Superintendencia%20del%20Medio%20Ambiente%20por%20Central%20Hidroel%C3%A9ctrica%20Los%20Maquis&#038;url=https:\/\/radiorevelacionfm.cl\/?p=40542' aria-hidden='false' data-av_icon='\ue8f1' data-av_iconfont='entypo-fontello' title='' data-avia-related-tooltip='Compartir en Twitter' rel=\"noopener\"><span class='avia_hidden_link_text'>Compartir en Twitter<\/span><\/a><\/li><li class='av-share-link av-social-link-whatsapp' ><a target=\"_blank\" aria-label=\"Compartir en Whatsapp\" href='https:\/\/api.whatsapp.com\/send?text=https:\/\/radiorevelacionfm.cl\/?p=40542' aria-hidden='false' data-av_icon='\uf232' data-av_iconfont='entypo-fontello' title='' data-avia-related-tooltip='Compartir en Whatsapp' rel=\"noopener\"><span class='avia_hidden_link_text'>Compartir en Whatsapp<\/span><\/a><\/li><li class='av-share-link av-social-link-linkedin' ><a target=\"_blank\" aria-label=\"Compartir en LinkedIn\" href='https:\/\/linkedin.com\/shareArticle?mini=true&#038;title=Edelaysen%20se%20refiere%20a%20resoluci%C3%B3n%20de%20la%20Superintendencia%20del%20Medio%20Ambiente%20por%20Central%20Hidroel%C3%A9ctrica%20Los%20Maquis&#038;url=https:\/\/radiorevelacionfm.cl\/?p=40542' aria-hidden='false' data-av_icon='\ue8fc' data-av_iconfont='entypo-fontello' title='' data-avia-related-tooltip='Compartir en LinkedIn' rel=\"noopener\"><span class='avia_hidden_link_text'>Compartir en LinkedIn<\/span><\/a><\/li><li class='av-share-link av-social-link-mail' ><a  aria-label=\"Compartir por correo\" href='mailto:?subject=Edelaysen%20se%20refiere%20a%20resoluci%C3%B3n%20de%20la%20Superintendencia%20del%20Medio%20Ambiente%20por%20Central%20Hidroel%C3%A9ctrica%20Los%20Maquis&#038;body=https:\/\/radiorevelacionfm.cl\/?p=40542' aria-hidden='false' data-av_icon='\ue805' data-av_iconfont='entypo-fontello' title='' data-avia-related-tooltip='Compartir por correo'><span class='avia_hidden_link_text'>Compartir por correo<\/span><\/a><\/li><\/ul><\/div><\/div>\n<div  style='height:50px' class='hr hr-invisible   avia-builder-el-8  el_after_av_social_share  el_before_av_comments_list '><span class='hr-inner ' ><span class='hr-inner-style'><\/span><\/span><\/div>\n<div  class='av-buildercomment  av-blog-meta-html-info-disabled av-blog-meta-tag-disabled  '><\/div>\n","protected":false},"excerpt":{"rendered":"","protected":false},"author":1,"featured_media":9516,"comment_status":"open","ping_status":"open","sticky":false,"template":"","format":"standard","meta":{"footnotes":""},"categories":[38],"tags":[],"class_list":["post-40542","post","type-post","status-publish","format-standard","has-post-thumbnail","hentry","category-regional"],"jetpack_featured_media_url":"https:\/\/radiorevelacionfm.cl\/wp-content\/uploads\/2021\/10\/central-los-maquis-0-1_optimized.jpg","_links":{"self":[{"href":"https:\/\/radiorevelacionfm.cl\/index.php?rest_route=\/wp\/v2\/posts\/40542","targetHints":{"allow":["GET"]}}],"collection":[{"href":"https:\/\/radiorevelacionfm.cl\/index.php?rest_route=\/wp\/v2\/posts"}],"about":[{"href":"https:\/\/radiorevelacionfm.cl\/index.php?rest_route=\/wp\/v2\/types\/post"}],"author":[{"embeddable":true,"href":"https:\/\/radiorevelacionfm.cl\/index.php?rest_route=\/wp\/v2\/users\/1"}],"replies":[{"embeddable":true,"href":"https:\/\/radiorevelacionfm.cl\/index.php?rest_route=%2Fwp%2Fv2%2Fcomments&post=40542"}],"version-history":[{"count":1,"href":"https:\/\/radiorevelacionfm.cl\/index.php?rest_route=\/wp\/v2\/posts\/40542\/revisions"}],"predecessor-version":[{"id":40543,"href":"https:\/\/radiorevelacionfm.cl\/index.php?rest_route=\/wp\/v2\/posts\/40542\/revisions\/40543"}],"wp:featuredmedia":[{"embeddable":true,"href":"https:\/\/radiorevelacionfm.cl\/index.php?rest_route=\/wp\/v2\/media\/9516"}],"wp:attachment":[{"href":"https:\/\/radiorevelacionfm.cl\/index.php?rest_route=%2Fwp%2Fv2%2Fmedia&parent=40542"}],"wp:term":[{"taxonomy":"category","embeddable":true,"href":"https:\/\/radiorevelacionfm.cl\/index.php?rest_route=%2Fwp%2Fv2%2Fcategories&post=40542"},{"taxonomy":"post_tag","embeddable":true,"href":"https:\/\/radiorevelacionfm.cl\/index.php?rest_route=%2Fwp%2Fv2%2Ftags&post=40542"}],"curies":[{"name":"wp","href":"https:\/\/api.w.org\/{rel}","templated":true}]}}