{"id":4054,"date":"2021-05-12T12:41:49","date_gmt":"2021-05-12T15:41:49","guid":{"rendered":"https:\/\/radiorevelacionfm.cl\/?p=4054"},"modified":"2021-05-12T12:41:49","modified_gmt":"2021-05-12T15:41:49","slug":"obispo-de-aysen-hacemos-un-potente-llamado-a-votar","status":"publish","type":"post","link":"https:\/\/radiorevelacionfm.cl\/?p=4054","title":{"rendered":"Obispo de Ays\u00e9n \u201cHacemos un potente llamado a votar\u201d"},"content":{"rendered":"<div class=\"flex_column av_one_full  flex_column_div av-zero-column-padding first  avia-builder-el-0  el_before_av_one_full  avia-builder-el-first  \" style='border-radius:0px; '><div  class='avia-image-container  av-styling-    avia-builder-el-1  avia-builder-el-no-sibling  avia-align-center '  itemprop=\"image\" itemscope=\"itemscope\" itemtype=\"https:\/\/schema.org\/ImageObject\"  ><div class='avia-image-container-inner'><div class='avia-image-overlay-wrap'><img decoding=\"async\" class='wp-image-0 avia-img-lazy-loading-not-0 avia_image' src=\"https:\/\/radiorevelacionfm.cl\/wp-content\/uploads\/2021\/05\/obispo-de-aysen-1.jpg\" alt='' title=''   itemprop=\"thumbnailUrl\"  \/><\/div><\/div><\/div><\/div><div class=\"flex_column av_one_full  flex_column_div av-zero-column-padding first  avia-builder-el-2  el_after_av_one_full  el_before_av_one_full  column-top-margin\" style='border-radius:0px; '><section class=\"av_textblock_section \"  itemscope=\"itemscope\" itemtype=\"https:\/\/schema.org\/BlogPosting\" itemprop=\"blogPost\" ><div class='avia_textblock  '   itemprop=\"text\" ><p style=\"text-align: center;\"><strong><span style=\"font-size: 18pt;\">Obispo de Ays\u00e9n \u201cHacemos un potente llamado a votar\u201d<\/span><\/strong><\/p>\n<div id=\"gtx-trans\" style=\"position: absolute; left: -50px; top: 4.31534px;\">\n<div class=\"gtx-trans-icon\"><\/div>\n<\/div>\n<\/div><\/section><\/div><div class=\"flex_column av_one_full  flex_column_div av-zero-column-padding first  avia-builder-el-4  el_after_av_one_full  el_before_av_hr  column-top-margin\" style='border-radius:0px; '><section class=\"av_textblock_section \"  itemscope=\"itemscope\" itemtype=\"https:\/\/schema.org\/BlogPosting\" itemprop=\"blogPost\" ><div class='avia_textblock  '   itemprop=\"text\" ><p style=\"font-weight: 400; text-align: justify;\">Un llamado a votar hizo la Pastoral Obrera de la Iglesia de Ays\u00e9n por una \u201cconstituci\u00f3n pol\u00edtica que necesita el mundo social\u201d, el padre Obispo Luis insisti\u00f3 en la participaci\u00f3n en este momento electoral relevante que vive el pa\u00eds.<\/p>\n<p style=\"font-weight: 400; text-align: justify;\">\u201cLa Pastoral Obrera \u2014dijo el pastor de Ays\u00e9n\u2014 es una de las pastorales del Vicariato Apost\u00f3lico de Ays\u00e9n que ha querido hacerse presente con un llamado a reconocer la importancia de este momento democr\u00e1tico relevante para el pa\u00eds\u201d.<\/p>\n<p style=\"font-weight: 400; text-align: justify;\">\u201cCreemos \u2014agreg\u00f3\u2014 que es sumamente importante manifestar nuestras opciones y nuestra visi\u00f3n de pa\u00eds que queremos; donde son importantes las personas y los bienes comunes que Dios nos regala para todos\u201d.<\/p>\n<p style=\"font-weight: 400; text-align: justify;\">\u201cLa Pastoral obrera desde el lema tan significativo \u2018Ays\u00e9n, reserva de vida\u2019 como parte viva de la Iglesia de Ays\u00e9n ha querido enfatizar que estamos llamados a dar y promover la vida especialmente de las personas m\u00e1s desprotegidas y empobrecidas\u201d.<\/p>\n<p style=\"font-weight: 400; text-align: justify;\">El padre Obispo Luis consultado por la elaboraci\u00f3n de una nueva constituci\u00f3n puntualiz\u00f3 que: \u201ccreemos que debe tener algunos elementos indispensables, esenciales, que son el respeto y valoraci\u00f3n de los derechos humanos; y dentro esos derechos fundamentales est\u00e1n tambi\u00e9n los bienes comunes, sobre todo los m\u00e1s b\u00e1sicos para la vida como es el agua; o lo que enfatiza el papa Francisco, las tres T: tierra, techo y trabajo\u201d.<\/p>\n<p style=\"font-weight: 400; text-align: justify;\">\u201cSon bienes indispensables \u2014insisti\u00f3\u2014 para una vida digna, para que los derechos y deberes de las personas y las comunidades sean considerados, respetados, valorados y promovidos; por lo tanto, sentimos que no es una votaci\u00f3n m\u00e1s\u201d.<\/p>\n<p style=\"font-weight: 400; text-align: justify;\">\u201cNo todas las personas que est\u00e1n en la papeleta tienen claras estas opciones \u2014especific\u00f3 el padre obispo Luis\u2014 y creemos importante un discernimiento informado que es lo que Pastoral Obrera quiere facilitar en estos d\u00edas previos a las elecciones\u201d.<\/p>\n<p style=\"font-weight: 400; text-align: justify;\"><strong>Nueva \u00e9poca de la humanidad<\/strong><\/p>\n<p style=\"font-weight: 400; text-align: justify;\">\u201cNo se trata \u2014aclar\u00f3 el padre obispo\u2014 de volver 30 o 50 a\u00f1os atr\u00e1s. Estamos en una nueva \u00e9poca de la humanidad. Vemos que hay virus que revolucionan toda nuestra vida econ\u00f3mica, social, pol\u00edtica, e incluso religiosa. Es un momento importante para replantear sobre todo el tema del poder; \u2018el poder\u2019 no est\u00e1 centrado solamente en lo econ\u00f3mico sobre lo cual el Papa Francisco enfatiza que es necesario un cambio de modelo porque dice textualmente: \u2018esta econom\u00eda mata\u2019. Mata, porque excluye o descarta grandes sectores de la poblaci\u00f3n por falta de agua, alimentos, medicamentos o vacunas en el caso de hoy\u201d.<\/p>\n<p style=\"font-weight: 400; text-align: justify;\">\u201cNo hay solo un poder en lo econ\u00f3mico &#8211; pol\u00edtico, sino que hay un poder que est\u00e1 en la ciudadan\u00eda desde la que estamos llamados a organizarnos para hacer valer nuestros derechos, y ayudar a tomar conciencia de las problem\u00e1ticas m\u00e1s urgentes, entre ellas, la pobreza, la corrupci\u00f3n, la violencia, la exclusi\u00f3n de pueblos no valorados como son los hermanos mapuches u otras minor\u00edas que nuestra sociedad frecuentemente margina. As\u00ed, la Pastoral Obrera quiere facilitar, entre tantas otras voces, esta voz m\u00e1s \u00e9tica, espiritual; porque quiere ir al fondo del coraz\u00f3n de las personas\u201d.<\/p>\n<p style=\"font-weight: 400; text-align: justify;\">\u201cEl llamado \u2014concluy\u00f3 el padre Obispo Luis\u2014 es potente para que todos, desde los m\u00e1s avanzados en edad y los m\u00e1s j\u00f3venes, podamos participar. Creo que el voto es un momento relevante para que despu\u00e9s podamos como pueblo exigir a las personas que ha sido elegidas el cumplimiento de los sue\u00f1os, de las b\u00fasquedas, de los anhelos m\u00e1s profundos que como pueblo estamos llamados a construir d\u00eda a d\u00eda entre todos\u201d.<\/p>\n<\/div><\/section><\/div><div  style='height:50px' class='hr hr-invisible   avia-builder-el-6  el_after_av_one_full  el_before_av_social_share '><span class='hr-inner ' ><span class='hr-inner-style'><\/span><\/span><\/div><\/p>\n<div  class='av-social-sharing-box  avia-builder-el-7  el_after_av_hr  el_before_av_hr  '><div class='av-share-box'><h5 class='av-share-link-description av-no-toc '>Compartir esta noticia<\/h5><ul class='av-share-box-list noLightbox'><li class='av-share-link av-social-link-facebook' ><a target=\"_blank\" aria-label=\"Compartir en Facebook\" href='https:\/\/www.facebook.com\/sharer.php?u=https:\/\/radiorevelacionfm.cl\/?p=4054&#038;t=Obispo%20de%20Ays%C3%A9n%20%E2%80%9CHacemos%20un%20potente%20llamado%20a%20votar%E2%80%9D' aria-hidden='false' data-av_icon='\ue8f3' data-av_iconfont='entypo-fontello' title='' data-avia-related-tooltip='Compartir en Facebook' rel=\"noopener\"><span class='avia_hidden_link_text'>Compartir en Facebook<\/span><\/a><\/li><li class='av-share-link av-social-link-twitter' ><a target=\"_blank\" aria-label=\"Compartir en Twitter\" href='https:\/\/twitter.com\/share?text=Obispo%20de%20Ays%C3%A9n%20%E2%80%9CHacemos%20un%20potente%20llamado%20a%20votar%E2%80%9D&#038;url=https:\/\/radiorevelacionfm.cl\/?p=4054' aria-hidden='false' data-av_icon='\ue8f1' data-av_iconfont='entypo-fontello' title='' data-avia-related-tooltip='Compartir en Twitter' rel=\"noopener\"><span class='avia_hidden_link_text'>Compartir en Twitter<\/span><\/a><\/li><li class='av-share-link av-social-link-whatsapp' ><a target=\"_blank\" aria-label=\"Compartir en Whatsapp\" href='https:\/\/api.whatsapp.com\/send?text=https:\/\/radiorevelacionfm.cl\/?p=4054' aria-hidden='false' data-av_icon='\uf232' data-av_iconfont='entypo-fontello' title='' data-avia-related-tooltip='Compartir en Whatsapp' rel=\"noopener\"><span class='avia_hidden_link_text'>Compartir en Whatsapp<\/span><\/a><\/li><li class='av-share-link av-social-link-linkedin' ><a target=\"_blank\" aria-label=\"Compartir en LinkedIn\" href='https:\/\/linkedin.com\/shareArticle?mini=true&#038;title=Obispo%20de%20Ays%C3%A9n%20%E2%80%9CHacemos%20un%20potente%20llamado%20a%20votar%E2%80%9D&#038;url=https:\/\/radiorevelacionfm.cl\/?p=4054' aria-hidden='false' data-av_icon='\ue8fc' data-av_iconfont='entypo-fontello' title='' data-avia-related-tooltip='Compartir en LinkedIn' rel=\"noopener\"><span class='avia_hidden_link_text'>Compartir en LinkedIn<\/span><\/a><\/li><li class='av-share-link av-social-link-mail' ><a  aria-label=\"Compartir por correo\" href='mailto:?subject=Obispo%20de%20Ays%C3%A9n%20%E2%80%9CHacemos%20un%20potente%20llamado%20a%20votar%E2%80%9D&#038;body=https:\/\/radiorevelacionfm.cl\/?p=4054' aria-hidden='false' data-av_icon='\ue805' data-av_iconfont='entypo-fontello' title='' data-avia-related-tooltip='Compartir por correo'><span class='avia_hidden_link_text'>Compartir por correo<\/span><\/a><\/li><\/ul><\/div><\/div>\n<div  style='height:50px' class='hr hr-invisible   avia-builder-el-8  el_after_av_social_share  el_before_av_comments_list '><span class='hr-inner ' ><span class='hr-inner-style'><\/span><\/span><\/div>\n<div  class='av-buildercomment  av-blog-meta-html-info-disabled av-blog-meta-tag-disabled  '><\/div>\n","protected":false},"excerpt":{"rendered":"","protected":false},"author":1,"featured_media":4056,"comment_status":"open","ping_status":"open","sticky":false,"template":"","format":"standard","meta":{"footnotes":""},"categories":[38],"tags":[],"class_list":["post-4054","post","type-post","status-publish","format-standard","has-post-thumbnail","hentry","category-regional"],"jetpack_featured_media_url":"https:\/\/radiorevelacionfm.cl\/wp-content\/uploads\/2021\/05\/obispo-de-aysen-2.jpg","_links":{"self":[{"href":"https:\/\/radiorevelacionfm.cl\/index.php?rest_route=\/wp\/v2\/posts\/4054","targetHints":{"allow":["GET"]}}],"collection":[{"href":"https:\/\/radiorevelacionfm.cl\/index.php?rest_route=\/wp\/v2\/posts"}],"about":[{"href":"https:\/\/radiorevelacionfm.cl\/index.php?rest_route=\/wp\/v2\/types\/post"}],"author":[{"embeddable":true,"href":"https:\/\/radiorevelacionfm.cl\/index.php?rest_route=\/wp\/v2\/users\/1"}],"replies":[{"embeddable":true,"href":"https:\/\/radiorevelacionfm.cl\/index.php?rest_route=%2Fwp%2Fv2%2Fcomments&post=4054"}],"version-history":[{"count":1,"href":"https:\/\/radiorevelacionfm.cl\/index.php?rest_route=\/wp\/v2\/posts\/4054\/revisions"}],"predecessor-version":[{"id":4057,"href":"https:\/\/radiorevelacionfm.cl\/index.php?rest_route=\/wp\/v2\/posts\/4054\/revisions\/4057"}],"wp:featuredmedia":[{"embeddable":true,"href":"https:\/\/radiorevelacionfm.cl\/index.php?rest_route=\/wp\/v2\/media\/4056"}],"wp:attachment":[{"href":"https:\/\/radiorevelacionfm.cl\/index.php?rest_route=%2Fwp%2Fv2%2Fmedia&parent=4054"}],"wp:term":[{"taxonomy":"category","embeddable":true,"href":"https:\/\/radiorevelacionfm.cl\/index.php?rest_route=%2Fwp%2Fv2%2Fcategories&post=4054"},{"taxonomy":"post_tag","embeddable":true,"href":"https:\/\/radiorevelacionfm.cl\/index.php?rest_route=%2Fwp%2Fv2%2Ftags&post=4054"}],"curies":[{"name":"wp","href":"https:\/\/api.w.org\/{rel}","templated":true}]}}