{"id":40539,"date":"2024-03-20T15:46:07","date_gmt":"2024-03-20T18:46:07","guid":{"rendered":"https:\/\/radiorevelacionfm.cl\/?p=40539"},"modified":"2024-03-20T15:46:07","modified_gmt":"2024-03-20T18:46:07","slug":"junaeb-aysen-inicia-operativo-de-salud-en-la-zona-sur-de-la-region","status":"publish","type":"post","link":"https:\/\/radiorevelacionfm.cl\/?p=40539","title":{"rendered":"Junaeb Ays\u00e9n inicia operativo de salud en la zona sur de la regi\u00f3n"},"content":{"rendered":"<div class=\"flex_column av_one_full  flex_column_div av-zero-column-padding first  avia-builder-el-0  el_before_av_one_full  avia-builder-el-first  \" style='border-radius:0px; '><div  class='avia-image-container  av-styling-    avia-builder-el-1  avia-builder-el-no-sibling  avia-align-center '  itemprop=\"image\" itemscope=\"itemscope\" itemtype=\"https:\/\/schema.org\/ImageObject\"  ><div class='avia-image-container-inner'><div class='avia-image-overlay-wrap'><img decoding=\"async\" class='wp-image-40540 avia-img-lazy-loading-not-40540 avia_image' src=\"https:\/\/radiorevelacionfm.cl\/wp-content\/uploads\/2024\/03\/IMG_6984-1-1.jpg\" alt='' title='IMG_6984 (1) (1)' height=\"600\" width=\"800\"  itemprop=\"thumbnailUrl\" srcset=\"https:\/\/radiorevelacionfm.cl\/wp-content\/uploads\/2024\/03\/IMG_6984-1-1.jpg 800w, https:\/\/radiorevelacionfm.cl\/wp-content\/uploads\/2024\/03\/IMG_6984-1-1-300x225.jpg 300w, https:\/\/radiorevelacionfm.cl\/wp-content\/uploads\/2024\/03\/IMG_6984-1-1-768x576.jpg 768w, https:\/\/radiorevelacionfm.cl\/wp-content\/uploads\/2024\/03\/IMG_6984-1-1-705x529.jpg 705w, https:\/\/radiorevelacionfm.cl\/wp-content\/uploads\/2024\/03\/IMG_6984-1-1-450x338.jpg 450w, https:\/\/radiorevelacionfm.cl\/wp-content\/uploads\/2024\/03\/IMG_6984-1-1-600x450.jpg 600w\" sizes=\"(max-width: 800px) 100vw, 800px\" \/><\/div><\/div><\/div><\/div><div class=\"flex_column av_one_full  flex_column_div av-zero-column-padding first  avia-builder-el-2  el_after_av_one_full  el_before_av_one_full  column-top-margin\" style='border-radius:0px; '><section class=\"av_textblock_section \"  itemscope=\"itemscope\" itemtype=\"https:\/\/schema.org\/BlogPosting\" itemprop=\"blogPost\" ><div class='avia_textblock  '   itemprop=\"text\" ><p style=\"text-align: center;\"><strong><span style=\"font-size: 18pt;\">Junaeb Ays\u00e9n inicia operativo de salud en la zona sur de la regi\u00f3n<\/span><\/strong><\/p>\n<div id=\"gtx-trans\" style=\"position: absolute; left: -50px; top: 4.31534px;\">\n<div class=\"gtx-trans-icon\"><\/div>\n<\/div>\n<\/div><\/section><\/div><div class=\"flex_column av_one_full  flex_column_div av-zero-column-padding first  avia-builder-el-4  el_after_av_one_full  el_before_av_hr  column-top-margin\" style='border-radius:0px; '><section class=\"av_textblock_section \"  itemscope=\"itemscope\" itemtype=\"https:\/\/schema.org\/BlogPosting\" itemprop=\"blogPost\" ><div class='avia_textblock  '   itemprop=\"text\" ><p style=\"text-align: justify;\"><em>En el marco del programa de Servicios M\u00e9dicos de Junaeb, se inici\u00f3 el proceso de diagn\u00f3stico integral de salud que abarca tres \u00e1reas m\u00e9dicas fundamentales para el bienestar de las y los estudiantes. S<\/em>e proyecta una cobertura de 2.878 atenciones diagn\u00f3sticas para el 2024.<\/p>\n<p style=\"text-align: justify;\">En la Escuela Aonikenk de la comuna de R\u00edo\u00a0 Ib\u00e1\u00f1ez comenz\u00f3 la etapa de tamizaje en las \u00e1reas de otorrinolaringolog\u00eda y oftalmolog\u00eda, para estudiantes prek\u00ednder y de traumatolog\u00eda para alumnas y alumnos de s\u00e9ptimo b\u00e1sico\u00a0, para pesquisar tempranamente patolog\u00edas en esos \u00e1mbitos de la salud.<\/p>\n<p style=\"text-align: justify;\">Manuel Vivar, director regional de Junaeb, destac\u00f3 la importancia de este proceso. \u201cEs fundamental comenzar con las prestaciones de salud en marzo, \u00a0es m\u00e9dicas oportunamente y, a su vez, que las ayudas t\u00e9cnicas asociadas a los tratamientos sean entregados de forma oportuna por el bienestar de las y los estudiantes que lo requieran y que sean un apoyo para su trayectoria educativa\u201d, indic\u00f3.<\/p>\n<p style=\"text-align: justify;\">Las derivaciones hechas a partir de estas primeras evaluaciones dar\u00e1n lugar a una atenci\u00f3n m\u00e9dica especializada en oftalmolog\u00eda, otorrinolaringolog\u00eda y traumatolog\u00eda, que podr\u00edan incluir la entrega de aud\u00edfonos, lentes, cors\u00e9s por parte de Junaeb u otras derivaciones al sistema de salud, si fuera necesario.<\/p>\n<p style=\"text-align: justify;\">Sebasti\u00e1n Gonz\u00e1lez, director del Servicio Local de Educaci\u00f3n P\u00fablica (SLEP), apunt\u00f3 a la necesidad de la educaci\u00f3n integral. \u201cEl estudiante no es solo quien recibe los conocimientos es una sala de clases, sino que todo lo que est\u00e1 en su entorno afecta su desarrollo, y la salud es fundamental y estos programas nos permiten entregar una mejor atenci\u00f3n y apoyar el trabajo docente\u201d, coment\u00f3.<\/p>\n<p style=\"text-align: justify;\">Fernando Espinoza, kinesi\u00f3logo del programa de Servicios M\u00e9dicos de Junaeb, describe su participaci\u00f3n en torno al diagn\u00f3stico en \u00e1rea de traumatolog\u00eda. \u201cNuestra labor es pesquisar alteraciones a la columna, como escoliosis o dorso curvo en ni\u00f1as y ni\u00f1os de s\u00e9ptimo b\u00e1sico en toda la Regi\u00f3n de Ays\u00e9n para que, de ser necesario, sean derivados al especialista\u201d, se\u00f1al\u00f3.<\/p>\n<p style=\"text-align: justify;\">El operativo comprende un recorrido que incluye Cerro Castillo, Puerto Ib\u00e1\u00f1ez, Chile Chico, Puerto Guadal, Cochrane, Tortel, R\u00edo Tranquilo y Bah\u00eda Murta, culminando en Coyhaique. Durante la semana del 25 de marzo, el equipo se trasladar\u00e1 a la zona norte de la regi\u00f3n, llegando hasta La Junta, para luego continuar el despliegue de profesionales en las comunas de Coyhaique y Puerto Ays\u00e9n.<\/p>\n<\/div><\/section><\/div><div  style='height:50px' class='hr hr-invisible   avia-builder-el-6  el_after_av_one_full  el_before_av_social_share '><span class='hr-inner ' ><span class='hr-inner-style'><\/span><\/span><\/div><\/p>\n<div  class='av-social-sharing-box  avia-builder-el-7  el_after_av_hr  el_before_av_hr  '><div class='av-share-box'><h5 class='av-share-link-description av-no-toc '>Compartir esta noticia<\/h5><ul class='av-share-box-list noLightbox'><li class='av-share-link av-social-link-facebook' ><a target=\"_blank\" aria-label=\"Compartir en Facebook\" href='https:\/\/www.facebook.com\/sharer.php?u=https:\/\/radiorevelacionfm.cl\/?p=40539&#038;t=Junaeb%20Ays%C3%A9n%20inicia%20operativo%20de%20salud%20en%20la%20zona%20sur%20de%20la%20regi%C3%B3n' aria-hidden='false' data-av_icon='\ue8f3' data-av_iconfont='entypo-fontello' title='' data-avia-related-tooltip='Compartir en Facebook' rel=\"noopener\"><span class='avia_hidden_link_text'>Compartir en Facebook<\/span><\/a><\/li><li class='av-share-link av-social-link-twitter' ><a target=\"_blank\" aria-label=\"Compartir en Twitter\" href='https:\/\/twitter.com\/share?text=Junaeb%20Ays%C3%A9n%20inicia%20operativo%20de%20salud%20en%20la%20zona%20sur%20de%20la%20regi%C3%B3n&#038;url=https:\/\/radiorevelacionfm.cl\/?p=40539' aria-hidden='false' data-av_icon='\ue8f1' data-av_iconfont='entypo-fontello' title='' data-avia-related-tooltip='Compartir en Twitter' rel=\"noopener\"><span class='avia_hidden_link_text'>Compartir en Twitter<\/span><\/a><\/li><li class='av-share-link av-social-link-whatsapp' ><a target=\"_blank\" aria-label=\"Compartir en Whatsapp\" href='https:\/\/api.whatsapp.com\/send?text=https:\/\/radiorevelacionfm.cl\/?p=40539' aria-hidden='false' data-av_icon='\uf232' data-av_iconfont='entypo-fontello' title='' data-avia-related-tooltip='Compartir en Whatsapp' rel=\"noopener\"><span class='avia_hidden_link_text'>Compartir en Whatsapp<\/span><\/a><\/li><li class='av-share-link av-social-link-linkedin' ><a target=\"_blank\" aria-label=\"Compartir en LinkedIn\" href='https:\/\/linkedin.com\/shareArticle?mini=true&#038;title=Junaeb%20Ays%C3%A9n%20inicia%20operativo%20de%20salud%20en%20la%20zona%20sur%20de%20la%20regi%C3%B3n&#038;url=https:\/\/radiorevelacionfm.cl\/?p=40539' aria-hidden='false' data-av_icon='\ue8fc' data-av_iconfont='entypo-fontello' title='' data-avia-related-tooltip='Compartir en LinkedIn' rel=\"noopener\"><span class='avia_hidden_link_text'>Compartir en LinkedIn<\/span><\/a><\/li><li class='av-share-link av-social-link-mail' ><a  aria-label=\"Compartir por correo\" href='mailto:?subject=Junaeb%20Ays%C3%A9n%20inicia%20operativo%20de%20salud%20en%20la%20zona%20sur%20de%20la%20regi%C3%B3n&#038;body=https:\/\/radiorevelacionfm.cl\/?p=40539' aria-hidden='false' data-av_icon='\ue805' data-av_iconfont='entypo-fontello' title='' data-avia-related-tooltip='Compartir por correo'><span class='avia_hidden_link_text'>Compartir por correo<\/span><\/a><\/li><\/ul><\/div><\/div>\n<div  style='height:50px' class='hr hr-invisible   avia-builder-el-8  el_after_av_social_share  el_before_av_comments_list '><span class='hr-inner ' ><span class='hr-inner-style'><\/span><\/span><\/div>\n<div  class='av-buildercomment  av-blog-meta-html-info-disabled av-blog-meta-tag-disabled  '><\/div>\n","protected":false},"excerpt":{"rendered":"","protected":false},"author":1,"featured_media":40540,"comment_status":"open","ping_status":"open","sticky":false,"template":"","format":"standard","meta":{"footnotes":""},"categories":[38],"tags":[],"class_list":["post-40539","post","type-post","status-publish","format-standard","has-post-thumbnail","hentry","category-regional"],"jetpack_featured_media_url":"https:\/\/radiorevelacionfm.cl\/wp-content\/uploads\/2024\/03\/IMG_6984-1-1.jpg","_links":{"self":[{"href":"https:\/\/radiorevelacionfm.cl\/index.php?rest_route=\/wp\/v2\/posts\/40539","targetHints":{"allow":["GET"]}}],"collection":[{"href":"https:\/\/radiorevelacionfm.cl\/index.php?rest_route=\/wp\/v2\/posts"}],"about":[{"href":"https:\/\/radiorevelacionfm.cl\/index.php?rest_route=\/wp\/v2\/types\/post"}],"author":[{"embeddable":true,"href":"https:\/\/radiorevelacionfm.cl\/index.php?rest_route=\/wp\/v2\/users\/1"}],"replies":[{"embeddable":true,"href":"https:\/\/radiorevelacionfm.cl\/index.php?rest_route=%2Fwp%2Fv2%2Fcomments&post=40539"}],"version-history":[{"count":1,"href":"https:\/\/radiorevelacionfm.cl\/index.php?rest_route=\/wp\/v2\/posts\/40539\/revisions"}],"predecessor-version":[{"id":40541,"href":"https:\/\/radiorevelacionfm.cl\/index.php?rest_route=\/wp\/v2\/posts\/40539\/revisions\/40541"}],"wp:featuredmedia":[{"embeddable":true,"href":"https:\/\/radiorevelacionfm.cl\/index.php?rest_route=\/wp\/v2\/media\/40540"}],"wp:attachment":[{"href":"https:\/\/radiorevelacionfm.cl\/index.php?rest_route=%2Fwp%2Fv2%2Fmedia&parent=40539"}],"wp:term":[{"taxonomy":"category","embeddable":true,"href":"https:\/\/radiorevelacionfm.cl\/index.php?rest_route=%2Fwp%2Fv2%2Fcategories&post=40539"},{"taxonomy":"post_tag","embeddable":true,"href":"https:\/\/radiorevelacionfm.cl\/index.php?rest_route=%2Fwp%2Fv2%2Ftags&post=40539"}],"curies":[{"name":"wp","href":"https:\/\/api.w.org\/{rel}","templated":true}]}}