{"id":40536,"date":"2024-03-23T19:31:11","date_gmt":"2024-03-23T22:31:11","guid":{"rendered":"https:\/\/radiorevelacionfm.cl\/?p=40536"},"modified":"2024-03-23T19:31:11","modified_gmt":"2024-03-23T22:31:11","slug":"realizan-gabinete-integrado-en-materia-de-seguridad-entre-gobierno-central-y-gobiernos-regionales","status":"publish","type":"post","link":"https:\/\/radiorevelacionfm.cl\/?p=40536","title":{"rendered":"Realizan Gabinete Integrado en materia de seguridad entre Gobierno Central y gobiernos regionales"},"content":{"rendered":"<div class=\"flex_column av_one_full  flex_column_div av-zero-column-padding first  avia-builder-el-0  el_before_av_one_full  avia-builder-el-first  \" style='border-radius:0px; '><div  class='avia-image-container  av-styling-    avia-builder-el-1  avia-builder-el-no-sibling  avia-align-center '  itemprop=\"image\" itemscope=\"itemscope\" itemtype=\"https:\/\/schema.org\/ImageObject\"  ><div class='avia-image-container-inner'><div class='avia-image-overlay-wrap'><img decoding=\"async\" class='wp-image-40537 avia-img-lazy-loading-not-40537 avia_image' src=\"https:\/\/radiorevelacionfm.cl\/wp-content\/uploads\/2024\/03\/unnamed-36-1_optimized-1.jpg\" alt='' title='unnamed-(36)-(1)_optimized (1)' height=\"600\" width=\"900\"  itemprop=\"thumbnailUrl\" srcset=\"https:\/\/radiorevelacionfm.cl\/wp-content\/uploads\/2024\/03\/unnamed-36-1_optimized-1.jpg 900w, https:\/\/radiorevelacionfm.cl\/wp-content\/uploads\/2024\/03\/unnamed-36-1_optimized-1-300x200.jpg 300w, https:\/\/radiorevelacionfm.cl\/wp-content\/uploads\/2024\/03\/unnamed-36-1_optimized-1-768x512.jpg 768w, https:\/\/radiorevelacionfm.cl\/wp-content\/uploads\/2024\/03\/unnamed-36-1_optimized-1-705x470.jpg 705w, https:\/\/radiorevelacionfm.cl\/wp-content\/uploads\/2024\/03\/unnamed-36-1_optimized-1-450x300.jpg 450w, https:\/\/radiorevelacionfm.cl\/wp-content\/uploads\/2024\/03\/unnamed-36-1_optimized-1-600x400.jpg 600w\" sizes=\"(max-width: 900px) 100vw, 900px\" \/><\/div><\/div><\/div><\/div><div class=\"flex_column av_one_full  flex_column_div av-zero-column-padding first  avia-builder-el-2  el_after_av_one_full  el_before_av_one_full  column-top-margin\" style='border-radius:0px; '><section class=\"av_textblock_section \"  itemscope=\"itemscope\" itemtype=\"https:\/\/schema.org\/BlogPosting\" itemprop=\"blogPost\" ><div class='avia_textblock  '   itemprop=\"text\" ><p style=\"text-align: center;\"><strong><span style=\"font-size: 18pt;\">Realizan Gabinete Integrado en materia de seguridad entre Gobierno Central y gobiernos regionales<\/span><\/strong><\/p>\n<div id=\"gtx-trans\" style=\"position: absolute; left: -50px; top: 4.31534px;\">\n<div class=\"gtx-trans-icon\"><\/div>\n<\/div>\n<\/div><\/section><\/div><div class=\"flex_column av_one_full  flex_column_div av-zero-column-padding first  avia-builder-el-4  el_after_av_one_full  el_before_av_hr  column-top-margin\" style='border-radius:0px; '><section class=\"av_textblock_section \"  itemscope=\"itemscope\" itemtype=\"https:\/\/schema.org\/BlogPosting\" itemprop=\"blogPost\" ><div class='avia_textblock  '   itemprop=\"text\" ><p dir=\"ltr\" style=\"text-align: justify;\" role=\"presentation\"><em>Los Gabinetes Integrados tienen como objetivo coordinar las acciones de pol\u00edtica p\u00fablica territorial entre el Gobierno Central y los gobiernos regionales. Est\u00e1 es la segunda instancia liderada por el Ministerio del Interior y la Subsecretar\u00eda de Desarrollo Regional, en donde la primera, realizada en enero, se enfoc\u00f3 en productividad e inversi\u00f3n p\u00fablica.<\/em><\/p>\n<p dir=\"ltr\" style=\"text-align: justify;\">Durante la ma\u00f1ana de este mi\u00e9rcoles en el Sal\u00f3n O\u2019Higgins del Palacio de La Moneda se realiz\u00f3 el segundo Gabinete Integrado, instancia que re\u00fane a representantes de las distintas instituciones del Gobierno Central y a las gobernadoras y gobernadores de Chile para coordinar las acciones de pol\u00edtica p\u00fablica territorial a partir del di\u00e1logo y la coordinaci\u00f3n de sus autoridades.<\/p>\n<p dir=\"ltr\" style=\"text-align: justify;\">En esta oportunidad la reuni\u00f3n, encabezada por la ministra del Interior y Seguridad P\u00fablica, Carolina Toh\u00e1, abord\u00f3 los desaf\u00edos y prioridades en materia de seguridad.<\/p>\n<p dir=\"ltr\" style=\"text-align: justify;\">La ministra Carolina Toh\u00e1, destac\u00f3 que \u201cen el d\u00eda de hoy el tema fue la seguridad. Estuvimos trabajando en las estrategias que tenemos y tomamos una serie de acuerdos muy importantes. En primer lugar, para el conjunto darle agilidad y destrabar proyectos emblem\u00e1ticos en materia de seguridad que en su proceso de aprobaci\u00f3n y de distintas etapas administrativas demoran en que su impacto llegue a las comunidades. Vamos a hacer un trabajo conjunto, tambi\u00e9n los gobernadores y gobernadoras est\u00e1n haciendo una labor con la Contralor\u00eda para lograr entre todos que estos proyectos r\u00e1pidamente vean la luz\u201d.<\/p>\n<p dir=\"ltr\" style=\"text-align: justify;\">Asimismo agreg\u00f3 que \u201chemos acordado algo que es fundamental. Los gobiernos regionales a trav\u00e9s del Fondo Nacional de Desarrollo Regional, el FNDR, financian muchas inversiones en materia de seguridad: equipamiento para las polic\u00edas, refuerzos para otros servicios, tambi\u00e9n inversiones en el espacio p\u00fablico con foco de seguridad. Y hemos decidido llevar adelante un esfuerzo de coordinaci\u00f3n y un protocolo de trabajo que nos permita que esas inversiones est\u00e9n coordinadas con las estrategias de seguridad m\u00e1s amplias que desarrolla el Gobierno Central y otros organismos en cada regi\u00f3n de manera que los recursos se potencien\u201d.<\/p>\n<p dir=\"ltr\" style=\"text-align: justify;\">Por su parte, el gobernador regional de Valpara\u00edso y presidente de AGORECHI, Rodrigo Mundaca, se\u00f1al\u00f3 que \u201cel tema de la seguridad compromete a toda la sociedad, como gobiernos regionales desde que asumimos nuestro mandato como los primeros gobernadores electos democr\u00e1ticamente en la historia del pa\u00eds, en materia de seguridad durante toda nuestra gesti\u00f3n hemos destinado m\u00e1s de $500.000 millones, aumentando recursos o focalizando en Gendarmer\u00eda, apoyando a las polic\u00edas en mayor dotaci\u00f3n de veh\u00edculos, en infraestructura, en equipamiento, en el mejoramiento de los cuarteles, sistemas de televigilancia \u00e1rea. Tenemos el compromiso de trabajar en conjunto con el Gobierno Central en materia de seguridad y tambi\u00e9n de empujar juntos el proyecto de ley que deber\u00eda habilitarnos una nueva divisi\u00f3n de prevenci\u00f3n de delito, atenci\u00f3n a v\u00edctimas e incorporar el \u00e1mbito de las emergencias\u201d.<\/p>\n<p dir=\"ltr\" style=\"text-align: justify;\">En el Gabinete Integrado de Seguridad, desde el Gobierno Central participaron la ministra del Interior y Seguridad P\u00fablica, Carolina Toh\u00e1; la ministra de Defensa Nacional, Maya Fern\u00e1ndez; el ministro de Justicia y Derechos Humanos, Luis Cordero; el subsecretario del Interior, Manuel Monsalve; el subsecretario de Prevenci\u00f3n del Delito, Eduardo Vergara; la subsecretaria de Hacienda; Heidi Berner; el subsecretario de Justicia, Jaime Gajardo; la subsecretaria de Desarrollo Regional y Administrativo (Subdere), Francisca Perales; adem\u00e1s de las 16 gobernadoras y gobernadores de Chile.<\/p>\n<p dir=\"ltr\" style=\"text-align: justify;\">El primer Gabinete Integrado se realiz\u00f3 en enero de este a\u00f1o, en el marco del cambio de mando de la Asociaci\u00f3n de Gobernadores y Gobernadoras Regionales de Chile (AGORECHI) en el que asumi\u00f3 la presidencia el gobernador regional de Valpara\u00edso, Rodrigo Mundaca. La instancia se denomin\u00f3 \u201cEconom\u00eda y Productividad: Inversi\u00f3n P\u00fablica Regional\u201d y que cont\u00f3 con la participaci\u00f3n de representantes de diferentes instituciones p\u00fablicas tales como la ministra de Obras P\u00fablicas, Jessica L\u00f3pez; la subsecretaria de Hacienda, Heidi Berner; la subsecretaria de Evaluaci\u00f3n Social, Paula Poblete; y la directora (s) de Presupuestos, Sereli Pardo.<\/p>\n<p dir=\"ltr\" style=\"text-align: justify;\">Adem\u00e1s, antecediendo el Gabinete Integrado, el d\u00eda martes 19 de marzo la subsecretaria Francisca Perales se reuni\u00f3 con la Asociaci\u00f3n de Gobernadores y Gobernadoras Regionales de Chile (AGORECHI) para hacer una revisi\u00f3n de la agenda 2024 y materias como la transferencia de competencias y la Pol\u00edtica de Descentralizaci\u00f3n de Chile, entre otros.<\/p>\n<\/div><\/section><\/div><div  style='height:50px' class='hr hr-invisible   avia-builder-el-6  el_after_av_one_full  el_before_av_social_share '><span class='hr-inner ' ><span class='hr-inner-style'><\/span><\/span><\/div><\/p>\n<div  class='av-social-sharing-box  avia-builder-el-7  el_after_av_hr  el_before_av_hr  '><div class='av-share-box'><h5 class='av-share-link-description av-no-toc '>Compartir esta noticia<\/h5><ul class='av-share-box-list noLightbox'><li class='av-share-link av-social-link-facebook' ><a target=\"_blank\" aria-label=\"Compartir en Facebook\" href='https:\/\/www.facebook.com\/sharer.php?u=https:\/\/radiorevelacionfm.cl\/?p=40536&#038;t=Realizan%20Gabinete%20Integrado%20en%20materia%20de%20seguridad%20entre%20Gobierno%20Central%20y%20gobiernos%20regionales' aria-hidden='false' data-av_icon='\ue8f3' data-av_iconfont='entypo-fontello' title='' data-avia-related-tooltip='Compartir en Facebook' rel=\"noopener\"><span class='avia_hidden_link_text'>Compartir en Facebook<\/span><\/a><\/li><li class='av-share-link av-social-link-twitter' ><a target=\"_blank\" aria-label=\"Compartir en Twitter\" href='https:\/\/twitter.com\/share?text=Realizan%20Gabinete%20Integrado%20en%20materia%20de%20seguridad%20entre%20Gobierno%20Central%20y%20gobiernos%20regionales&#038;url=https:\/\/radiorevelacionfm.cl\/?p=40536' aria-hidden='false' data-av_icon='\ue8f1' data-av_iconfont='entypo-fontello' title='' data-avia-related-tooltip='Compartir en Twitter' rel=\"noopener\"><span class='avia_hidden_link_text'>Compartir en Twitter<\/span><\/a><\/li><li class='av-share-link av-social-link-whatsapp' ><a target=\"_blank\" aria-label=\"Compartir en Whatsapp\" href='https:\/\/api.whatsapp.com\/send?text=https:\/\/radiorevelacionfm.cl\/?p=40536' aria-hidden='false' data-av_icon='\uf232' data-av_iconfont='entypo-fontello' title='' data-avia-related-tooltip='Compartir en Whatsapp' rel=\"noopener\"><span class='avia_hidden_link_text'>Compartir en Whatsapp<\/span><\/a><\/li><li class='av-share-link av-social-link-linkedin' ><a target=\"_blank\" aria-label=\"Compartir en LinkedIn\" href='https:\/\/linkedin.com\/shareArticle?mini=true&#038;title=Realizan%20Gabinete%20Integrado%20en%20materia%20de%20seguridad%20entre%20Gobierno%20Central%20y%20gobiernos%20regionales&#038;url=https:\/\/radiorevelacionfm.cl\/?p=40536' aria-hidden='false' data-av_icon='\ue8fc' data-av_iconfont='entypo-fontello' title='' data-avia-related-tooltip='Compartir en LinkedIn' rel=\"noopener\"><span class='avia_hidden_link_text'>Compartir en LinkedIn<\/span><\/a><\/li><li class='av-share-link av-social-link-mail' ><a  aria-label=\"Compartir por correo\" href='mailto:?subject=Realizan%20Gabinete%20Integrado%20en%20materia%20de%20seguridad%20entre%20Gobierno%20Central%20y%20gobiernos%20regionales&#038;body=https:\/\/radiorevelacionfm.cl\/?p=40536' aria-hidden='false' data-av_icon='\ue805' data-av_iconfont='entypo-fontello' title='' data-avia-related-tooltip='Compartir por correo'><span class='avia_hidden_link_text'>Compartir por correo<\/span><\/a><\/li><\/ul><\/div><\/div>\n<div  style='height:50px' class='hr hr-invisible   avia-builder-el-8  el_after_av_social_share  el_before_av_comments_list '><span class='hr-inner ' ><span class='hr-inner-style'><\/span><\/span><\/div>\n<div  class='av-buildercomment  av-blog-meta-html-info-disabled av-blog-meta-tag-disabled  '><\/div>\n","protected":false},"excerpt":{"rendered":"","protected":false},"author":1,"featured_media":40537,"comment_status":"open","ping_status":"open","sticky":false,"template":"","format":"standard","meta":{"footnotes":""},"categories":[61],"tags":[],"class_list":["post-40536","post","type-post","status-publish","format-standard","has-post-thumbnail","hentry","category-nacional"],"jetpack_featured_media_url":"https:\/\/radiorevelacionfm.cl\/wp-content\/uploads\/2024\/03\/unnamed-36-1_optimized-1.jpg","_links":{"self":[{"href":"https:\/\/radiorevelacionfm.cl\/index.php?rest_route=\/wp\/v2\/posts\/40536","targetHints":{"allow":["GET"]}}],"collection":[{"href":"https:\/\/radiorevelacionfm.cl\/index.php?rest_route=\/wp\/v2\/posts"}],"about":[{"href":"https:\/\/radiorevelacionfm.cl\/index.php?rest_route=\/wp\/v2\/types\/post"}],"author":[{"embeddable":true,"href":"https:\/\/radiorevelacionfm.cl\/index.php?rest_route=\/wp\/v2\/users\/1"}],"replies":[{"embeddable":true,"href":"https:\/\/radiorevelacionfm.cl\/index.php?rest_route=%2Fwp%2Fv2%2Fcomments&post=40536"}],"version-history":[{"count":1,"href":"https:\/\/radiorevelacionfm.cl\/index.php?rest_route=\/wp\/v2\/posts\/40536\/revisions"}],"predecessor-version":[{"id":40538,"href":"https:\/\/radiorevelacionfm.cl\/index.php?rest_route=\/wp\/v2\/posts\/40536\/revisions\/40538"}],"wp:featuredmedia":[{"embeddable":true,"href":"https:\/\/radiorevelacionfm.cl\/index.php?rest_route=\/wp\/v2\/media\/40537"}],"wp:attachment":[{"href":"https:\/\/radiorevelacionfm.cl\/index.php?rest_route=%2Fwp%2Fv2%2Fmedia&parent=40536"}],"wp:term":[{"taxonomy":"category","embeddable":true,"href":"https:\/\/radiorevelacionfm.cl\/index.php?rest_route=%2Fwp%2Fv2%2Fcategories&post=40536"},{"taxonomy":"post_tag","embeddable":true,"href":"https:\/\/radiorevelacionfm.cl\/index.php?rest_route=%2Fwp%2Fv2%2Ftags&post=40536"}],"curies":[{"name":"wp","href":"https:\/\/api.w.org\/{rel}","templated":true}]}}