{"id":40524,"date":"2024-03-20T21:28:05","date_gmt":"2024-03-21T00:28:05","guid":{"rendered":"https:\/\/radiorevelacionfm.cl\/?p=40524"},"modified":"2024-03-20T21:28:05","modified_gmt":"2024-03-21T00:28:05","slug":"pulso-austral-celebrara-el-dia-mundial-del-agua-con-exposicion-de-artesania-inspirada-en-los-paisajes-acuaticos","status":"publish","type":"post","link":"https:\/\/radiorevelacionfm.cl\/?p=40524","title":{"rendered":"Pulso Austral celebrar\u00e1 el D\u00eda Mundial del Agua con exposici\u00f3n de artesan\u00eda inspirada en los paisajes acu\u00e1ticos"},"content":{"rendered":"<div class=\"flex_column av_one_full  flex_column_div av-zero-column-padding first  avia-builder-el-0  el_before_av_one_full  avia-builder-el-first  \" style='border-radius:0px; '><div  class='avia-image-container  av-styling-    avia-builder-el-1  avia-builder-el-no-sibling  avia-align-center '  itemprop=\"image\" itemscope=\"itemscope\" itemtype=\"https:\/\/schema.org\/ImageObject\"  ><div class='avia-image-container-inner'><div class='avia-image-overlay-wrap'><img decoding=\"async\" class='wp-image-40525 avia-img-lazy-loading-not-40525 avia_image' src=\"https:\/\/radiorevelacionfm.cl\/wp-content\/uploads\/2024\/03\/afiche-expo-agua-rrss-1-1_optimized-1_optimized-1.jpg\" alt='' title='afiche-expo-agua-rrss-(1)-(1)_optimized-(1)_optimized (1)' height=\"800\" width=\"800\"  itemprop=\"thumbnailUrl\" srcset=\"https:\/\/radiorevelacionfm.cl\/wp-content\/uploads\/2024\/03\/afiche-expo-agua-rrss-1-1_optimized-1_optimized-1.jpg 800w, https:\/\/radiorevelacionfm.cl\/wp-content\/uploads\/2024\/03\/afiche-expo-agua-rrss-1-1_optimized-1_optimized-1-300x300.jpg 300w, https:\/\/radiorevelacionfm.cl\/wp-content\/uploads\/2024\/03\/afiche-expo-agua-rrss-1-1_optimized-1_optimized-1-80x80.jpg 80w, https:\/\/radiorevelacionfm.cl\/wp-content\/uploads\/2024\/03\/afiche-expo-agua-rrss-1-1_optimized-1_optimized-1-768x768.jpg 768w, https:\/\/radiorevelacionfm.cl\/wp-content\/uploads\/2024\/03\/afiche-expo-agua-rrss-1-1_optimized-1_optimized-1-36x36.jpg 36w, https:\/\/radiorevelacionfm.cl\/wp-content\/uploads\/2024\/03\/afiche-expo-agua-rrss-1-1_optimized-1_optimized-1-180x180.jpg 180w, https:\/\/radiorevelacionfm.cl\/wp-content\/uploads\/2024\/03\/afiche-expo-agua-rrss-1-1_optimized-1_optimized-1-705x705.jpg 705w, https:\/\/radiorevelacionfm.cl\/wp-content\/uploads\/2024\/03\/afiche-expo-agua-rrss-1-1_optimized-1_optimized-1-120x120.jpg 120w, https:\/\/radiorevelacionfm.cl\/wp-content\/uploads\/2024\/03\/afiche-expo-agua-rrss-1-1_optimized-1_optimized-1-450x450.jpg 450w, https:\/\/radiorevelacionfm.cl\/wp-content\/uploads\/2024\/03\/afiche-expo-agua-rrss-1-1_optimized-1_optimized-1-600x600.jpg 600w, https:\/\/radiorevelacionfm.cl\/wp-content\/uploads\/2024\/03\/afiche-expo-agua-rrss-1-1_optimized-1_optimized-1-100x100.jpg 100w\" sizes=\"(max-width: 800px) 100vw, 800px\" \/><\/div><\/div><\/div><\/div><div class=\"flex_column av_one_full  flex_column_div av-zero-column-padding first  avia-builder-el-2  el_after_av_one_full  el_before_av_one_full  column-top-margin\" style='border-radius:0px; '><section class=\"av_textblock_section \"  itemscope=\"itemscope\" itemtype=\"https:\/\/schema.org\/BlogPosting\" itemprop=\"blogPost\" ><div class='avia_textblock  '   itemprop=\"text\" ><p dir=\"ltr\" style=\"text-align: center;\"><strong><span style=\"font-size: 18pt;\">Pulso Austral celebrar\u00e1 el D\u00eda Mundial del Agua con exposici\u00f3n de artesan\u00eda inspirada en los paisajes acu\u00e1ticos\u00a0<\/span><\/strong><\/p>\n<div id=\"gtx-trans\" style=\"position: absolute; left: -50px; top: 4.31534px;\">\n<div class=\"gtx-trans-icon\"><\/div>\n<\/div>\n<\/div><\/section><\/div><div class=\"flex_column av_one_full  flex_column_div av-zero-column-padding first  avia-builder-el-4  el_after_av_one_full  el_before_av_hr  column-top-margin\" style='border-radius:0px; '><section class=\"av_textblock_section \"  itemscope=\"itemscope\" itemtype=\"https:\/\/schema.org\/BlogPosting\" itemprop=\"blogPost\" ><div class='avia_textblock  '   itemprop=\"text\" ><p dir=\"ltr\" style=\"text-align: justify;\">Este viernes 22 de marzo a las 18:30 horas se inaugurar\u00e1 la colecci\u00f3n colectiva \u201cEl agua que habitamos\u201d, desarrollada por 22 artesanas de la regi\u00f3n y financiada por el Ministerio de las Culturas, las Artes y el Patrimonio.<\/p>\n<p dir=\"ltr\" style=\"text-align: justify;\">\u00bfQu\u00e9 recuerdos nos trae el agua? \u00bfC\u00f3mo nos relacionamos con el agua? \u00bfQu\u00e9 nos inspira el agua? Con estas preguntas, el equipo de Pulso Austral invit\u00f3 a las artesanas de Puerto Cisnes y de Bah\u00eda Murta a mirar con otros ojos las aguas que habitan. A cruzar los l\u00edmites habituales de sus procesos creativos y volcarse a la experimentaci\u00f3n textil en conexi\u00f3n con las emociones y la naturaleza. As\u00ed, dieron vida a una colecci\u00f3n de artesan\u00eda conectada con los ecosistemas acu\u00e1ticos.<\/p>\n<p dir=\"ltr\" style=\"text-align: justify;\">Una chalupa de madera que recuerda los antiguos viajes por el canal de Puyuhuapi.\u00a0 El acolchado relleno con lana de oveja que abrig\u00f3 noches escarchadas. Una ballena de cuero que rememora los cet\u00e1ceos que llegaban a la bah\u00eda de Cisnes. El choapino que recrea los r\u00edos murtinos entre azulados restos de lana reciclada. Y muchas otras piezas de artesan\u00eda que hablan de los paisajes emotivos de sus creadoras.<\/p>\n<p dir=\"ltr\" style=\"text-align: justify;\">Esta colecci\u00f3n ser\u00e1 inaugurada el D\u00eda Mundial del Agua, este viernes 22 de marzo a las 18:30 horas en Cocina de peones, en el Museo Regional de Ays\u00e9n. Para participar, las organizadoras invitan a inscribirse en un link que puedes encontrar en sus redes sociales (@pulso_austral) y a participar vistiendo una prenda azul como homenaje a las aguas que habitamos.<\/p>\n<p dir=\"ltr\" style=\"text-align: justify;\"><strong>Un viaje creativo<\/strong><\/p>\n<p dir=\"ltr\" style=\"text-align: justify;\">El lanzamiento contempla un conversatorio con representantes de ambas comunidades creadoras, quienes integran la Agrupaci\u00f3n Feria Campesina Libre de Bah\u00eda Murta y las organizaciones Antumapu, Patagonas Rescatando Ra\u00edces y Sur Cisnes. Ellas relatar\u00e1n el viaje creativo de este proyecto, adem\u00e1s de realizar un acto po\u00e9tico y una visita guiada por las obras que integran esta muestra colectiva.<\/p>\n<p dir=\"ltr\" style=\"text-align: justify;\">Para desarrollar esta colecci\u00f3n, cuenta la psic\u00f3loga comunitaria Cecilia Moura, \u201cexploramos juntas los territorios: el mar de Puerto Cisnes y el poderoso r\u00edo Enga\u00f1o de Bah\u00eda Murta, observamos los entornos y aprendimos junto a mediadoras invitadas. Fueron espacios de encuentro y reflexi\u00f3n sobre c\u00f3mo nos conectamos con el agua. Con las distintas materialidades que trabajan las artesanas, dise\u00f1amos en conjunto piezas que hablaran de sus recuerdos. Apareci\u00f3 la infancia, el fr\u00edo, la subsistencia, los oficios, el ingenio y la creatividad para habitar estos agrestes territorios\u201d.<\/p>\n<p dir=\"ltr\" style=\"text-align: justify;\">Esta iniciativa se enmarca en los \u201cLaboratorios Creativos de Oficios Textiles\u201d, un programa de formaci\u00f3n y fortalecimiento de agrupaciones de artesanas que llevan adelante Paralelo 47 y Pulso Austral en diversos territorios de la Regi\u00f3n de Ays\u00e9n.<\/p>\n<p dir=\"ltr\" style=\"text-align: justify;\">\u201cDesde Pulso Austral hemos estado profundizando en el v\u00ednculo de las comunidades con el agua que habitamos, trabajando en base a metodolog\u00edas participativas y conectando oficios artesanales, ecolog\u00eda y memorias emotivas. El a\u00f1o pasado con la obra del r\u00edo Cochrane tejido que lleg\u00f3 a la Bienal de Arte Textil en Santiago. Este verano con un Encuentro de Agrupaci\u00f3n de Artesanas, donde las invitamos a reflexionar y crear sobre su v\u00ednculo con la naturaleza. Y ahora estas colecciones, que vienen a enriquecer con nuevas miradas sobre c\u00f3mo las comunidades creadoras se relacionan e inspiran en los ecosistemas acu\u00e1ticos\u201d, destaca la historiadora y periodista Catalina Camus, quien integra esta organizaci\u00f3n de mujeres que trabaja en Coyhaique.<\/p>\n<p dir=\"ltr\" style=\"text-align: justify;\">Finalmente, esta exposici\u00f3n es financiada por el Fondo Nacional de Desarrollo Cultural y de las Artes, Convocatoria 2023; y el Programa de Apoyo a Organizaciones Culturales Colaboradoras. Cuenta con la colaboraci\u00f3n del Centro de Investigaci\u00f3n en Ecosistemas de la Patagonia, Ays\u00e9n Mira el Mar y Museo Regional de Ays\u00e9n.<\/p>\n<\/div><\/section><\/div><div  style='height:50px' class='hr hr-invisible   avia-builder-el-6  el_after_av_one_full  el_before_av_social_share '><span class='hr-inner ' ><span class='hr-inner-style'><\/span><\/span><\/div><\/p>\n<div  class='av-social-sharing-box  avia-builder-el-7  el_after_av_hr  el_before_av_hr  '><div class='av-share-box'><h5 class='av-share-link-description av-no-toc '>Compartir esta noticia<\/h5><ul class='av-share-box-list noLightbox'><li class='av-share-link av-social-link-facebook' ><a target=\"_blank\" aria-label=\"Compartir en Facebook\" href='https:\/\/www.facebook.com\/sharer.php?u=https:\/\/radiorevelacionfm.cl\/?p=40524&#038;t=Pulso%20Austral%20celebrar%C3%A1%20el%20D%C3%ADa%20Mundial%20del%20Agua%20con%20exposici%C3%B3n%20de%20artesan%C3%ADa%20inspirada%20en%20los%20paisajes%20acu%C3%A1ticos' aria-hidden='false' data-av_icon='\ue8f3' data-av_iconfont='entypo-fontello' title='' data-avia-related-tooltip='Compartir en Facebook' rel=\"noopener\"><span class='avia_hidden_link_text'>Compartir en Facebook<\/span><\/a><\/li><li class='av-share-link av-social-link-twitter' ><a target=\"_blank\" aria-label=\"Compartir en Twitter\" href='https:\/\/twitter.com\/share?text=Pulso%20Austral%20celebrar%C3%A1%20el%20D%C3%ADa%20Mundial%20del%20Agua%20con%20exposici%C3%B3n%20de%20artesan%C3%ADa%20inspirada%20en%20los%20paisajes%20acu%C3%A1ticos&#038;url=https:\/\/radiorevelacionfm.cl\/?p=40524' aria-hidden='false' data-av_icon='\ue8f1' data-av_iconfont='entypo-fontello' title='' data-avia-related-tooltip='Compartir en Twitter' rel=\"noopener\"><span class='avia_hidden_link_text'>Compartir en Twitter<\/span><\/a><\/li><li class='av-share-link av-social-link-whatsapp' ><a target=\"_blank\" aria-label=\"Compartir en Whatsapp\" href='https:\/\/api.whatsapp.com\/send?text=https:\/\/radiorevelacionfm.cl\/?p=40524' aria-hidden='false' data-av_icon='\uf232' data-av_iconfont='entypo-fontello' title='' data-avia-related-tooltip='Compartir en Whatsapp' rel=\"noopener\"><span class='avia_hidden_link_text'>Compartir en Whatsapp<\/span><\/a><\/li><li class='av-share-link av-social-link-linkedin' ><a target=\"_blank\" aria-label=\"Compartir en LinkedIn\" href='https:\/\/linkedin.com\/shareArticle?mini=true&#038;title=Pulso%20Austral%20celebrar%C3%A1%20el%20D%C3%ADa%20Mundial%20del%20Agua%20con%20exposici%C3%B3n%20de%20artesan%C3%ADa%20inspirada%20en%20los%20paisajes%20acu%C3%A1ticos&#038;url=https:\/\/radiorevelacionfm.cl\/?p=40524' aria-hidden='false' data-av_icon='\ue8fc' data-av_iconfont='entypo-fontello' title='' data-avia-related-tooltip='Compartir en LinkedIn' rel=\"noopener\"><span class='avia_hidden_link_text'>Compartir en LinkedIn<\/span><\/a><\/li><li class='av-share-link av-social-link-mail' ><a  aria-label=\"Compartir por correo\" href='mailto:?subject=Pulso%20Austral%20celebrar%C3%A1%20el%20D%C3%ADa%20Mundial%20del%20Agua%20con%20exposici%C3%B3n%20de%20artesan%C3%ADa%20inspirada%20en%20los%20paisajes%20acu%C3%A1ticos&#038;body=https:\/\/radiorevelacionfm.cl\/?p=40524' aria-hidden='false' data-av_icon='\ue805' data-av_iconfont='entypo-fontello' title='' data-avia-related-tooltip='Compartir por correo'><span class='avia_hidden_link_text'>Compartir por correo<\/span><\/a><\/li><\/ul><\/div><\/div>\n<div  style='height:50px' class='hr hr-invisible   avia-builder-el-8  el_after_av_social_share  el_before_av_comments_list '><span class='hr-inner ' ><span class='hr-inner-style'><\/span><\/span><\/div>\n<div  class='av-buildercomment  av-blog-meta-html-info-disabled av-blog-meta-tag-disabled  '><\/div>\n","protected":false},"excerpt":{"rendered":"","protected":false},"author":1,"featured_media":40525,"comment_status":"open","ping_status":"open","sticky":false,"template":"","format":"standard","meta":{"footnotes":""},"categories":[38],"tags":[],"class_list":["post-40524","post","type-post","status-publish","format-standard","has-post-thumbnail","hentry","category-regional"],"jetpack_featured_media_url":"https:\/\/radiorevelacionfm.cl\/wp-content\/uploads\/2024\/03\/afiche-expo-agua-rrss-1-1_optimized-1_optimized-1.jpg","_links":{"self":[{"href":"https:\/\/radiorevelacionfm.cl\/index.php?rest_route=\/wp\/v2\/posts\/40524","targetHints":{"allow":["GET"]}}],"collection":[{"href":"https:\/\/radiorevelacionfm.cl\/index.php?rest_route=\/wp\/v2\/posts"}],"about":[{"href":"https:\/\/radiorevelacionfm.cl\/index.php?rest_route=\/wp\/v2\/types\/post"}],"author":[{"embeddable":true,"href":"https:\/\/radiorevelacionfm.cl\/index.php?rest_route=\/wp\/v2\/users\/1"}],"replies":[{"embeddable":true,"href":"https:\/\/radiorevelacionfm.cl\/index.php?rest_route=%2Fwp%2Fv2%2Fcomments&post=40524"}],"version-history":[{"count":1,"href":"https:\/\/radiorevelacionfm.cl\/index.php?rest_route=\/wp\/v2\/posts\/40524\/revisions"}],"predecessor-version":[{"id":40526,"href":"https:\/\/radiorevelacionfm.cl\/index.php?rest_route=\/wp\/v2\/posts\/40524\/revisions\/40526"}],"wp:featuredmedia":[{"embeddable":true,"href":"https:\/\/radiorevelacionfm.cl\/index.php?rest_route=\/wp\/v2\/media\/40525"}],"wp:attachment":[{"href":"https:\/\/radiorevelacionfm.cl\/index.php?rest_route=%2Fwp%2Fv2%2Fmedia&parent=40524"}],"wp:term":[{"taxonomy":"category","embeddable":true,"href":"https:\/\/radiorevelacionfm.cl\/index.php?rest_route=%2Fwp%2Fv2%2Fcategories&post=40524"},{"taxonomy":"post_tag","embeddable":true,"href":"https:\/\/radiorevelacionfm.cl\/index.php?rest_route=%2Fwp%2Fv2%2Ftags&post=40524"}],"curies":[{"name":"wp","href":"https:\/\/api.w.org\/{rel}","templated":true}]}}