{"id":40520,"date":"2024-03-20T12:41:17","date_gmt":"2024-03-20T15:41:17","guid":{"rendered":"https:\/\/radiorevelacionfm.cl\/?p=40520"},"modified":"2024-03-20T12:41:17","modified_gmt":"2024-03-20T15:41:17","slug":"delegado-presidencial-y-fiscal-regional-abordan-tareas-conjuntas-de-seguridad-publica","status":"publish","type":"post","link":"https:\/\/radiorevelacionfm.cl\/?p=40520","title":{"rendered":"Delegado presidencial y fiscal regional abordan tareas conjuntas de seguridad p\u00fablica"},"content":{"rendered":"<div class=\"flex_column av_one_full  flex_column_div av-zero-column-padding first  avia-builder-el-0  el_before_av_one_full  avia-builder-el-first  \" style='border-radius:0px; '><div  class='avia-image-container  av-styling-    avia-builder-el-1  avia-builder-el-no-sibling  avia-align-center '  itemprop=\"image\" itemscope=\"itemscope\" itemtype=\"https:\/\/schema.org\/ImageObject\"  ><div class='avia-image-container-inner'><div class='avia-image-overlay-wrap'><img decoding=\"async\" class='wp-image-40521 avia-img-lazy-loading-not-40521 avia_image' src=\"https:\/\/radiorevelacionfm.cl\/wp-content\/uploads\/2024\/03\/img_9969-1_optimized.jpeg\" alt='' title='img_9969-(1)_optimized' height=\"600\" width=\"800\"  itemprop=\"thumbnailUrl\" srcset=\"https:\/\/radiorevelacionfm.cl\/wp-content\/uploads\/2024\/03\/img_9969-1_optimized.jpeg 800w, https:\/\/radiorevelacionfm.cl\/wp-content\/uploads\/2024\/03\/img_9969-1_optimized-300x225.jpeg 300w, https:\/\/radiorevelacionfm.cl\/wp-content\/uploads\/2024\/03\/img_9969-1_optimized-768x576.jpeg 768w, https:\/\/radiorevelacionfm.cl\/wp-content\/uploads\/2024\/03\/img_9969-1_optimized-705x529.jpeg 705w, https:\/\/radiorevelacionfm.cl\/wp-content\/uploads\/2024\/03\/img_9969-1_optimized-450x338.jpeg 450w, https:\/\/radiorevelacionfm.cl\/wp-content\/uploads\/2024\/03\/img_9969-1_optimized-600x450.jpeg 600w\" sizes=\"(max-width: 800px) 100vw, 800px\" \/><\/div><\/div><\/div><\/div><div class=\"flex_column av_one_full  flex_column_div av-zero-column-padding first  avia-builder-el-2  el_after_av_one_full  el_before_av_one_full  column-top-margin\" style='border-radius:0px; '><section class=\"av_textblock_section \"  itemscope=\"itemscope\" itemtype=\"https:\/\/schema.org\/BlogPosting\" itemprop=\"blogPost\" ><div class='avia_textblock  '   itemprop=\"text\" ><p style=\"text-align: center;\"><span style=\"font-size: 18pt;\"><b>Delegado presidencial y fiscal regional abordan tareas conjuntas de seguridad p\u00fablica<\/b>\u00a0<\/span><\/p>\n<div id=\"gtx-trans\" style=\"position: absolute; left: -50px; top: 4.31534px;\">\n<div class=\"gtx-trans-icon\"><\/div>\n<\/div>\n<\/div><\/section><\/div><div class=\"flex_column av_one_full  flex_column_div av-zero-column-padding first  avia-builder-el-4  el_after_av_one_full  el_before_av_hr  column-top-margin\" style='border-radius:0px; '><section class=\"av_textblock_section \"  itemscope=\"itemscope\" itemtype=\"https:\/\/schema.org\/BlogPosting\" itemprop=\"blogPost\" ><div class='avia_textblock  '   itemprop=\"text\" ><p style=\"text-align: justify;\">Una importante reuni\u00f3n de trabajo sostuvieron el delegado presidencial regional, Rodrigo Araya y el fiscal regional, Carlos Palma. Al t\u00e9rmino del encuentro el representante de gobierno indic\u00f3 que inform\u00f3 al Ministerio P\u00fablico sus inquietudes a nivel territorial, adem\u00e1s de destacar las tareas de coordinaci\u00f3n y trabajo aunado con las polic\u00edas, para una \u00f3ptima eficiencia de los procesos investigativos.<\/p>\n<p style=\"text-align: justify;\">El delegado Rodrigo Araya indic\u00f3 que \u201ccomo encargado de la seguridad p\u00fablica a trav\u00e9s del Ministerio del Interior, tenemos una coordinaci\u00f3n permanente con las fuerzas policiales y el Ministerio P\u00fablico desde el punto de vista de los apoyos en la gesti\u00f3n que realizamos en todas las comunas del territorio. Hemos invitado igualmente al fiscal regional a participar en el pr\u00f3ximo Consejo Regional de Seguridad P\u00fablica donde vamos a establecer el nuevo plan que involucra a las cinco \u00e1reas delictuales a las que hacemos hincapi\u00e9 dentro de la coordinaci\u00f3n sectorial\u201d.<\/p>\n<p style=\"text-align: justify;\">Por su parte, el fiscal regional agradeci\u00f3 la reuni\u00f3n con el delegado regional e indic\u00f3 que para la Fiscal\u00eda es fundamental el trabajo mancomunado con las autoridades. El representante del Ministerio P\u00fablico asegur\u00f3 que la \u00fanica forma de contar con una comunidad m\u00e1s segura es que los organismos relacionados con la prevenci\u00f3n, persecuci\u00f3n y seguridad p\u00fablica trabajen de la mano.<\/p>\n<p style=\"text-align: justify;\">\u201cVenimos trabajando hace much\u00edsimo tiempo con el delegado regional y otras autoridades y hoy en particular hemos conversado sobre las tareas comunes, como la inseguridad pa\u00eds versus la seguridad regional, considerando que nuestra regi\u00f3n es la m\u00e1s segura del pa\u00eds.<\/p>\n<p style=\"text-align: justify;\">Tenemos los indicadores m\u00e1s altos de persecuci\u00f3n penal y satisfacci\u00f3n usuaria del pa\u00eds y esos resultados se logran con este tipo de reuniones, con este tipo de trabajo comprometido para la comunidad\u201d, mencion\u00f3 el fiscal regional.<\/p>\n<p style=\"text-align: justify;\">Ambas autoridades valoraron el encuentro ratificando que la pr\u00f3xima oportunidad en que se re\u00fanan ser\u00e1 durante el Consejo Regional de Seguridad, a realizarse el 30 de abril.<\/p>\n<\/div><\/section><\/div><div  style='height:50px' class='hr hr-invisible   avia-builder-el-6  el_after_av_one_full  el_before_av_social_share '><span class='hr-inner ' ><span class='hr-inner-style'><\/span><\/span><\/div><\/p>\n<div  class='av-social-sharing-box  avia-builder-el-7  el_after_av_hr  el_before_av_hr  '><div class='av-share-box'><h5 class='av-share-link-description av-no-toc '>Compartir esta noticia<\/h5><ul class='av-share-box-list noLightbox'><li class='av-share-link av-social-link-facebook' ><a target=\"_blank\" aria-label=\"Compartir en Facebook\" href='https:\/\/www.facebook.com\/sharer.php?u=https:\/\/radiorevelacionfm.cl\/?p=40520&#038;t=Delegado%20presidencial%20y%20fiscal%20regional%20abordan%20tareas%20conjuntas%20de%20seguridad%20p%C3%BAblica' aria-hidden='false' data-av_icon='\ue8f3' data-av_iconfont='entypo-fontello' title='' data-avia-related-tooltip='Compartir en Facebook' rel=\"noopener\"><span class='avia_hidden_link_text'>Compartir en Facebook<\/span><\/a><\/li><li class='av-share-link av-social-link-twitter' ><a target=\"_blank\" aria-label=\"Compartir en Twitter\" href='https:\/\/twitter.com\/share?text=Delegado%20presidencial%20y%20fiscal%20regional%20abordan%20tareas%20conjuntas%20de%20seguridad%20p%C3%BAblica&#038;url=https:\/\/radiorevelacionfm.cl\/?p=40520' aria-hidden='false' data-av_icon='\ue8f1' data-av_iconfont='entypo-fontello' title='' data-avia-related-tooltip='Compartir en Twitter' rel=\"noopener\"><span class='avia_hidden_link_text'>Compartir en Twitter<\/span><\/a><\/li><li class='av-share-link av-social-link-whatsapp' ><a target=\"_blank\" aria-label=\"Compartir en Whatsapp\" href='https:\/\/api.whatsapp.com\/send?text=https:\/\/radiorevelacionfm.cl\/?p=40520' aria-hidden='false' data-av_icon='\uf232' data-av_iconfont='entypo-fontello' title='' data-avia-related-tooltip='Compartir en Whatsapp' rel=\"noopener\"><span class='avia_hidden_link_text'>Compartir en Whatsapp<\/span><\/a><\/li><li class='av-share-link av-social-link-linkedin' ><a target=\"_blank\" aria-label=\"Compartir en LinkedIn\" href='https:\/\/linkedin.com\/shareArticle?mini=true&#038;title=Delegado%20presidencial%20y%20fiscal%20regional%20abordan%20tareas%20conjuntas%20de%20seguridad%20p%C3%BAblica&#038;url=https:\/\/radiorevelacionfm.cl\/?p=40520' aria-hidden='false' data-av_icon='\ue8fc' data-av_iconfont='entypo-fontello' title='' data-avia-related-tooltip='Compartir en LinkedIn' rel=\"noopener\"><span class='avia_hidden_link_text'>Compartir en LinkedIn<\/span><\/a><\/li><li class='av-share-link av-social-link-mail' ><a  aria-label=\"Compartir por correo\" href='mailto:?subject=Delegado%20presidencial%20y%20fiscal%20regional%20abordan%20tareas%20conjuntas%20de%20seguridad%20p%C3%BAblica&#038;body=https:\/\/radiorevelacionfm.cl\/?p=40520' aria-hidden='false' data-av_icon='\ue805' data-av_iconfont='entypo-fontello' title='' data-avia-related-tooltip='Compartir por correo'><span class='avia_hidden_link_text'>Compartir por correo<\/span><\/a><\/li><\/ul><\/div><\/div>\n<div  style='height:50px' class='hr hr-invisible   avia-builder-el-8  el_after_av_social_share  el_before_av_comments_list '><span class='hr-inner ' ><span class='hr-inner-style'><\/span><\/span><\/div>\n<div  class='av-buildercomment  av-blog-meta-html-info-disabled av-blog-meta-tag-disabled  '><\/div>\n","protected":false},"excerpt":{"rendered":"","protected":false},"author":1,"featured_media":40521,"comment_status":"open","ping_status":"open","sticky":false,"template":"","format":"standard","meta":{"footnotes":""},"categories":[38],"tags":[],"class_list":["post-40520","post","type-post","status-publish","format-standard","has-post-thumbnail","hentry","category-regional"],"jetpack_featured_media_url":"https:\/\/radiorevelacionfm.cl\/wp-content\/uploads\/2024\/03\/img_9969-1_optimized.jpeg","_links":{"self":[{"href":"https:\/\/radiorevelacionfm.cl\/index.php?rest_route=\/wp\/v2\/posts\/40520","targetHints":{"allow":["GET"]}}],"collection":[{"href":"https:\/\/radiorevelacionfm.cl\/index.php?rest_route=\/wp\/v2\/posts"}],"about":[{"href":"https:\/\/radiorevelacionfm.cl\/index.php?rest_route=\/wp\/v2\/types\/post"}],"author":[{"embeddable":true,"href":"https:\/\/radiorevelacionfm.cl\/index.php?rest_route=\/wp\/v2\/users\/1"}],"replies":[{"embeddable":true,"href":"https:\/\/radiorevelacionfm.cl\/index.php?rest_route=%2Fwp%2Fv2%2Fcomments&post=40520"}],"version-history":[{"count":1,"href":"https:\/\/radiorevelacionfm.cl\/index.php?rest_route=\/wp\/v2\/posts\/40520\/revisions"}],"predecessor-version":[{"id":40522,"href":"https:\/\/radiorevelacionfm.cl\/index.php?rest_route=\/wp\/v2\/posts\/40520\/revisions\/40522"}],"wp:featuredmedia":[{"embeddable":true,"href":"https:\/\/radiorevelacionfm.cl\/index.php?rest_route=\/wp\/v2\/media\/40521"}],"wp:attachment":[{"href":"https:\/\/radiorevelacionfm.cl\/index.php?rest_route=%2Fwp%2Fv2%2Fmedia&parent=40520"}],"wp:term":[{"taxonomy":"category","embeddable":true,"href":"https:\/\/radiorevelacionfm.cl\/index.php?rest_route=%2Fwp%2Fv2%2Fcategories&post=40520"},{"taxonomy":"post_tag","embeddable":true,"href":"https:\/\/radiorevelacionfm.cl\/index.php?rest_route=%2Fwp%2Fv2%2Ftags&post=40520"}],"curies":[{"name":"wp","href":"https:\/\/api.w.org\/{rel}","templated":true}]}}