{"id":40514,"date":"2024-03-20T09:32:34","date_gmt":"2024-03-20T12:32:34","guid":{"rendered":"https:\/\/radiorevelacionfm.cl\/?p=40514"},"modified":"2024-03-20T09:57:21","modified_gmt":"2024-03-20T12:57:21","slug":"con-el-lema-agua-para-la-paz-mop-destaca-dia-mundial-del-agua","status":"publish","type":"post","link":"https:\/\/radiorevelacionfm.cl\/?p=40514","title":{"rendered":"Con el lema \u201cAgua para la Paz\u201d MOP destaca D\u00eda Mundial del Agua"},"content":{"rendered":"<div class=\"flex_column av_one_full  flex_column_div av-zero-column-padding first  avia-builder-el-0  el_before_av_one_full  avia-builder-el-first  \" style='border-radius:0px; '><div  class='avia-image-container  av-styling-    avia-builder-el-1  avia-builder-el-no-sibling  avia-align-center '  itemprop=\"image\" itemscope=\"itemscope\" itemtype=\"https:\/\/schema.org\/ImageObject\"  ><div class='avia-image-container-inner'><div class='avia-image-overlay-wrap'><img decoding=\"async\" class='wp-image-40516 avia-img-lazy-loading-not-40516 avia_image' src=\"https:\/\/radiorevelacionfm.cl\/wp-content\/uploads\/2024\/03\/dga-2-2-1_optimized-1.jpg\" alt='' title='dga-2-(2)-(1)_optimized (1)' height=\"600\" width=\"906\"  itemprop=\"thumbnailUrl\" srcset=\"https:\/\/radiorevelacionfm.cl\/wp-content\/uploads\/2024\/03\/dga-2-2-1_optimized-1.jpg 906w, https:\/\/radiorevelacionfm.cl\/wp-content\/uploads\/2024\/03\/dga-2-2-1_optimized-1-300x199.jpg 300w, https:\/\/radiorevelacionfm.cl\/wp-content\/uploads\/2024\/03\/dga-2-2-1_optimized-1-768x509.jpg 768w, https:\/\/radiorevelacionfm.cl\/wp-content\/uploads\/2024\/03\/dga-2-2-1_optimized-1-705x467.jpg 705w, https:\/\/radiorevelacionfm.cl\/wp-content\/uploads\/2024\/03\/dga-2-2-1_optimized-1-450x298.jpg 450w, https:\/\/radiorevelacionfm.cl\/wp-content\/uploads\/2024\/03\/dga-2-2-1_optimized-1-600x397.jpg 600w\" sizes=\"(max-width: 906px) 100vw, 906px\" \/><\/div><\/div><\/div><\/div>\n<div class=\"flex_column av_one_full  flex_column_div av-zero-column-padding first  avia-builder-el-2  el_after_av_one_full  el_before_av_one_full  column-top-margin\" style='border-radius:0px; '><section class=\"av_textblock_section \"  itemscope=\"itemscope\" itemtype=\"https:\/\/schema.org\/BlogPosting\" itemprop=\"blogPost\" ><div class='avia_textblock  '   itemprop=\"text\" ><p style=\"text-align: center;\"><strong><span style=\"font-size: 18pt;\">Con el lema \u201cAgua para la Paz\u201d MOP destaca D\u00eda Mundial del Agua <\/span><\/strong><\/p>\n<div id=\"gtx-trans\" style=\"position: absolute; left: -50px; top: 4.31534px;\">\n<div class=\"gtx-trans-icon\"><\/div>\n<\/div>\n<\/div><\/section><\/div><div class=\"flex_column av_one_full  flex_column_div av-zero-column-padding first  avia-builder-el-4  el_after_av_one_full  el_before_av_hr  column-top-margin\" style='border-radius:0px; '><section class=\"av_textblock_section \"  itemscope=\"itemscope\" itemtype=\"https:\/\/schema.org\/BlogPosting\" itemprop=\"blogPost\" ><div class='avia_textblock  '   itemprop=\"text\" ><p style=\"text-align: justify;\"><em>\u201cEste a\u00f1o realizaremos una Feria del Agua, efectuaremos operativo para atender consultas de la comunidad y en el marco de la campa\u00f1a \u201cSigue la corriente del Agua y util\u00edzala en regla\u201d, impulsaremos que las personas inscriban en el Conservador de Bienes Ra\u00edces sus derechos de aprovechamiento de aguas y en el Catastro P\u00fablico de Aguas de la DGA del MOP para avanzar hacia la seguridad h\u00eddrica de todos y todas\u201d, asegur\u00f3 el SEREMI del MOP.<\/em><\/p>\n<p style=\"text-align: justify;\">El Secretario Regional Ministerial de Obras P\u00fablicas, Patricio Sanhueza Ulloa, destac\u00f3 la celebraci\u00f3n este viernes 22 de marzo del D\u00eda Mundial del Agua, con el lema: \u201cAgua para la Paz\u201d y la realizaci\u00f3n de una Feria del Agua, la que considera efectuar una muestra de videos y de instrumental de las Direcciones Regionales de Aguas y de Obras Hidr\u00e1ulicas del MOP a j\u00f3venes estudiantes que integran el Liceo San Felipe Benicio, el Liceo Josefina Aguirre Montenegro, la Escuela Pedro Quintana Mansilla y a la comunidad, as\u00ed como tambi\u00e9n realizar un operativo con INDAP de atenci\u00f3n a la ciudadan\u00eda enmarcado en la campa\u00f1a \u201cSigue la corriente del Agua y util\u00edzala en regla\u201d para incentivar en las personas la inscripci\u00f3n de sus derechos de aprovechamiento de aguas en el Conservador de Bienes Ra\u00edces y en el Catastro P\u00fablico de Aguas de la DGA-MOP.<\/p>\n<p style=\"text-align: justify;\">Al respecto, el SEREMI del MOP indic\u00f3 que \u201cesta semana celebramos el D\u00eda Mundial del Agua y estamos concurriendo como un Ministerio \u00a0que ocupa un rol fundamental y preponderante en esto. Nosotros participamos en la gesti\u00f3n del agua, en el suministro del agua y en la protecci\u00f3n de los efectos del agua a trav\u00e9s de la Direcci\u00f3n General de Aguas que vela por la fiscalizaci\u00f3n y administraci\u00f3n del recurso, y a trav\u00e9s de la Direcci\u00f3n de Obras Hidr\u00e1ulicas mediante los Servicios Sanitarios Rurales abastecemos m\u00e1s del 25% de la poblaci\u00f3n regional con agua potable, as\u00ed como tambi\u00e9n nos preocupan los efectos del agua en los cauces en donde aportamos con mejoras, conservaci\u00f3n y nueva infraestructura para riego. Esta semana, lo celebramos con INDAP con quienes tenemos un trabajo colaborativo, de tal manera de que se regularicen los derechos de agua de nuestra poblaci\u00f3n rural. Estamos muy comprometidos con este d\u00eda y trabajando no solamente con esta generaci\u00f3n, sino tambi\u00e9n con la que viene, as\u00ed que este d\u00eda lo celebraremos con videos, con exposiciones a los estudiantes, y las y los invitamos a participar y hacer suyo este d\u00eda, el que es una ocasi\u00f3n muy importante en donde nuestro gobierno como lineamiento destaca el agua como un derecho humano, el agua como un bien nacional de uso p\u00fablico que nos pertenece a todos y todas, y el trabajo que todos los estados miembros de la ONU deben impulsar donde tenemos un objetivo de desarrollo que es claro y categ\u00f3rico que es agua limpia y saneamiento. Los retos son gigantes en gesti\u00f3n, manejo, administraci\u00f3n y a nivel de cuencas tambi\u00e9n, as\u00ed que invitamos a los y las alumnas y comunidad a visitar esta Feria del Agua y \u00a0a preocuparnos por mantener este recurso disponible para esta generaci\u00f3n y las futuras\u201d.<\/p>\n<p style=\"text-align: justify;\">El D\u00eda Mundial del Agua es el 22 de marzo de cada a\u00f1o, y en esta oportunidad su lema, de acuerdo con la ONU es \u201cAgua para la Paz\u201d, \u00a0donde se se\u00f1ala que debemos actuar sobre la base de que el agua no es solo un recurso que se aprovecha y por el que se compite: Es un derecho humano, intr\u00ednseco a todos los aspectos de la vida. En esa misma l\u00ednea, en el a\u00f1o 2015 los Estados miembros de la ONU, en conjunto con ONGs y ciudadanos de todo el mundo, generaron una propuesta para desarrollar 17 Objetivos de Desarrollo Sostenible (ODS), los que buscan alcanzar de manera equilibrada tres dimensiones del desarrollo sostenible: El \u00e1mbito econ\u00f3mico, social y ambiental. Entre estos, el n\u00famero 6, se refiere al \u201cagua limpia y saneamiento\u201d, el que tiene por objetivo, garantizar la disponibilidad y la gesti\u00f3n sostenible del agua y el saneamiento para todos.<\/p>\n<p style=\"text-align: justify;\">Sobre el particular, el Director Regional de Obras Hidr\u00e1ulicas del MOP Francisco Real Bahamonde indic\u00f3: \u201cEn el D\u00eda Mundial del Agua la Direcci\u00f3n de Obras Hidr\u00e1ulicas va a estar presente en esta Feria con algunas presentaciones que expondr\u00e1n nuestros funcionarios y funcionarias como son nuestros productos estrat\u00e9gicos los Servicios Sanitarios Rurales, explicando desde su inicio y pasando por todo su ciclo de vida hasta llegar con agua potable a los hogares; tambi\u00e9n, vamos a estar mostrando los instrumentos para realizar estas obras y para poder conservarlas con diferentes equipos para que el agua este apta para el consumo humano; otro de los productos estrat\u00e9gicos que tenemos son los sistemas de riego fiscal en la cuenca del lago General Carrera, Bah\u00eda Jara, Chile Chico, Fachinal, Ib\u00e1\u00f1ez y Pen\u00ednsula de Levican en donde vamos a exponer desde el momento que se capta el agua hasta su distribuci\u00f3n por canales para poder llegar a las chacras donde se realizan estos riegos y mostrarles los productos que estos regantes trabajan como es en Chile Chico la cereza, as\u00ed que los y las invitamos a participar porque va\u00a0 a ser una Feria muy atractiva y muy did\u00e1ctica\u201d.<\/p>\n<p style=\"text-align: justify;\">Por su parte, el Director de la Direcci\u00f3n General de Aguas del MOP en la regi\u00f3n de Ays\u00e9n, H\u00e9ctor Cort\u00e9s Gaete destac\u00f3 que \u201ces vital relevar la importancia de las actividades, que realiza la Direcci\u00f3n General de Aguas en la regi\u00f3n de Ays\u00e9n, que forman parte de las acciones que se hacen a nivel el pa\u00eds en torno a la generaci\u00f3n de informaci\u00f3n del recurso h\u00eddrico, levantando datos estad\u00edsticos a partir de monitoreo de caudales en r\u00edos, estaciones meteorol\u00f3gicas (medici\u00f3n de precipitaciones, temperatura, etc.), en diferentes puntos de la regi\u00f3n incluyendo glaciares, y a su vez, conocer los eventos extremos que pueden comprometer la seguridad de la poblaci\u00f3n cuando se generan crecidas, como as\u00ed mismo las disponibilidades de aguas en las distintas cuencas regionales para su adecuada administraci\u00f3n\u201d.<\/p>\n<p style=\"text-align: justify;\">La campa\u00f1a: \u201cSigue la Corriente del Agua y util\u00edzala en regla\u201d, consiste en el acompa\u00f1amiento a las personas usuarias para incentivar la inscripci\u00f3n en el Conservador de Bienes Ra\u00edces sus derechos de aprovechamiento de aguas y registrarlo en el Catastro P\u00fablico de Aguas de la DGA, con el objetivo de que todos y todas podamos tener el agua en regla (regularizada) para que podamos avanzar hacia la seguridad h\u00eddrica de todos y de todas. Junto con la Feria del Agua, este operativo que realizaran los trabajadores de la DGA del MOP este viernes 22 de marzo, considera atender a la comunidad y aclarar sus dudas, porque si no inscriben sus derechos de aprovechamiento de aguas podr\u00edan recibir una multa o podr\u00edan perder ese derecho, por no realizar el tr\u00e1mite que te corresponde, as\u00ed que los trabajadores estar\u00e1n ah\u00ed para ayudarlos en todo este proceso. En tanto, Indap estar\u00e1 con sus equipos atendiendo consultas de la ciudadan\u00eda respecto del Bono Legal de Aguas, el que permite acceder a incentivos econ\u00f3micos de hasta el 90% del costo bruto por consultor\u00edas destinadas a resolver problemas asociados a las aguas que ocupan los beneficiarios del Instituto de Desarrollo Agropecuario (INDAP), con el objetivo de que mejoren la gesti\u00f3n de los recursos y se facilite su acceso a instrumentos de fomento del Estado para mejorar sus sistemas de riego dentro y fuera de sus predios.<\/p>\n<p style=\"text-align: justify;\">As\u00ed lo refrend\u00f3 la Directora Regional de INDAP,\u00a0 Yessica Lagos C\u00e1rdenas expres\u00f3: \u201cNuestro presidente Gabriel Boric, nos ha convocado a promover medidas que permitan cuidar uno de los recursos m\u00e1s importantes para el desarrollo silvoagropecurio como es: EL AGUA. En este contexto, desde el INDAP invitamos a todas las familias que a\u00fan no han regularizado el tema de sus derechos de Agua a ponerse en regla, considerando un apoyo econ\u00f3mico denominado Bono Legal de Aguas. Para poder tramitar esto, es importante que los interesados sean usuarios acreditados por INDAP. Para mayor informaci\u00f3n sobre los pasos y procedimientos para tramitar este bono, los interesados deber\u00e1n acudir a\u00a0 las Agencias de \u00c1rea, oficinas de INDAP distribuidas en la regi\u00f3n de Ays\u00e9n y a la Feria en la que estaremos junto al MOP para atender sus necesidades\u201d.<\/p>\n<p style=\"text-align: justify;\">La Feria del Agua y atenci\u00f3n a personas usuarias se realizar\u00e1 el pr\u00f3ximo viernes 22 de marzo, desde las 08:30 horas y hasta las 16:30 horas, en el auditorio Augusto Grosse del Ministerio de Obras P\u00fablicas, ubicado en calle Riquelme 465, 1\u00b0 piso, en la ciudad de Coyhaique.<\/p>\n<\/div><\/section><\/div><\/p>\n<div  style='height:50px' class='hr hr-invisible   avia-builder-el-6  el_after_av_one_full  el_before_av_social_share '><span class='hr-inner ' ><span class='hr-inner-style'><\/span><\/span><\/div>\n<div  class='av-social-sharing-box  avia-builder-el-7  el_after_av_hr  el_before_av_hr  '><div class='av-share-box'><h5 class='av-share-link-description av-no-toc '>Compartir esta noticia<\/h5><ul class='av-share-box-list noLightbox'><li class='av-share-link av-social-link-facebook' ><a target=\"_blank\" aria-label=\"Compartir en Facebook\" href='https:\/\/www.facebook.com\/sharer.php?u=https:\/\/radiorevelacionfm.cl\/?p=40514&#038;t=Con%20el%20lema%20%E2%80%9CAgua%20para%20la%20Paz%E2%80%9D%20MOP%20destaca%20D%C3%ADa%20Mundial%20del%20Agua' aria-hidden='false' data-av_icon='\ue8f3' data-av_iconfont='entypo-fontello' title='' data-avia-related-tooltip='Compartir en Facebook' rel=\"noopener\"><span class='avia_hidden_link_text'>Compartir en Facebook<\/span><\/a><\/li><li class='av-share-link av-social-link-twitter' ><a target=\"_blank\" aria-label=\"Compartir en Twitter\" href='https:\/\/twitter.com\/share?text=Con%20el%20lema%20%E2%80%9CAgua%20para%20la%20Paz%E2%80%9D%20MOP%20destaca%20D%C3%ADa%20Mundial%20del%20Agua&#038;url=https:\/\/radiorevelacionfm.cl\/?p=40514' aria-hidden='false' data-av_icon='\ue8f1' data-av_iconfont='entypo-fontello' title='' data-avia-related-tooltip='Compartir en Twitter' rel=\"noopener\"><span class='avia_hidden_link_text'>Compartir en Twitter<\/span><\/a><\/li><li class='av-share-link av-social-link-whatsapp' ><a target=\"_blank\" aria-label=\"Compartir en Whatsapp\" href='https:\/\/api.whatsapp.com\/send?text=https:\/\/radiorevelacionfm.cl\/?p=40514' aria-hidden='false' data-av_icon='\uf232' data-av_iconfont='entypo-fontello' title='' data-avia-related-tooltip='Compartir en Whatsapp' rel=\"noopener\"><span class='avia_hidden_link_text'>Compartir en Whatsapp<\/span><\/a><\/li><li class='av-share-link av-social-link-linkedin' ><a target=\"_blank\" aria-label=\"Compartir en LinkedIn\" href='https:\/\/linkedin.com\/shareArticle?mini=true&#038;title=Con%20el%20lema%20%E2%80%9CAgua%20para%20la%20Paz%E2%80%9D%20MOP%20destaca%20D%C3%ADa%20Mundial%20del%20Agua&#038;url=https:\/\/radiorevelacionfm.cl\/?p=40514' aria-hidden='false' data-av_icon='\ue8fc' data-av_iconfont='entypo-fontello' title='' data-avia-related-tooltip='Compartir en LinkedIn' rel=\"noopener\"><span class='avia_hidden_link_text'>Compartir en LinkedIn<\/span><\/a><\/li><li class='av-share-link av-social-link-mail' ><a  aria-label=\"Compartir por correo\" href='mailto:?subject=Con%20el%20lema%20%E2%80%9CAgua%20para%20la%20Paz%E2%80%9D%20MOP%20destaca%20D%C3%ADa%20Mundial%20del%20Agua&#038;body=https:\/\/radiorevelacionfm.cl\/?p=40514' aria-hidden='false' data-av_icon='\ue805' data-av_iconfont='entypo-fontello' title='' data-avia-related-tooltip='Compartir por correo'><span class='avia_hidden_link_text'>Compartir por correo<\/span><\/a><\/li><\/ul><\/div><\/div>\n<div  style='height:50px' class='hr hr-invisible   avia-builder-el-8  el_after_av_social_share  el_before_av_comments_list '><span class='hr-inner ' ><span class='hr-inner-style'><\/span><\/span><\/div>\n<div  class='av-buildercomment  av-blog-meta-html-info-disabled av-blog-meta-tag-disabled  '><\/div>\n","protected":false},"excerpt":{"rendered":"","protected":false},"author":1,"featured_media":40516,"comment_status":"open","ping_status":"open","sticky":false,"template":"","format":"standard","meta":{"footnotes":""},"categories":[38],"tags":[],"class_list":["post-40514","post","type-post","status-publish","format-standard","has-post-thumbnail","hentry","category-regional"],"jetpack_featured_media_url":"https:\/\/radiorevelacionfm.cl\/wp-content\/uploads\/2024\/03\/dga-2-2-1_optimized-1.jpg","_links":{"self":[{"href":"https:\/\/radiorevelacionfm.cl\/index.php?rest_route=\/wp\/v2\/posts\/40514","targetHints":{"allow":["GET"]}}],"collection":[{"href":"https:\/\/radiorevelacionfm.cl\/index.php?rest_route=\/wp\/v2\/posts"}],"about":[{"href":"https:\/\/radiorevelacionfm.cl\/index.php?rest_route=\/wp\/v2\/types\/post"}],"author":[{"embeddable":true,"href":"https:\/\/radiorevelacionfm.cl\/index.php?rest_route=\/wp\/v2\/users\/1"}],"replies":[{"embeddable":true,"href":"https:\/\/radiorevelacionfm.cl\/index.php?rest_route=%2Fwp%2Fv2%2Fcomments&post=40514"}],"version-history":[{"count":2,"href":"https:\/\/radiorevelacionfm.cl\/index.php?rest_route=\/wp\/v2\/posts\/40514\/revisions"}],"predecessor-version":[{"id":40523,"href":"https:\/\/radiorevelacionfm.cl\/index.php?rest_route=\/wp\/v2\/posts\/40514\/revisions\/40523"}],"wp:featuredmedia":[{"embeddable":true,"href":"https:\/\/radiorevelacionfm.cl\/index.php?rest_route=\/wp\/v2\/media\/40516"}],"wp:attachment":[{"href":"https:\/\/radiorevelacionfm.cl\/index.php?rest_route=%2Fwp%2Fv2%2Fmedia&parent=40514"}],"wp:term":[{"taxonomy":"category","embeddable":true,"href":"https:\/\/radiorevelacionfm.cl\/index.php?rest_route=%2Fwp%2Fv2%2Fcategories&post=40514"},{"taxonomy":"post_tag","embeddable":true,"href":"https:\/\/radiorevelacionfm.cl\/index.php?rest_route=%2Fwp%2Fv2%2Ftags&post=40514"}],"curies":[{"name":"wp","href":"https:\/\/api.w.org\/{rel}","templated":true}]}}