{"id":40511,"date":"2024-03-19T19:32:25","date_gmt":"2024-03-19T22:32:25","guid":{"rendered":"https:\/\/radiorevelacionfm.cl\/?p=40511"},"modified":"2024-03-19T19:32:25","modified_gmt":"2024-03-19T22:32:25","slug":"carabineros-detuvo-a-sujeto-por-femicidio-frustrado-en-coyhaique","status":"publish","type":"post","link":"https:\/\/radiorevelacionfm.cl\/?p=40511","title":{"rendered":"Carabineros detuvo a sujeto por femicidio frustrado en Coyhaique"},"content":{"rendered":"<div class=\"flex_column av_one_full  flex_column_div av-zero-column-padding first  avia-builder-el-0  el_before_av_one_full  avia-builder-el-first  \" style='border-radius:0px; '><div  class='avia-image-container  av-styling-    avia-builder-el-1  avia-builder-el-no-sibling  avia-align-center '  itemprop=\"image\" itemscope=\"itemscope\" itemtype=\"https:\/\/schema.org\/ImageObject\"  ><div class='avia-image-container-inner'><div class='avia-image-overlay-wrap'><img decoding=\"async\" class='wp-image-40512 avia-img-lazy-loading-not-40512 avia_image' src=\"https:\/\/radiorevelacionfm.cl\/wp-content\/uploads\/2024\/03\/f563285d-2fbd-4139-aee6-b185d457ca3f-1-1.jpg\" alt='' title='f563285d-2fbd-4139-aee6-b185d457ca3f (1) (1)' height=\"820\" width=\"805\"  itemprop=\"thumbnailUrl\" srcset=\"https:\/\/radiorevelacionfm.cl\/wp-content\/uploads\/2024\/03\/f563285d-2fbd-4139-aee6-b185d457ca3f-1-1.jpg 805w, https:\/\/radiorevelacionfm.cl\/wp-content\/uploads\/2024\/03\/f563285d-2fbd-4139-aee6-b185d457ca3f-1-1-295x300.jpg 295w, https:\/\/radiorevelacionfm.cl\/wp-content\/uploads\/2024\/03\/f563285d-2fbd-4139-aee6-b185d457ca3f-1-1-80x80.jpg 80w, https:\/\/radiorevelacionfm.cl\/wp-content\/uploads\/2024\/03\/f563285d-2fbd-4139-aee6-b185d457ca3f-1-1-768x782.jpg 768w, https:\/\/radiorevelacionfm.cl\/wp-content\/uploads\/2024\/03\/f563285d-2fbd-4139-aee6-b185d457ca3f-1-1-36x36.jpg 36w, https:\/\/radiorevelacionfm.cl\/wp-content\/uploads\/2024\/03\/f563285d-2fbd-4139-aee6-b185d457ca3f-1-1-692x705.jpg 692w, https:\/\/radiorevelacionfm.cl\/wp-content\/uploads\/2024\/03\/f563285d-2fbd-4139-aee6-b185d457ca3f-1-1-450x458.jpg 450w, https:\/\/radiorevelacionfm.cl\/wp-content\/uploads\/2024\/03\/f563285d-2fbd-4139-aee6-b185d457ca3f-1-1-600x611.jpg 600w\" sizes=\"(max-width: 805px) 100vw, 805px\" \/><\/div><\/div><\/div><\/div><div class=\"flex_column av_one_full  flex_column_div av-zero-column-padding first  avia-builder-el-2  el_after_av_one_full  el_before_av_one_full  column-top-margin\" style='border-radius:0px; '><section class=\"av_textblock_section \"  itemscope=\"itemscope\" itemtype=\"https:\/\/schema.org\/BlogPosting\" itemprop=\"blogPost\" ><div class='avia_textblock  '   itemprop=\"text\" ><p style=\"text-align: center;\"><span style=\"font-size: 18pt;\"><b>Carabineros detuvo a sujeto por femicidio frustrado en Coyhaique<\/b><\/span><\/p>\n<div id=\"gtx-trans\" style=\"position: absolute; left: -50px; top: 4.31534px;\">\n<div class=\"gtx-trans-icon\"><\/div>\n<\/div>\n<\/div><\/section><\/div><div class=\"flex_column av_one_full  flex_column_div av-zero-column-padding first  avia-builder-el-4  el_after_av_one_full  el_before_av_hr  column-top-margin\" style='border-radius:0px; '><section class=\"av_textblock_section \"  itemscope=\"itemscope\" itemtype=\"https:\/\/schema.org\/BlogPosting\" itemprop=\"blogPost\" ><div class='avia_textblock  '   itemprop=\"text\" ><ul>\n<li style=\"text-align: justify;\"><em>El sujeto registra siete detenciones previas, de las cuales dos son por violencia intrafamiliar, en tanto que los antecedentes del procedimiento fueron remitidos a la Fiscal\u00eda.<\/em><\/li>\n<li style=\"text-align: justify;\"><em>Desde enero al 10 de marzo, 69 personas han sido detenidas por violencia intrafamiliar en la regi\u00f3n, de los cuales un 51% registra detenciones previas por parte de Carabineros.<\/em><\/li>\n<\/ul>\n<p style=\"text-align: justify;\">Oportuna respuesta por parte de Carabineros de Coyhaique, permiti\u00f3 detener a sujeto por el delito de femicidio frustrado, logrando con ello prestar auxilio a la v\u00edctima y salvar la vida de la mujer.<\/p>\n<p style=\"text-align: justify;\">En horas de esta madrugada, un llamado al nivel de emergencias 133 motiv\u00f3 una inmediata respuesta por parte de Carabineros de dotaci\u00f3n de la 1ra Comisar\u00eda, quienes llegaron hasta un domicilio de esta ciudad, lugar de un presunto caso de violencia intrafamiliar.<\/p>\n<p style=\"text-align: justify;\">\u00abAnte esta situaci\u00f3n los medios en la poblaci\u00f3n se desplazaron inmediatamente al lugar y llegaron a un domicilio particular donde se encontraba un hombre y una mujer. La mujer ten\u00eda lesiones visibles y sindicaba a este hombre como quien la habr\u00eda agredido momentos antes\u00bb, expres\u00f3 el Comisario de Coyhaique, Mayor Gerardo Gonz\u00e1lez L\u00f3pez, quien a\u00f1adi\u00f3 que en el lugar fue encontrado un machete.<\/p>\n<p style=\"text-align: justify;\">Frente a la ocurrencia del delito en flagrancia, \u00abcarabineros ingres\u00f3 al domicilio, reduciendo al imputado, siendo detenido y trasladado a la Unidad policial\u00bb, indic\u00f3.<\/p>\n<p style=\"text-align: justify;\">Asimismo la v\u00edctima fue trasladada por el Samu hasta el servicio de urgencia del hospital regional, con la finalidad de constatar las lesiones y establecer el car\u00e1cter de las mismas.<\/p>\n<p style=\"text-align: justify;\">El sujeto registra siete detenciones previas, de las cuales dos son en el contexto de violencia intrafamiliar.<\/p>\n<p style=\"text-align: justify;\">Sobre esta materia el Oficial indic\u00f3 que se trata de un delito intramuro, cuyo tratamiento requiere de intervenci\u00f3n social. \u00abEs importante que quienes son testigos silenciosos de esto, vecinos o terceros, puedan dar cuenta de estos hechos para as\u00ed contar con informaci\u00f3n fundamental para una respuesta oportuna y evitar un hecho fatal\u00bb, a\u00f1adi\u00f3.<\/p>\n<p style=\"text-align: justify;\">Cabe consignar que desde enero al 10 de marzo del presente a\u00f1o, Carabineros ha detenido en la regi\u00f3n de Ays\u00e9n a 1.005 personas por diversos delitos, de los cuales 69 son por violencia intrafamiliar. De estos, el 51% registra detenciones previas por parte de Carabineros, en tanto que a la fecha se registra un 19% m\u00e1s de detenidos por violencia intrafamiliar en comparaci\u00f3n al a\u00f1o anterior en igual periodo.<\/p>\n<\/div><\/section><\/div><div  style='height:50px' class='hr hr-invisible   avia-builder-el-6  el_after_av_one_full  el_before_av_social_share '><span class='hr-inner ' ><span class='hr-inner-style'><\/span><\/span><\/div><\/p>\n<div  class='av-social-sharing-box  avia-builder-el-7  el_after_av_hr  el_before_av_hr  '><div class='av-share-box'><h5 class='av-share-link-description av-no-toc '>Compartir esta noticia<\/h5><ul class='av-share-box-list noLightbox'><li class='av-share-link av-social-link-facebook' ><a target=\"_blank\" aria-label=\"Compartir en Facebook\" href='https:\/\/www.facebook.com\/sharer.php?u=https:\/\/radiorevelacionfm.cl\/?p=40511&#038;t=Carabineros%20detuvo%20a%20sujeto%20por%20femicidio%20frustrado%20en%20Coyhaique' aria-hidden='false' data-av_icon='\ue8f3' data-av_iconfont='entypo-fontello' title='' data-avia-related-tooltip='Compartir en Facebook' rel=\"noopener\"><span class='avia_hidden_link_text'>Compartir en Facebook<\/span><\/a><\/li><li class='av-share-link av-social-link-twitter' ><a target=\"_blank\" aria-label=\"Compartir en Twitter\" href='https:\/\/twitter.com\/share?text=Carabineros%20detuvo%20a%20sujeto%20por%20femicidio%20frustrado%20en%20Coyhaique&#038;url=https:\/\/radiorevelacionfm.cl\/?p=40511' aria-hidden='false' data-av_icon='\ue8f1' data-av_iconfont='entypo-fontello' title='' data-avia-related-tooltip='Compartir en Twitter' rel=\"noopener\"><span class='avia_hidden_link_text'>Compartir en Twitter<\/span><\/a><\/li><li class='av-share-link av-social-link-whatsapp' ><a target=\"_blank\" aria-label=\"Compartir en Whatsapp\" href='https:\/\/api.whatsapp.com\/send?text=https:\/\/radiorevelacionfm.cl\/?p=40511' aria-hidden='false' data-av_icon='\uf232' data-av_iconfont='entypo-fontello' title='' data-avia-related-tooltip='Compartir en Whatsapp' rel=\"noopener\"><span class='avia_hidden_link_text'>Compartir en Whatsapp<\/span><\/a><\/li><li class='av-share-link av-social-link-linkedin' ><a target=\"_blank\" aria-label=\"Compartir en LinkedIn\" href='https:\/\/linkedin.com\/shareArticle?mini=true&#038;title=Carabineros%20detuvo%20a%20sujeto%20por%20femicidio%20frustrado%20en%20Coyhaique&#038;url=https:\/\/radiorevelacionfm.cl\/?p=40511' aria-hidden='false' data-av_icon='\ue8fc' data-av_iconfont='entypo-fontello' title='' data-avia-related-tooltip='Compartir en LinkedIn' rel=\"noopener\"><span class='avia_hidden_link_text'>Compartir en LinkedIn<\/span><\/a><\/li><li class='av-share-link av-social-link-mail' ><a  aria-label=\"Compartir por correo\" href='mailto:?subject=Carabineros%20detuvo%20a%20sujeto%20por%20femicidio%20frustrado%20en%20Coyhaique&#038;body=https:\/\/radiorevelacionfm.cl\/?p=40511' aria-hidden='false' data-av_icon='\ue805' data-av_iconfont='entypo-fontello' title='' data-avia-related-tooltip='Compartir por correo'><span class='avia_hidden_link_text'>Compartir por correo<\/span><\/a><\/li><\/ul><\/div><\/div>\n<div  style='height:50px' class='hr hr-invisible   avia-builder-el-8  el_after_av_social_share  el_before_av_comments_list '><span class='hr-inner ' ><span class='hr-inner-style'><\/span><\/span><\/div>\n<div  class='av-buildercomment  av-blog-meta-html-info-disabled av-blog-meta-tag-disabled  '><\/div>\n","protected":false},"excerpt":{"rendered":"","protected":false},"author":1,"featured_media":40512,"comment_status":"open","ping_status":"open","sticky":false,"template":"","format":"standard","meta":{"footnotes":""},"categories":[36],"tags":[],"class_list":["post-40511","post","type-post","status-publish","format-standard","has-post-thumbnail","hentry","category-policial"],"jetpack_featured_media_url":"https:\/\/radiorevelacionfm.cl\/wp-content\/uploads\/2024\/03\/f563285d-2fbd-4139-aee6-b185d457ca3f-1-1.jpg","_links":{"self":[{"href":"https:\/\/radiorevelacionfm.cl\/index.php?rest_route=\/wp\/v2\/posts\/40511","targetHints":{"allow":["GET"]}}],"collection":[{"href":"https:\/\/radiorevelacionfm.cl\/index.php?rest_route=\/wp\/v2\/posts"}],"about":[{"href":"https:\/\/radiorevelacionfm.cl\/index.php?rest_route=\/wp\/v2\/types\/post"}],"author":[{"embeddable":true,"href":"https:\/\/radiorevelacionfm.cl\/index.php?rest_route=\/wp\/v2\/users\/1"}],"replies":[{"embeddable":true,"href":"https:\/\/radiorevelacionfm.cl\/index.php?rest_route=%2Fwp%2Fv2%2Fcomments&post=40511"}],"version-history":[{"count":1,"href":"https:\/\/radiorevelacionfm.cl\/index.php?rest_route=\/wp\/v2\/posts\/40511\/revisions"}],"predecessor-version":[{"id":40513,"href":"https:\/\/radiorevelacionfm.cl\/index.php?rest_route=\/wp\/v2\/posts\/40511\/revisions\/40513"}],"wp:featuredmedia":[{"embeddable":true,"href":"https:\/\/radiorevelacionfm.cl\/index.php?rest_route=\/wp\/v2\/media\/40512"}],"wp:attachment":[{"href":"https:\/\/radiorevelacionfm.cl\/index.php?rest_route=%2Fwp%2Fv2%2Fmedia&parent=40511"}],"wp:term":[{"taxonomy":"category","embeddable":true,"href":"https:\/\/radiorevelacionfm.cl\/index.php?rest_route=%2Fwp%2Fv2%2Fcategories&post=40511"},{"taxonomy":"post_tag","embeddable":true,"href":"https:\/\/radiorevelacionfm.cl\/index.php?rest_route=%2Fwp%2Fv2%2Ftags&post=40511"}],"curies":[{"name":"wp","href":"https:\/\/api.w.org\/{rel}","templated":true}]}}