{"id":40498,"date":"2024-03-19T17:43:41","date_gmt":"2024-03-19T20:43:41","guid":{"rendered":"https:\/\/radiorevelacionfm.cl\/?p=40498"},"modified":"2024-03-19T18:06:47","modified_gmt":"2024-03-19T21:06:47","slug":"carabineros-del-os7-aysen-y-armada-de-chile-realizan-servicios-preventivos-especializados-en-cochrane-y-tortel","status":"publish","type":"post","link":"https:\/\/radiorevelacionfm.cl\/?p=40498","title":{"rendered":"Con un detenido culminan servicios preventivos de Carabineros del OS7 Ays\u00e9n y Armada realizado en Cochrane y Tortel"},"content":{"rendered":"<div class=\"flex_column av_one_full  flex_column_div av-zero-column-padding first  avia-builder-el-0  el_before_av_one_full  avia-builder-el-first  \" style='border-radius:0px; '><div  class='avia-image-container  av-styling-    avia-builder-el-1  avia-builder-el-no-sibling  avia-align-center '  itemprop=\"image\" itemscope=\"itemscope\" itemtype=\"https:\/\/schema.org\/ImageObject\"  ><div class='avia-image-container-inner'><div class='avia-image-overlay-wrap'><img decoding=\"async\" class='wp-image-40499 avia-img-lazy-loading-not-40499 avia_image' src=\"https:\/\/radiorevelacionfm.cl\/wp-content\/uploads\/2024\/03\/5473a1b7-dfe6-4546-a3e0-f0ca3000f53f-1-1.jpg\" alt='' title='5473a1b7-dfe6-4546-a3e0-f0ca3000f53f (1) (1)' height=\"600\" width=\"800\"  itemprop=\"thumbnailUrl\" srcset=\"https:\/\/radiorevelacionfm.cl\/wp-content\/uploads\/2024\/03\/5473a1b7-dfe6-4546-a3e0-f0ca3000f53f-1-1.jpg 800w, https:\/\/radiorevelacionfm.cl\/wp-content\/uploads\/2024\/03\/5473a1b7-dfe6-4546-a3e0-f0ca3000f53f-1-1-300x225.jpg 300w, https:\/\/radiorevelacionfm.cl\/wp-content\/uploads\/2024\/03\/5473a1b7-dfe6-4546-a3e0-f0ca3000f53f-1-1-768x576.jpg 768w, https:\/\/radiorevelacionfm.cl\/wp-content\/uploads\/2024\/03\/5473a1b7-dfe6-4546-a3e0-f0ca3000f53f-1-1-705x529.jpg 705w, https:\/\/radiorevelacionfm.cl\/wp-content\/uploads\/2024\/03\/5473a1b7-dfe6-4546-a3e0-f0ca3000f53f-1-1-450x338.jpg 450w, https:\/\/radiorevelacionfm.cl\/wp-content\/uploads\/2024\/03\/5473a1b7-dfe6-4546-a3e0-f0ca3000f53f-1-1-600x450.jpg 600w\" sizes=\"(max-width: 800px) 100vw, 800px\" \/><\/div><\/div><\/div><\/div>\n<div class=\"flex_column av_one_full  flex_column_div av-zero-column-padding first  avia-builder-el-2  el_after_av_one_full  el_before_av_one_full  column-top-margin\" style='border-radius:0px; '><section class=\"av_textblock_section \"  itemscope=\"itemscope\" itemtype=\"https:\/\/schema.org\/BlogPosting\" itemprop=\"blogPost\" ><div class='avia_textblock  '   itemprop=\"text\" ><p style=\"text-align: center;\"><strong><span style=\"font-size: 18pt;\">Con un detenido culminan servicios preventivos de Carabineros del OS7 Ays\u00e9n y Armada realizado en Cochrane y Tortel<\/span><\/strong><\/p>\n<div id=\"gtx-trans\" style=\"position: absolute; left: -50px; top: 4.31534px;\">\n<div class=\"gtx-trans-icon\"><\/div>\n<\/div>\n<\/div><\/section><\/div><div class=\"flex_column av_one_full  flex_column_div av-zero-column-padding first  avia-builder-el-4  el_after_av_one_full  el_before_av_hr  column-top-margin\" style='border-radius:0px; '><section class=\"av_textblock_section \"  itemscope=\"itemscope\" itemtype=\"https:\/\/schema.org\/BlogPosting\" itemprop=\"blogPost\" ><div class='avia_textblock  '   itemprop=\"text\" ><p style=\"text-align: justify;\"><em>Las acciones que culminaron con un detenido, fueron apoyadas con el can detector de drogas Gazu se enmarcan en el contexto del 70 aniversario de la comuna de Cochrane, siendo concentradas en el terminal de buses de esta comuna as\u00ed como en la barcaza de Tortel.<\/em><\/p>\n<p style=\"text-align: justify;\">Carabineros record\u00f3 a la comunidad entregar informaci\u00f3n de manera gratuita y an\u00f3nima a trav\u00e9s del fono drogas 135.<\/p>\n<p style=\"text-align: justify;\">M\u00faltiples servicios preventivos especializados desarroll\u00f3 Carabineros a trav\u00e9s de la Secci\u00f3n OS7 Ays\u00e9n en el contexto del programa de actividades con ocasi\u00f3n del 70 aniversario de la Comuna de Cochrane.<\/p>\n<p style=\"text-align: justify;\">Frente a lo anterior, el personal apoyados por el perrito detector de drogas Gazu, se trasladaron hasta esta comuna con la finalidad de reforzar el plan de\u00a0servicios siendo desplegados en diversos puntos focalizados con la finalidad de verificar posibles traslados de sustancias prohibidas, brindando con ello m\u00e1s seguridad y protecci\u00f3n tanto a la comunidad como a turistas que participaron de estas actividades programadas.<\/p>\n<p style=\"text-align: justify;\">Las acciones por parte de esta especialidad se centraron \u00aben el terminal de buses de Cochrane y de igual manera nos trasladamos hasta la comuna de Tortel para desarrollar la fiscalizaci\u00f3n de la barcaza que llega una vez a la semana. En horario nocturno se logr\u00f3 desarrollar la incautaci\u00f3n e identificaci\u00f3n de un infractor que trasladaba sustancias ilegales. Todo estos se hace de manera permanente y en conjunto con la Armada de Chile y particip\u00f3 en esta fiscalizaci\u00f3n de igual manera la Delegada Presidencial Provincial de Capit\u00e1n Prat (Marta Montiel Alarc\u00f3n) quien presenci\u00f3 el trabajo permanente de nuestros carabineros en el lugar\u00bb, detall\u00f3 el Jefe de la Secci\u00f3n OS7 Ays\u00e9n, Capit\u00e1n Pablo Ardiles Herrera.<\/p>\n<p style=\"text-align: justify;\">El Oficial reiter\u00f3 el llamado a la comunidad a acercarse a sus Carabineros o bien entregar informaci\u00f3n de manera gratuita y an\u00f3nima a trav\u00e9s del fono drogas 135, el cual fue creado para recepcionar antecedentes sobre materias relacionadas con la Ley 20.000, permitiendo as\u00ed iniciar procesos investigativos e informar de estos hechos a la Fiscal\u00eda y a los Tribunales de Justicia.<\/p>\n<\/div><\/section><\/div><\/p>\n<div  style='height:50px' class='hr hr-invisible   avia-builder-el-6  el_after_av_one_full  el_before_av_social_share '><span class='hr-inner ' ><span class='hr-inner-style'><\/span><\/span><\/div>\n<div  class='av-social-sharing-box  avia-builder-el-7  el_after_av_hr  el_before_av_hr  '><div class='av-share-box'><h5 class='av-share-link-description av-no-toc '>Compartir esta noticia<\/h5><ul class='av-share-box-list noLightbox'><li class='av-share-link av-social-link-facebook' ><a target=\"_blank\" aria-label=\"Compartir en Facebook\" href='https:\/\/www.facebook.com\/sharer.php?u=https:\/\/radiorevelacionfm.cl\/?p=40498&#038;t=Con%20un%20detenido%20culminan%20servicios%20preventivos%20de%20Carabineros%20del%20OS7%20Ays%C3%A9n%20y%20Armada%20realizado%20en%20Cochrane%20y%20Tortel' aria-hidden='false' data-av_icon='\ue8f3' data-av_iconfont='entypo-fontello' title='' data-avia-related-tooltip='Compartir en Facebook' rel=\"noopener\"><span class='avia_hidden_link_text'>Compartir en Facebook<\/span><\/a><\/li><li class='av-share-link av-social-link-twitter' ><a target=\"_blank\" aria-label=\"Compartir en Twitter\" href='https:\/\/twitter.com\/share?text=Con%20un%20detenido%20culminan%20servicios%20preventivos%20de%20Carabineros%20del%20OS7%20Ays%C3%A9n%20y%20Armada%20realizado%20en%20Cochrane%20y%20Tortel&#038;url=https:\/\/radiorevelacionfm.cl\/?p=40498' aria-hidden='false' data-av_icon='\ue8f1' data-av_iconfont='entypo-fontello' title='' data-avia-related-tooltip='Compartir en Twitter' rel=\"noopener\"><span class='avia_hidden_link_text'>Compartir en Twitter<\/span><\/a><\/li><li class='av-share-link av-social-link-whatsapp' ><a target=\"_blank\" aria-label=\"Compartir en Whatsapp\" href='https:\/\/api.whatsapp.com\/send?text=https:\/\/radiorevelacionfm.cl\/?p=40498' aria-hidden='false' data-av_icon='\uf232' data-av_iconfont='entypo-fontello' title='' data-avia-related-tooltip='Compartir en Whatsapp' rel=\"noopener\"><span class='avia_hidden_link_text'>Compartir en Whatsapp<\/span><\/a><\/li><li class='av-share-link av-social-link-linkedin' ><a target=\"_blank\" aria-label=\"Compartir en LinkedIn\" href='https:\/\/linkedin.com\/shareArticle?mini=true&#038;title=Con%20un%20detenido%20culminan%20servicios%20preventivos%20de%20Carabineros%20del%20OS7%20Ays%C3%A9n%20y%20Armada%20realizado%20en%20Cochrane%20y%20Tortel&#038;url=https:\/\/radiorevelacionfm.cl\/?p=40498' aria-hidden='false' data-av_icon='\ue8fc' data-av_iconfont='entypo-fontello' title='' data-avia-related-tooltip='Compartir en LinkedIn' rel=\"noopener\"><span class='avia_hidden_link_text'>Compartir en LinkedIn<\/span><\/a><\/li><li class='av-share-link av-social-link-mail' ><a  aria-label=\"Compartir por correo\" href='mailto:?subject=Con%20un%20detenido%20culminan%20servicios%20preventivos%20de%20Carabineros%20del%20OS7%20Ays%C3%A9n%20y%20Armada%20realizado%20en%20Cochrane%20y%20Tortel&#038;body=https:\/\/radiorevelacionfm.cl\/?p=40498' aria-hidden='false' data-av_icon='\ue805' data-av_iconfont='entypo-fontello' title='' data-avia-related-tooltip='Compartir por correo'><span class='avia_hidden_link_text'>Compartir por correo<\/span><\/a><\/li><\/ul><\/div><\/div>\n<div  style='height:50px' class='hr hr-invisible   avia-builder-el-8  el_after_av_social_share  el_before_av_comments_list '><span class='hr-inner ' ><span class='hr-inner-style'><\/span><\/span><\/div>\n<div  class='av-buildercomment  av-blog-meta-html-info-disabled av-blog-meta-tag-disabled  '><\/div>\n","protected":false},"excerpt":{"rendered":"","protected":false},"author":1,"featured_media":40499,"comment_status":"open","ping_status":"open","sticky":false,"template":"","format":"standard","meta":{"footnotes":""},"categories":[36],"tags":[],"class_list":["post-40498","post","type-post","status-publish","format-standard","has-post-thumbnail","hentry","category-policial"],"jetpack_featured_media_url":"https:\/\/radiorevelacionfm.cl\/wp-content\/uploads\/2024\/03\/5473a1b7-dfe6-4546-a3e0-f0ca3000f53f-1-1.jpg","_links":{"self":[{"href":"https:\/\/radiorevelacionfm.cl\/index.php?rest_route=\/wp\/v2\/posts\/40498","targetHints":{"allow":["GET"]}}],"collection":[{"href":"https:\/\/radiorevelacionfm.cl\/index.php?rest_route=\/wp\/v2\/posts"}],"about":[{"href":"https:\/\/radiorevelacionfm.cl\/index.php?rest_route=\/wp\/v2\/types\/post"}],"author":[{"embeddable":true,"href":"https:\/\/radiorevelacionfm.cl\/index.php?rest_route=\/wp\/v2\/users\/1"}],"replies":[{"embeddable":true,"href":"https:\/\/radiorevelacionfm.cl\/index.php?rest_route=%2Fwp%2Fv2%2Fcomments&post=40498"}],"version-history":[{"count":5,"href":"https:\/\/radiorevelacionfm.cl\/index.php?rest_route=\/wp\/v2\/posts\/40498\/revisions"}],"predecessor-version":[{"id":40504,"href":"https:\/\/radiorevelacionfm.cl\/index.php?rest_route=\/wp\/v2\/posts\/40498\/revisions\/40504"}],"wp:featuredmedia":[{"embeddable":true,"href":"https:\/\/radiorevelacionfm.cl\/index.php?rest_route=\/wp\/v2\/media\/40499"}],"wp:attachment":[{"href":"https:\/\/radiorevelacionfm.cl\/index.php?rest_route=%2Fwp%2Fv2%2Fmedia&parent=40498"}],"wp:term":[{"taxonomy":"category","embeddable":true,"href":"https:\/\/radiorevelacionfm.cl\/index.php?rest_route=%2Fwp%2Fv2%2Fcategories&post=40498"},{"taxonomy":"post_tag","embeddable":true,"href":"https:\/\/radiorevelacionfm.cl\/index.php?rest_route=%2Fwp%2Fv2%2Ftags&post=40498"}],"curies":[{"name":"wp","href":"https:\/\/api.w.org\/{rel}","templated":true}]}}