{"id":40495,"date":"2024-03-20T10:13:43","date_gmt":"2024-03-20T13:13:43","guid":{"rendered":"https:\/\/radiorevelacionfm.cl\/?p=40495"},"modified":"2024-03-20T10:13:43","modified_gmt":"2024-03-20T13:13:43","slug":"en-puerto-aysen-retoman-mesa-tecnica-de-salud-conformada-por-comunidad-y-autoridades","status":"publish","type":"post","link":"https:\/\/radiorevelacionfm.cl\/?p=40495","title":{"rendered":"En Puerto Ays\u00e9n retoman Mesa T\u00e9cnica de Salud conformada por comunidad y autoridades"},"content":{"rendered":"<div class=\"flex_column av_one_full  flex_column_div av-zero-column-padding first  avia-builder-el-0  el_before_av_one_full  avia-builder-el-first  \" style='border-radius:0px; '><div  class='avia-image-container  av-styling-    avia-builder-el-1  avia-builder-el-no-sibling  avia-align-center '  itemprop=\"image\" itemscope=\"itemscope\" itemtype=\"https:\/\/schema.org\/ImageObject\"  ><div class='avia-image-container-inner'><div class='avia-image-overlay-wrap'><img decoding=\"async\" class='wp-image-40496 avia-img-lazy-loading-not-40496 avia_image' src=\"https:\/\/radiorevelacionfm.cl\/wp-content\/uploads\/2024\/03\/maesa-tEcnica-salud-2-2_optimized.jpeg\" alt='' title='maesa-t\u00c9cnica-salud-(2)-(2)_optimized' height=\"600\" width=\"974\"  itemprop=\"thumbnailUrl\" srcset=\"https:\/\/radiorevelacionfm.cl\/wp-content\/uploads\/2024\/03\/maesa-tEcnica-salud-2-2_optimized.jpeg 974w, https:\/\/radiorevelacionfm.cl\/wp-content\/uploads\/2024\/03\/maesa-tEcnica-salud-2-2_optimized-300x185.jpeg 300w, https:\/\/radiorevelacionfm.cl\/wp-content\/uploads\/2024\/03\/maesa-tEcnica-salud-2-2_optimized-768x473.jpeg 768w, https:\/\/radiorevelacionfm.cl\/wp-content\/uploads\/2024\/03\/maesa-tEcnica-salud-2-2_optimized-705x434.jpeg 705w, https:\/\/radiorevelacionfm.cl\/wp-content\/uploads\/2024\/03\/maesa-tEcnica-salud-2-2_optimized-450x277.jpeg 450w, https:\/\/radiorevelacionfm.cl\/wp-content\/uploads\/2024\/03\/maesa-tEcnica-salud-2-2_optimized-600x370.jpeg 600w\" sizes=\"(max-width: 974px) 100vw, 974px\" \/><\/div><\/div><\/div><\/div><div class=\"flex_column av_one_full  flex_column_div av-zero-column-padding first  avia-builder-el-2  el_after_av_one_full  el_before_av_one_full  column-top-margin\" style='border-radius:0px; '><section class=\"av_textblock_section \"  itemscope=\"itemscope\" itemtype=\"https:\/\/schema.org\/BlogPosting\" itemprop=\"blogPost\" ><div class='avia_textblock  '   itemprop=\"text\" ><p style=\"text-align: center;\"><span style=\"font-size: 18pt;\"><b>En Puerto Ays\u00e9n retoman Mesa T\u00e9cnica de Salud conformada por comunidad y autoridades<\/b><\/span><\/p>\n<div id=\"gtx-trans\" style=\"position: absolute; left: -50px; top: 4.31534px;\">\n<div class=\"gtx-trans-icon\"><\/div>\n<\/div>\n<\/div><\/section><\/div><div class=\"flex_column av_one_full  flex_column_div av-zero-column-padding first  avia-builder-el-4  el_after_av_one_full  el_before_av_hr  column-top-margin\" style='border-radius:0px; '><section class=\"av_textblock_section \"  itemscope=\"itemscope\" itemtype=\"https:\/\/schema.org\/BlogPosting\" itemprop=\"blogPost\" ><div class='avia_textblock  '   itemprop=\"text\" ><p style=\"font-weight: 400; text-align: justify;\">En un ambiente de discusi\u00f3n, an\u00e1lisis y propuestas de uno y otro lado, transcurri\u00f3 la extensa reuni\u00f3n de la Mesa T\u00e9cnica de Salud del Hospital de Puerto Ays\u00e9n, encabezada por el director del Servicio de Salud Ays\u00e9n (SSA), Juan Pablo Bravo, referentes de distintos programas, directivos del hospital porte\u00f1o, CESFAM local y autoridades provinciales y comunales.<\/p>\n<p style=\"font-weight: 400; text-align: justify;\">En la ocasi\u00f3n el SSA mostr\u00f3 los proyectos que se encuentran en ejecuci\u00f3n o en carpeta, tales como la habilitaci\u00f3n de la sala de tomograf\u00eda computarizada y el centro de salud mental comunitario. \u201cEsta es la primera reuni\u00f3n de la mesa t\u00e9cnica, donde nos hemos reunido, para ver el tema del poli de obesidad. Conf\u00edo mucho en el nuevo director que nos lleg\u00f3 y me voy muy contenta y satisfecha porque se han hecho bastantes puntos que ven\u00edan muy retrasados, sobre todo el tema de las operaciones y ya nos han entregado la tabla, conde trabajaremos sobre ese tema\u201d, se\u00f1al\u00f3 Jaqueline Melinao, presidenta de la Agrupaci\u00f3n Esperanza de Vida.<\/p>\n<p style=\"font-weight: 400; text-align: justify;\">Tambi\u00e9n estuvieron presentes los gremios de la Salud, quienes, junto con compartir el diagn\u00f3stico, se mostraron disponibles para avanzar en las iniciativas que demanda la ciudadan\u00eda. \u201cEs dar inicio a un trabajo t\u00e9cnico en temas de salud. Nosotros hicimos entrega de un documento que tiene 34 iniciativas y temas que hemos conversado con dirigentes de salud en una mesa t\u00e9cnica paralela logramos valorizar estas propuestas y est\u00e1n disponibles para la comunidad y la idea es elevar esta solicitud a los parlamentarios y al Ministerio de Salud\u201d, se\u00f1al\u00f3 por su parte Cristofer Chand\u00eda, presidente de la Asociaci\u00f3n Gremial de Profesionales de la Salud.<\/p>\n<p style=\"font-weight: 400; text-align: justify;\">Desde la municipalidad, el alcalde Julio Uribe, agreg\u00f3 que \u201clas diferentes organizaciones se han sincerado con el director el que ha escuchado atentamente, junto al director del hospital y representante del CESFAM han escuchado a nuestros vecinos y han puesto plazos, se har\u00e1 una pr\u00f3xima reuni\u00f3n y se ver\u00e1n los avances en los que se ha estado trabajando. Me voy conforme porque pudimos abordar las diferentes materias donde tenemos problemas y se han buscado soluciones\u201d.<\/p>\n<p style=\"font-weight: 400; text-align: justify;\">Hace unas semanas asumi\u00f3 el nuevo director (S) del Hospital de Puerto Ays\u00e9n, Gabriel Rab\u00ed, quien espera implementar una pol\u00edtica de puertas abiertas en el centro asistencial y canalizar las demandas ciudadanas. \u201cEsta mesa es se\u00f1al del cambio de tim\u00f3n en el manejo de la salud en la comuna. La idea es reanudar el trabajo con la comunidad, abrir las puertas. El trabajo con el intersector es muy importante y tenemos que ir sumando m\u00e1s actores relevantes en este tema, para solucionar entre todos las tem\u00e1ticas de salud. Nosotros como sector tenemos brechas que son grandes y que se pueden trabajar y tenemos herramientas para ir subsanando a largo, mediano y corto plazo\u201d, remat\u00f3.<\/p>\n<\/div><\/section><\/div><div  style='height:50px' class='hr hr-invisible   avia-builder-el-6  el_after_av_one_full  el_before_av_social_share '><span class='hr-inner ' ><span class='hr-inner-style'><\/span><\/span><\/div><\/p>\n<div  class='av-social-sharing-box  avia-builder-el-7  el_after_av_hr  el_before_av_hr  '><div class='av-share-box'><h5 class='av-share-link-description av-no-toc '>Compartir esta noticia<\/h5><ul class='av-share-box-list noLightbox'><li class='av-share-link av-social-link-facebook' ><a target=\"_blank\" aria-label=\"Compartir en Facebook\" href='https:\/\/www.facebook.com\/sharer.php?u=https:\/\/radiorevelacionfm.cl\/?p=40495&#038;t=En%20Puerto%20Ays%C3%A9n%20retoman%20Mesa%20T%C3%A9cnica%20de%20Salud%20conformada%20por%20comunidad%20y%20autoridades' aria-hidden='false' data-av_icon='\ue8f3' data-av_iconfont='entypo-fontello' title='' data-avia-related-tooltip='Compartir en Facebook' rel=\"noopener\"><span class='avia_hidden_link_text'>Compartir en Facebook<\/span><\/a><\/li><li class='av-share-link av-social-link-twitter' ><a target=\"_blank\" aria-label=\"Compartir en Twitter\" href='https:\/\/twitter.com\/share?text=En%20Puerto%20Ays%C3%A9n%20retoman%20Mesa%20T%C3%A9cnica%20de%20Salud%20conformada%20por%20comunidad%20y%20autoridades&#038;url=https:\/\/radiorevelacionfm.cl\/?p=40495' aria-hidden='false' data-av_icon='\ue8f1' data-av_iconfont='entypo-fontello' title='' data-avia-related-tooltip='Compartir en Twitter' rel=\"noopener\"><span class='avia_hidden_link_text'>Compartir en Twitter<\/span><\/a><\/li><li class='av-share-link av-social-link-whatsapp' ><a target=\"_blank\" aria-label=\"Compartir en Whatsapp\" href='https:\/\/api.whatsapp.com\/send?text=https:\/\/radiorevelacionfm.cl\/?p=40495' aria-hidden='false' data-av_icon='\uf232' data-av_iconfont='entypo-fontello' title='' data-avia-related-tooltip='Compartir en Whatsapp' rel=\"noopener\"><span class='avia_hidden_link_text'>Compartir en Whatsapp<\/span><\/a><\/li><li class='av-share-link av-social-link-linkedin' ><a target=\"_blank\" aria-label=\"Compartir en LinkedIn\" href='https:\/\/linkedin.com\/shareArticle?mini=true&#038;title=En%20Puerto%20Ays%C3%A9n%20retoman%20Mesa%20T%C3%A9cnica%20de%20Salud%20conformada%20por%20comunidad%20y%20autoridades&#038;url=https:\/\/radiorevelacionfm.cl\/?p=40495' aria-hidden='false' data-av_icon='\ue8fc' data-av_iconfont='entypo-fontello' title='' data-avia-related-tooltip='Compartir en LinkedIn' rel=\"noopener\"><span class='avia_hidden_link_text'>Compartir en LinkedIn<\/span><\/a><\/li><li class='av-share-link av-social-link-mail' ><a  aria-label=\"Compartir por correo\" href='mailto:?subject=En%20Puerto%20Ays%C3%A9n%20retoman%20Mesa%20T%C3%A9cnica%20de%20Salud%20conformada%20por%20comunidad%20y%20autoridades&#038;body=https:\/\/radiorevelacionfm.cl\/?p=40495' aria-hidden='false' data-av_icon='\ue805' data-av_iconfont='entypo-fontello' title='' data-avia-related-tooltip='Compartir por correo'><span class='avia_hidden_link_text'>Compartir por correo<\/span><\/a><\/li><\/ul><\/div><\/div>\n<div  style='height:50px' class='hr hr-invisible   avia-builder-el-8  el_after_av_social_share  el_before_av_comments_list '><span class='hr-inner ' ><span class='hr-inner-style'><\/span><\/span><\/div>\n<div  class='av-buildercomment  av-blog-meta-html-info-disabled av-blog-meta-tag-disabled  '><\/div>\n","protected":false},"excerpt":{"rendered":"","protected":false},"author":1,"featured_media":40496,"comment_status":"open","ping_status":"open","sticky":false,"template":"","format":"standard","meta":{"footnotes":""},"categories":[46],"tags":[],"class_list":["post-40495","post","type-post","status-publish","format-standard","has-post-thumbnail","hentry","category-salud"],"jetpack_featured_media_url":"https:\/\/radiorevelacionfm.cl\/wp-content\/uploads\/2024\/03\/maesa-tEcnica-salud-2-2_optimized.jpeg","_links":{"self":[{"href":"https:\/\/radiorevelacionfm.cl\/index.php?rest_route=\/wp\/v2\/posts\/40495","targetHints":{"allow":["GET"]}}],"collection":[{"href":"https:\/\/radiorevelacionfm.cl\/index.php?rest_route=\/wp\/v2\/posts"}],"about":[{"href":"https:\/\/radiorevelacionfm.cl\/index.php?rest_route=\/wp\/v2\/types\/post"}],"author":[{"embeddable":true,"href":"https:\/\/radiorevelacionfm.cl\/index.php?rest_route=\/wp\/v2\/users\/1"}],"replies":[{"embeddable":true,"href":"https:\/\/radiorevelacionfm.cl\/index.php?rest_route=%2Fwp%2Fv2%2Fcomments&post=40495"}],"version-history":[{"count":1,"href":"https:\/\/radiorevelacionfm.cl\/index.php?rest_route=\/wp\/v2\/posts\/40495\/revisions"}],"predecessor-version":[{"id":40497,"href":"https:\/\/radiorevelacionfm.cl\/index.php?rest_route=\/wp\/v2\/posts\/40495\/revisions\/40497"}],"wp:featuredmedia":[{"embeddable":true,"href":"https:\/\/radiorevelacionfm.cl\/index.php?rest_route=\/wp\/v2\/media\/40496"}],"wp:attachment":[{"href":"https:\/\/radiorevelacionfm.cl\/index.php?rest_route=%2Fwp%2Fv2%2Fmedia&parent=40495"}],"wp:term":[{"taxonomy":"category","embeddable":true,"href":"https:\/\/radiorevelacionfm.cl\/index.php?rest_route=%2Fwp%2Fv2%2Fcategories&post=40495"},{"taxonomy":"post_tag","embeddable":true,"href":"https:\/\/radiorevelacionfm.cl\/index.php?rest_route=%2Fwp%2Fv2%2Ftags&post=40495"}],"curies":[{"name":"wp","href":"https:\/\/api.w.org\/{rel}","templated":true}]}}