{"id":40492,"date":"2024-03-19T16:50:58","date_gmt":"2024-03-19T19:50:58","guid":{"rendered":"https:\/\/radiorevelacionfm.cl\/?p=40492"},"modified":"2024-03-19T16:50:58","modified_gmt":"2024-03-19T19:50:58","slug":"diputados-de-aysen-se-cuadran-con-familia-de-tomas-ross-y-exigen-al-gobierno-que-asegure-su-tratamiento","status":"publish","type":"post","link":"https:\/\/radiorevelacionfm.cl\/?p=40492","title":{"rendered":"Diputados de Ays\u00e9n se cuadran con familia de Tom\u00e1s Ross y exigen al Gobierno que asegure su tratamiento"},"content":{"rendered":"<div class=\"flex_column av_one_full  flex_column_div av-zero-column-padding first  avia-builder-el-0  el_before_av_one_full  avia-builder-el-first  \" style='border-radius:0px; '><div  class='avia-image-container  av-styling-    avia-builder-el-1  avia-builder-el-no-sibling  avia-align-center '  itemprop=\"image\" itemscope=\"itemscope\" itemtype=\"https:\/\/schema.org\/ImageObject\"  ><div class='avia-image-container-inner'><div class='avia-image-overlay-wrap'><img decoding=\"async\" class='wp-image-40493 avia-img-lazy-loading-not-40493 avia_image' src=\"https:\/\/radiorevelacionfm.cl\/wp-content\/uploads\/2024\/03\/foto-tomAs-ross-1_optimized.jpeg\" alt='' title='foto-tom\u00c1s-ross-(1)_optimized' height=\"600\" width=\"900\"  itemprop=\"thumbnailUrl\" srcset=\"https:\/\/radiorevelacionfm.cl\/wp-content\/uploads\/2024\/03\/foto-tomAs-ross-1_optimized.jpeg 900w, https:\/\/radiorevelacionfm.cl\/wp-content\/uploads\/2024\/03\/foto-tomAs-ross-1_optimized-300x200.jpeg 300w, https:\/\/radiorevelacionfm.cl\/wp-content\/uploads\/2024\/03\/foto-tomAs-ross-1_optimized-768x512.jpeg 768w, https:\/\/radiorevelacionfm.cl\/wp-content\/uploads\/2024\/03\/foto-tomAs-ross-1_optimized-705x470.jpeg 705w, https:\/\/radiorevelacionfm.cl\/wp-content\/uploads\/2024\/03\/foto-tomAs-ross-1_optimized-450x300.jpeg 450w, https:\/\/radiorevelacionfm.cl\/wp-content\/uploads\/2024\/03\/foto-tomAs-ross-1_optimized-600x400.jpeg 600w\" sizes=\"(max-width: 900px) 100vw, 900px\" \/><\/div><\/div><\/div><\/div><div class=\"flex_column av_one_full  flex_column_div av-zero-column-padding first  avia-builder-el-2  el_after_av_one_full  el_before_av_one_full  column-top-margin\" style='border-radius:0px; '><section class=\"av_textblock_section \"  itemscope=\"itemscope\" itemtype=\"https:\/\/schema.org\/BlogPosting\" itemprop=\"blogPost\" ><div class='avia_textblock  '   itemprop=\"text\" ><p style=\"text-align: center;\"><span style=\"font-size: 18pt;\"><b>Diputados de Ays\u00e9n se cuadran con familia de Tom\u00e1s Ross y exigen al Gobierno que asegure su tratamiento \u00a0<\/b><\/span><\/p>\n<div id=\"gtx-trans\" style=\"position: absolute; left: -50px; top: 4.31534px;\">\n<div class=\"gtx-trans-icon\"><\/div>\n<\/div>\n<\/div><\/section><\/div><div class=\"flex_column av_one_full  flex_column_div av-zero-column-padding first  avia-builder-el-4  el_after_av_one_full  el_before_av_hr  column-top-margin\" style='border-radius:0px; '><section class=\"av_textblock_section \"  itemscope=\"itemscope\" itemtype=\"https:\/\/schema.org\/BlogPosting\" itemprop=\"blogPost\" ><div class='avia_textblock  '   itemprop=\"text\" ><p style=\"font-weight: 400; text-align: justify;\"><em>El peque\u00f1o Tom\u00e1s, de cinco a\u00f1os, tiene distrofia muscular de Duchenne y necesita el costoso f\u00e1rmaco \u00abElevidys, que tiene un valor de 3500 millones de pesos.<\/em><\/p>\n<p style=\"font-weight: 400; text-align: justify;\">Los diputados de la regi\u00f3n de Ays\u00e9n, Miguel \u00c1ngel Calisto, Marcia Raphael y Ren\u00e9 Alinco, intervinieron en la campa\u00f1a que busca recaudar fondos para la compra del medicamento que permitir\u00e1 ayudar a Tom\u00e1s Ross, ni\u00f1o de 5 a\u00f1os con distrofia muscular de Duchenne, instando al Gobierno a que se comprometan con el financiamiento de su tratamiento.<\/p>\n<p style=\"font-weight: 400; text-align: justify;\">Los diputados recibieron a Tom\u00e1s y su familia en el Congreso, instancia en que junto a otros parlamentarios de Los Lagos y Magallanes, criticaron al Ministerio de Salud por no asegurar el tratamiento que requiere para paliar los efectos de esta enfermedad. El medicamento que necesita Tom\u00e1s, Elevidys, tiene una valor de 3500 millones de pesos, siendo el m\u00e1s caro del Mundo.<\/p>\n<p style=\"font-weight: 400; text-align: justify;\">El diputado Miguel \u00c1ngel Calisto se\u00f1al\u00f3 que \u201c\u00bfcu\u00e1nto m\u00e1s tenemos que hacer para que el Ministerio de Salud y el Estado entiendan que no podemos dejar solos a nuestros ni\u00f1os? Cuando hablamos de Derechos Humanos y de Derechos de los ni\u00f1os, no es posible que tengamos que llegar a estas instancias, de exponer a los ni\u00f1os y sus familias para poder lograr la sensibilidad del Gobierno respecto de la necesidad de un medicamento\u201d.<\/p>\n<p style=\"font-weight: 400; text-align: justify;\">Calisto agreg\u00f3 que \u201choy de manera transversal, los parlamentarios de Los Lagos, Ays\u00e9n y Magallanes estamos unidos apoyando a Tom\u00e1s, para que el Gobierno entregue el aporte necesario y genere los convenios necesarios con farmac\u00e9uticas internacionales para garantizar este medicamente que hoy necesita Tom\u00e1s, pero que seguramente otros ni\u00f1os van a necesitar en el futuro.<\/p>\n<p style=\"font-weight: 400; text-align: justify;\">Por su parte, la diputada Marcia Raphael se\u00f1al\u00f3 que \u201cestamos contra el tiempo para que el gobierno y el Ministerio de Salud puedan financiar el tratamiento que necesita Tomas para poder salvar su vida. Hoy es Tom\u00e1s pero ma\u00f1ana puede ser otra persona que debido a una enfermedad necesitan del Estado para poder salvar su vida\u201d.<\/p>\n<p style=\"font-weight: 400; text-align: justify;\">El diputado Ren\u00e9 Alinco indic\u00f3 que \u201cnosotros enviamos un oficio al Ministerio de Salud por este tema, pero el Gobierno no ha querido comprometerse. Para una familia de clase media es muy dif\u00edcil alcanzar esa cifra, por lo que se hace fundamental que el Estado intervenga y le asegure una atenci\u00f3n digna\u201d.<\/p>\n<p style=\"font-weight: 400; text-align: justify;\">Seg\u00fan Camila G\u00f3mez, mam\u00e1 de Tom\u00e1s, \u201clamentablemente ning\u00fan m\u00e9dico ha querido tomar de forma responsable el caso de Tom\u00e1s, estamos abandonados por el sistema de salud p\u00fablico, que no ha funcionado como corresponde. Hoy en d\u00eda existe un medicamento que puede ayudar a nuestro hijo a mejorar su calidad de vida, pero ning\u00fan m\u00e9dico se ha hecho cargo de hacernos el informe m\u00e9dico ni la receta que necesitamos para seguir adelante con el proceso\u201d.<\/p>\n<p style=\"font-weight: 400; text-align: justify;\">Finalmente, la mam\u00e1 de Tom\u00e1s asegur\u00f3 que \u201choy en d\u00eda solamente hemos tenido ayuda de la gente del sur, de Chilo\u00e9 y de Coyhaique. Despu\u00e9s de cuatro meses de trabajo hemos juntado s\u00f3lo 300 millones, y el medicamento cuesta 3500 millones. C\u00f3mo vamos a lograr esto, una familia de clase media. Nosotros confiamos en el Ministerio cuando nos dijeron que nos iban a apoyar y no fue as\u00ed\u201d, indic\u00f3.<\/p>\n<\/div><\/section><\/div><div  style='height:50px' class='hr hr-invisible   avia-builder-el-6  el_after_av_one_full  el_before_av_social_share '><span class='hr-inner ' ><span class='hr-inner-style'><\/span><\/span><\/div><\/p>\n<div  class='av-social-sharing-box  avia-builder-el-7  el_after_av_hr  el_before_av_hr  '><div class='av-share-box'><h5 class='av-share-link-description av-no-toc '>Compartir esta noticia<\/h5><ul class='av-share-box-list noLightbox'><li class='av-share-link av-social-link-facebook' ><a target=\"_blank\" aria-label=\"Compartir en Facebook\" href='https:\/\/www.facebook.com\/sharer.php?u=https:\/\/radiorevelacionfm.cl\/?p=40492&#038;t=Diputados%20de%20Ays%C3%A9n%20se%20cuadran%20con%20familia%20de%20Tom%C3%A1s%20Ross%20y%20exigen%20al%20Gobierno%20que%20asegure%20su%20tratamiento' aria-hidden='false' data-av_icon='\ue8f3' data-av_iconfont='entypo-fontello' title='' data-avia-related-tooltip='Compartir en Facebook' rel=\"noopener\"><span class='avia_hidden_link_text'>Compartir en Facebook<\/span><\/a><\/li><li class='av-share-link av-social-link-twitter' ><a target=\"_blank\" aria-label=\"Compartir en Twitter\" href='https:\/\/twitter.com\/share?text=Diputados%20de%20Ays%C3%A9n%20se%20cuadran%20con%20familia%20de%20Tom%C3%A1s%20Ross%20y%20exigen%20al%20Gobierno%20que%20asegure%20su%20tratamiento&#038;url=https:\/\/radiorevelacionfm.cl\/?p=40492' aria-hidden='false' data-av_icon='\ue8f1' data-av_iconfont='entypo-fontello' title='' data-avia-related-tooltip='Compartir en Twitter' rel=\"noopener\"><span class='avia_hidden_link_text'>Compartir en Twitter<\/span><\/a><\/li><li class='av-share-link av-social-link-whatsapp' ><a target=\"_blank\" aria-label=\"Compartir en Whatsapp\" href='https:\/\/api.whatsapp.com\/send?text=https:\/\/radiorevelacionfm.cl\/?p=40492' aria-hidden='false' data-av_icon='\uf232' data-av_iconfont='entypo-fontello' title='' data-avia-related-tooltip='Compartir en Whatsapp' rel=\"noopener\"><span class='avia_hidden_link_text'>Compartir en Whatsapp<\/span><\/a><\/li><li class='av-share-link av-social-link-linkedin' ><a target=\"_blank\" aria-label=\"Compartir en LinkedIn\" href='https:\/\/linkedin.com\/shareArticle?mini=true&#038;title=Diputados%20de%20Ays%C3%A9n%20se%20cuadran%20con%20familia%20de%20Tom%C3%A1s%20Ross%20y%20exigen%20al%20Gobierno%20que%20asegure%20su%20tratamiento&#038;url=https:\/\/radiorevelacionfm.cl\/?p=40492' aria-hidden='false' data-av_icon='\ue8fc' data-av_iconfont='entypo-fontello' title='' data-avia-related-tooltip='Compartir en LinkedIn' rel=\"noopener\"><span class='avia_hidden_link_text'>Compartir en LinkedIn<\/span><\/a><\/li><li class='av-share-link av-social-link-mail' ><a  aria-label=\"Compartir por correo\" href='mailto:?subject=Diputados%20de%20Ays%C3%A9n%20se%20cuadran%20con%20familia%20de%20Tom%C3%A1s%20Ross%20y%20exigen%20al%20Gobierno%20que%20asegure%20su%20tratamiento&#038;body=https:\/\/radiorevelacionfm.cl\/?p=40492' aria-hidden='false' data-av_icon='\ue805' data-av_iconfont='entypo-fontello' title='' data-avia-related-tooltip='Compartir por correo'><span class='avia_hidden_link_text'>Compartir por correo<\/span><\/a><\/li><\/ul><\/div><\/div>\n<div  style='height:50px' class='hr hr-invisible   avia-builder-el-8  el_after_av_social_share  el_before_av_comments_list '><span class='hr-inner ' ><span class='hr-inner-style'><\/span><\/span><\/div>\n<div  class='av-buildercomment  av-blog-meta-html-info-disabled av-blog-meta-tag-disabled  '><\/div>\n","protected":false},"excerpt":{"rendered":"","protected":false},"author":1,"featured_media":40493,"comment_status":"open","ping_status":"open","sticky":false,"template":"","format":"standard","meta":{"footnotes":""},"categories":[38],"tags":[],"class_list":["post-40492","post","type-post","status-publish","format-standard","has-post-thumbnail","hentry","category-regional"],"jetpack_featured_media_url":"https:\/\/radiorevelacionfm.cl\/wp-content\/uploads\/2024\/03\/foto-tomAs-ross-1_optimized.jpeg","_links":{"self":[{"href":"https:\/\/radiorevelacionfm.cl\/index.php?rest_route=\/wp\/v2\/posts\/40492","targetHints":{"allow":["GET"]}}],"collection":[{"href":"https:\/\/radiorevelacionfm.cl\/index.php?rest_route=\/wp\/v2\/posts"}],"about":[{"href":"https:\/\/radiorevelacionfm.cl\/index.php?rest_route=\/wp\/v2\/types\/post"}],"author":[{"embeddable":true,"href":"https:\/\/radiorevelacionfm.cl\/index.php?rest_route=\/wp\/v2\/users\/1"}],"replies":[{"embeddable":true,"href":"https:\/\/radiorevelacionfm.cl\/index.php?rest_route=%2Fwp%2Fv2%2Fcomments&post=40492"}],"version-history":[{"count":1,"href":"https:\/\/radiorevelacionfm.cl\/index.php?rest_route=\/wp\/v2\/posts\/40492\/revisions"}],"predecessor-version":[{"id":40494,"href":"https:\/\/radiorevelacionfm.cl\/index.php?rest_route=\/wp\/v2\/posts\/40492\/revisions\/40494"}],"wp:featuredmedia":[{"embeddable":true,"href":"https:\/\/radiorevelacionfm.cl\/index.php?rest_route=\/wp\/v2\/media\/40493"}],"wp:attachment":[{"href":"https:\/\/radiorevelacionfm.cl\/index.php?rest_route=%2Fwp%2Fv2%2Fmedia&parent=40492"}],"wp:term":[{"taxonomy":"category","embeddable":true,"href":"https:\/\/radiorevelacionfm.cl\/index.php?rest_route=%2Fwp%2Fv2%2Fcategories&post=40492"},{"taxonomy":"post_tag","embeddable":true,"href":"https:\/\/radiorevelacionfm.cl\/index.php?rest_route=%2Fwp%2Fv2%2Ftags&post=40492"}],"curies":[{"name":"wp","href":"https:\/\/api.w.org\/{rel}","templated":true}]}}