{"id":40489,"date":"2024-03-20T08:39:32","date_gmt":"2024-03-20T11:39:32","guid":{"rendered":"https:\/\/radiorevelacionfm.cl\/?p=40489"},"modified":"2024-03-20T08:39:32","modified_gmt":"2024-03-20T11:39:32","slug":"amplio-programa-de-actividades-para-dia-del-deporte-2024","status":"publish","type":"post","link":"https:\/\/radiorevelacionfm.cl\/?p=40489","title":{"rendered":"Amplio programa de actividades para D\u00eda del Deporte 2024"},"content":{"rendered":"<div class=\"flex_column av_one_full  flex_column_div av-zero-column-padding first  avia-builder-el-0  el_before_av_one_full  avia-builder-el-first  \" style='border-radius:0px; '><div  class='avia-image-container  av-styling-    avia-builder-el-1  avia-builder-el-no-sibling  avia-align-center '  itemprop=\"image\" itemscope=\"itemscope\" itemtype=\"https:\/\/schema.org\/ImageObject\"  ><div class='avia-image-container-inner'><div class='avia-image-overlay-wrap'><img decoding=\"async\" class='wp-image-40490 avia-img-lazy-loading-not-40490 avia_image' src=\"https:\/\/radiorevelacionfm.cl\/wp-content\/uploads\/2024\/03\/IMG_2347-1-1.jpg\" alt='' title='IMG_2347 (1) (1)' height=\"600\" width=\"904\"  itemprop=\"thumbnailUrl\" srcset=\"https:\/\/radiorevelacionfm.cl\/wp-content\/uploads\/2024\/03\/IMG_2347-1-1.jpg 904w, https:\/\/radiorevelacionfm.cl\/wp-content\/uploads\/2024\/03\/IMG_2347-1-1-300x199.jpg 300w, https:\/\/radiorevelacionfm.cl\/wp-content\/uploads\/2024\/03\/IMG_2347-1-1-768x510.jpg 768w, https:\/\/radiorevelacionfm.cl\/wp-content\/uploads\/2024\/03\/IMG_2347-1-1-705x468.jpg 705w, https:\/\/radiorevelacionfm.cl\/wp-content\/uploads\/2024\/03\/IMG_2347-1-1-450x299.jpg 450w, https:\/\/radiorevelacionfm.cl\/wp-content\/uploads\/2024\/03\/IMG_2347-1-1-600x398.jpg 600w\" sizes=\"(max-width: 904px) 100vw, 904px\" \/><\/div><\/div><\/div><\/div><div class=\"flex_column av_one_full  flex_column_div av-zero-column-padding first  avia-builder-el-2  el_after_av_one_full  el_before_av_one_full  column-top-margin\" style='border-radius:0px; '><section class=\"av_textblock_section \"  itemscope=\"itemscope\" itemtype=\"https:\/\/schema.org\/BlogPosting\" itemprop=\"blogPost\" ><div class='avia_textblock  '   itemprop=\"text\" ><p style=\"text-align: center;\"><span style=\"font-size: 18pt;\"><b>Amplio programa de actividades para D\u00eda del Deporte 2024<\/b><\/span><\/p>\n<div id=\"gtx-trans\" style=\"position: absolute; left: -50px; top: 4.31534px;\">\n<div class=\"gtx-trans-icon\"><\/div>\n<\/div>\n<\/div><\/section><\/div><div class=\"flex_column av_one_full  flex_column_div av-zero-column-padding first  avia-builder-el-4  el_after_av_one_full  el_before_av_hr  column-top-margin\" style='border-radius:0px; '><section class=\"av_textblock_section \"  itemscope=\"itemscope\" itemtype=\"https:\/\/schema.org\/BlogPosting\" itemprop=\"blogPost\" ><div class='avia_textblock  '   itemprop=\"text\" ><p style=\"font-weight: 400; text-align: justify;\">Un conjunto de actividades gratuitas organizadas por el Ministerio del Deporte, a trav\u00e9s de los programas del Instituto Nacional de Deportes (IND), se desarrollar\u00e1n en la Regi\u00f3n de Ays\u00e9n durante el fin de semana del seis y siete de abril, con motivo del D\u00eda del Deporte.<\/p>\n<p style=\"font-weight: 400; text-align: justify;\">As\u00ed lo dieron a conocer el delegado presidencial regional de Ays\u00e9n, Rodrigo Araya, la seremi del Deporte, Eugenia Dur\u00e1n y el director regional del IND, Javier Medina, al\u00a0invitar a que\u00a0todo Chile se ponga en movimiento y disfrute los beneficios de realizar actividad f\u00edsica.<\/p>\n<p style=\"font-weight: 400; text-align: justify;\">\u201cEl deporte une a las personas, a las familias, se practica la camarader\u00eda y se establecen relaciones de confianza. Por eso es tan importante para una sociedad tener actividad f\u00edsica, actividad deportiva, para fomentar esas conductas positivas. Nos parece que es relevante y tenemos que aprovechar el envi\u00f3n de los juegos Panamericanos y Parapanamericanos, donde qued\u00f3 de manifiesto el valor del deporte para las comunidades\u201d, destac\u00f3 Rodrigo Araya.<\/p>\n<p style=\"font-weight: 400; text-align: justify;\">Cada 6 de abril se conmemora el D\u00eda Internacional del Deporte para el Desarrollo y la Paz, conforme a lo acordado por la Organizaci\u00f3n de las Naciones Unidas (ONU), al considerarlo un derecho fundamental y una poderosa herramienta para fortalecer lazos sociales y promover el desarrollo sostenible y la paz, as\u00ed como la solidaridad y el respeto para todas las personas.<\/p>\n<p style=\"font-weight: 400; text-align: justify;\">\u201cEn la regi\u00f3n vamos a tener actividades en las distintas provincias. Con las Delegaciones Presidenciales, tendremos ferias del deporte y del movimiento, con participaci\u00f3n de organizaciones deportivas, en un trabajo mancomunado con los municipios y CONAF, que va a tener gratuidad en tres parques el d\u00eda s\u00e1bado seis de abril m\u00e1s las actividades del domingo siete\u201d, a\u00f1adi\u00f3 la seremi Eugenia Dur\u00e1n.<\/p>\n<p style=\"font-weight: 400; text-align: justify;\">Adem\u00e1s del ingreso gratuito a la Reserva Nacional Coyhaique, y los parques nacionales R\u00edo Simpson y Cerro Castillo durante el s\u00e1bado seis, el domingo 7 se consideran corridas familiares y competencias de karate, f\u00fatbol y mountain bike, entre otras.<\/p>\n<p style=\"font-weight: 400; text-align: justify;\">El director del IND invit\u00f3 a la comunidad a sumarse a las actividades. \u201cEl d\u00eda domingo siete se va a realizar una corrida durante la jornada de la ma\u00f1ana y durante la tarde vamos a abrir el estadio regional con actividades en la pista atl\u00e9tica, en la cancha de f\u00fatbol, y en el Centro de Entrenamiento Regional. Invitamos a toda la comunidad a integrarse a estas actividades, inscribirse y esperamos que todo el mundo participe en la conmemoraci\u00f3n del D\u00eda Nacional del Deporte\u201d, concluy\u00f3.<\/p>\n<p style=\"font-weight: 400; text-align: justify;\">Todas las actividades estar\u00e1n disponibles en el sitio web\u00a0<a href=\"https:\/\/diadeldeporte.cl\/\" data-saferedirecturl=\"https:\/\/www.google.com\/url?q=https:\/\/diadeldeporte.cl\/&amp;source=gmail&amp;ust=1710963655268000&amp;usg=AOvVaw0LC0kE0KIXlEK_klVi7aWd\">https:\/\/diadeldeporte.cl\/<\/a><\/p>\n<\/div><\/section><\/div><div  style='height:50px' class='hr hr-invisible   avia-builder-el-6  el_after_av_one_full  el_before_av_social_share '><span class='hr-inner ' ><span class='hr-inner-style'><\/span><\/span><\/div><\/p>\n<div  class='av-social-sharing-box  avia-builder-el-7  el_after_av_hr  el_before_av_hr  '><div class='av-share-box'><h5 class='av-share-link-description av-no-toc '>Compartir esta noticia<\/h5><ul class='av-share-box-list noLightbox'><li class='av-share-link av-social-link-facebook' ><a target=\"_blank\" aria-label=\"Compartir en Facebook\" href='https:\/\/www.facebook.com\/sharer.php?u=https:\/\/radiorevelacionfm.cl\/?p=40489&#038;t=Amplio%20programa%20de%20actividades%20para%20D%C3%ADa%20del%20Deporte%202024' aria-hidden='false' data-av_icon='\ue8f3' data-av_iconfont='entypo-fontello' title='' data-avia-related-tooltip='Compartir en Facebook' rel=\"noopener\"><span class='avia_hidden_link_text'>Compartir en Facebook<\/span><\/a><\/li><li class='av-share-link av-social-link-twitter' ><a target=\"_blank\" aria-label=\"Compartir en Twitter\" href='https:\/\/twitter.com\/share?text=Amplio%20programa%20de%20actividades%20para%20D%C3%ADa%20del%20Deporte%202024&#038;url=https:\/\/radiorevelacionfm.cl\/?p=40489' aria-hidden='false' data-av_icon='\ue8f1' data-av_iconfont='entypo-fontello' title='' data-avia-related-tooltip='Compartir en Twitter' rel=\"noopener\"><span class='avia_hidden_link_text'>Compartir en Twitter<\/span><\/a><\/li><li class='av-share-link av-social-link-whatsapp' ><a target=\"_blank\" aria-label=\"Compartir en Whatsapp\" href='https:\/\/api.whatsapp.com\/send?text=https:\/\/radiorevelacionfm.cl\/?p=40489' aria-hidden='false' data-av_icon='\uf232' data-av_iconfont='entypo-fontello' title='' data-avia-related-tooltip='Compartir en Whatsapp' rel=\"noopener\"><span class='avia_hidden_link_text'>Compartir en Whatsapp<\/span><\/a><\/li><li class='av-share-link av-social-link-linkedin' ><a target=\"_blank\" aria-label=\"Compartir en LinkedIn\" href='https:\/\/linkedin.com\/shareArticle?mini=true&#038;title=Amplio%20programa%20de%20actividades%20para%20D%C3%ADa%20del%20Deporte%202024&#038;url=https:\/\/radiorevelacionfm.cl\/?p=40489' aria-hidden='false' data-av_icon='\ue8fc' data-av_iconfont='entypo-fontello' title='' data-avia-related-tooltip='Compartir en LinkedIn' rel=\"noopener\"><span class='avia_hidden_link_text'>Compartir en LinkedIn<\/span><\/a><\/li><li class='av-share-link av-social-link-mail' ><a  aria-label=\"Compartir por correo\" href='mailto:?subject=Amplio%20programa%20de%20actividades%20para%20D%C3%ADa%20del%20Deporte%202024&#038;body=https:\/\/radiorevelacionfm.cl\/?p=40489' aria-hidden='false' data-av_icon='\ue805' data-av_iconfont='entypo-fontello' title='' data-avia-related-tooltip='Compartir por correo'><span class='avia_hidden_link_text'>Compartir por correo<\/span><\/a><\/li><\/ul><\/div><\/div>\n<div  style='height:50px' class='hr hr-invisible   avia-builder-el-8  el_after_av_social_share  el_before_av_comments_list '><span class='hr-inner ' ><span class='hr-inner-style'><\/span><\/span><\/div>\n<div  class='av-buildercomment  av-blog-meta-html-info-disabled av-blog-meta-tag-disabled  '><\/div>\n","protected":false},"excerpt":{"rendered":"","protected":false},"author":1,"featured_media":40490,"comment_status":"open","ping_status":"open","sticky":false,"template":"","format":"standard","meta":{"footnotes":""},"categories":[40],"tags":[],"class_list":["post-40489","post","type-post","status-publish","format-standard","has-post-thumbnail","hentry","category-deportes"],"jetpack_featured_media_url":"https:\/\/radiorevelacionfm.cl\/wp-content\/uploads\/2024\/03\/IMG_2347-1-1.jpg","_links":{"self":[{"href":"https:\/\/radiorevelacionfm.cl\/index.php?rest_route=\/wp\/v2\/posts\/40489","targetHints":{"allow":["GET"]}}],"collection":[{"href":"https:\/\/radiorevelacionfm.cl\/index.php?rest_route=\/wp\/v2\/posts"}],"about":[{"href":"https:\/\/radiorevelacionfm.cl\/index.php?rest_route=\/wp\/v2\/types\/post"}],"author":[{"embeddable":true,"href":"https:\/\/radiorevelacionfm.cl\/index.php?rest_route=\/wp\/v2\/users\/1"}],"replies":[{"embeddable":true,"href":"https:\/\/radiorevelacionfm.cl\/index.php?rest_route=%2Fwp%2Fv2%2Fcomments&post=40489"}],"version-history":[{"count":1,"href":"https:\/\/radiorevelacionfm.cl\/index.php?rest_route=\/wp\/v2\/posts\/40489\/revisions"}],"predecessor-version":[{"id":40491,"href":"https:\/\/radiorevelacionfm.cl\/index.php?rest_route=\/wp\/v2\/posts\/40489\/revisions\/40491"}],"wp:featuredmedia":[{"embeddable":true,"href":"https:\/\/radiorevelacionfm.cl\/index.php?rest_route=\/wp\/v2\/media\/40490"}],"wp:attachment":[{"href":"https:\/\/radiorevelacionfm.cl\/index.php?rest_route=%2Fwp%2Fv2%2Fmedia&parent=40489"}],"wp:term":[{"taxonomy":"category","embeddable":true,"href":"https:\/\/radiorevelacionfm.cl\/index.php?rest_route=%2Fwp%2Fv2%2Fcategories&post=40489"},{"taxonomy":"post_tag","embeddable":true,"href":"https:\/\/radiorevelacionfm.cl\/index.php?rest_route=%2Fwp%2Fv2%2Ftags&post=40489"}],"curies":[{"name":"wp","href":"https:\/\/api.w.org\/{rel}","templated":true}]}}