{"id":40486,"date":"2024-03-19T16:59:57","date_gmt":"2024-03-19T19:59:57","guid":{"rendered":"https:\/\/radiorevelacionfm.cl\/?p=40486"},"modified":"2024-03-19T16:59:57","modified_gmt":"2024-03-19T19:59:57","slug":"realizan-lanzamiento-y-capacitacion-a-organizaciones-del-fondo-de-fortalecimiento-de-organizaciones-de-interes-publico-ffoip","status":"publish","type":"post","link":"https:\/\/radiorevelacionfm.cl\/?p=40486","title":{"rendered":"Realizan lanzamiento y capacitaci\u00f3n a organizaciones del Fondo de Fortalecimiento de Organizaciones de Inter\u00e9s P\u00fablico, FFOIP"},"content":{"rendered":"<div class=\"flex_column av_one_full  flex_column_div av-zero-column-padding first  avia-builder-el-0  el_before_av_one_full  avia-builder-el-first  \" style='border-radius:0px; '><div  class='avia-image-container  av-styling-    avia-builder-el-1  avia-builder-el-no-sibling  avia-align-center '  itemprop=\"image\" itemscope=\"itemscope\" itemtype=\"https:\/\/schema.org\/ImageObject\"  ><div class='avia-image-container-inner'><div class='avia-image-overlay-wrap'><img decoding=\"async\" class='wp-image-40487 avia-img-lazy-loading-not-40487 avia_image' src=\"https:\/\/radiorevelacionfm.cl\/wp-content\/uploads\/2024\/03\/FFOIP-Cisnes-1-1.jpeg\" alt='' title='FFOIP Cisnes (1) (1)' height=\"600\" width=\"901\"  itemprop=\"thumbnailUrl\" srcset=\"https:\/\/radiorevelacionfm.cl\/wp-content\/uploads\/2024\/03\/FFOIP-Cisnes-1-1.jpeg 901w, https:\/\/radiorevelacionfm.cl\/wp-content\/uploads\/2024\/03\/FFOIP-Cisnes-1-1-300x200.jpeg 300w, https:\/\/radiorevelacionfm.cl\/wp-content\/uploads\/2024\/03\/FFOIP-Cisnes-1-1-768x511.jpeg 768w, https:\/\/radiorevelacionfm.cl\/wp-content\/uploads\/2024\/03\/FFOIP-Cisnes-1-1-705x469.jpeg 705w, https:\/\/radiorevelacionfm.cl\/wp-content\/uploads\/2024\/03\/FFOIP-Cisnes-1-1-450x300.jpeg 450w, https:\/\/radiorevelacionfm.cl\/wp-content\/uploads\/2024\/03\/FFOIP-Cisnes-1-1-600x400.jpeg 600w\" sizes=\"(max-width: 901px) 100vw, 901px\" \/><\/div><\/div><\/div><\/div><div class=\"flex_column av_one_full  flex_column_div av-zero-column-padding first  avia-builder-el-2  el_after_av_one_full  el_before_av_one_full  column-top-margin\" style='border-radius:0px; '><section class=\"av_textblock_section \"  itemscope=\"itemscope\" itemtype=\"https:\/\/schema.org\/BlogPosting\" itemprop=\"blogPost\" ><div class='avia_textblock  '   itemprop=\"text\" ><p style=\"text-align: center;\"><strong><span style=\"font-size: 18pt;\">Realizan lanzamiento y capacitaci\u00f3n a organizaciones del Fondo de Fortalecimiento de Organizaciones de Inter\u00e9s P\u00fablico, FFOIP <\/span><\/strong><\/p>\n<div id=\"gtx-trans\" style=\"position: absolute; left: -50px; top: 4.31534px;\">\n<div class=\"gtx-trans-icon\"><\/div>\n<\/div>\n<\/div><\/section><\/div><div class=\"flex_column av_one_full  flex_column_div av-zero-column-padding first  avia-builder-el-4  el_after_av_one_full  el_before_av_hr  column-top-margin\" style='border-radius:0px; '><section class=\"av_textblock_section \"  itemscope=\"itemscope\" itemtype=\"https:\/\/schema.org\/BlogPosting\" itemprop=\"blogPost\" ><div class='avia_textblock  '   itemprop=\"text\" ><p style=\"text-align: justify;\"><em>Con el slogan \u201cLa Fuerza de las Ideas Mueve\u201d, se realiz\u00f3 el lanzamiento y capacitaci\u00f3n a las organizaciones sociales de la regi\u00f3n en Coyhaique y, tambi\u00e9n, se est\u00e1n realizando en diversas localidades de la regi\u00f3n.<\/em><\/p>\n<p style=\"text-align: justify;\">En el auditorio del Hospital de Coyhaique, se realiz\u00f3 el primer Hito de Difusi\u00f3n del Fondo de Fortalecimiento de la Organizaciones de Inter\u00e9s P\u00fablico (FFOIP) en la regi\u00f3n de Ays\u00e9n, para dirigentes sociales de la comuna, dirigentes vecinales, clubes deportivos, juntas de vecinos, entre otros. La seremi de Gobierno, junto a su equipo de trabajo, ha continuado desarrollando estos hitos de difusi\u00f3n y capacitaci\u00f3n en las cuatro provincias de la regi\u00f3n.<\/p>\n<p style=\"text-align: justify;\">\u201cRealizamos nuestra primera jornada de difusi\u00f3n y capacitaci\u00f3n para dirigentes y dirigentas sociales en Coyhaique, en el auditorio del Hospital Regional, acerca del Fondo de Fortalecimiento de Organizaciones de Inter\u00e9s P\u00fablico, que nuestro ministerio Secretar\u00eda General de Gobierno lanz\u00f3 a nivel nacional. En esta actividad, tuvimos la presencia de dirigentes del sector El Blanco, de la Uni\u00f3n Comunal de Adultos Mayores, representantes de clubes deportivos, de la Asociaci\u00f3n Nacional de Empleadas de Casa Particular, dirigentes y dirigentas de juntas de vecinos, por lo que pudimos conversar y capacitar a varias organizaciones para que puedan postular a nuestro Fondo. En las pr\u00f3ximas semanas, tambi\u00e9n estaremos en Puyuhuapi, La Tapera y La Junta, porque queremos que las organizaciones de toda la regi\u00f3n conozcan este Fondo y puedan postular y as\u00ed poder potenciar a sus organizaciones.\u201d, se\u00f1al\u00f3 la seremi de Gobierno, Tatiana Pl\u00e1 \u00c1lvarez.<\/p>\n<p style=\"text-align: justify;\">Cabe se\u00f1alar que los proyectos postulados al FFOIP deber\u00e1n enfocarse en promover los derechos humanos, el enfoque de g\u00e9nero o tener un impacto concreto en el territorio. Adem\u00e1s, este a\u00f1o, por primera vez y gracias a una alianza con la Subsecretar\u00eda de la Ni\u00f1ez, el FFOIP contempla una l\u00ednea tem\u00e1tica para el fortalecimiento de la participaci\u00f3n ciudadana de ni\u00f1os, ni\u00f1as y adolescentes. Esta l\u00ednea cuenta con un presupuesto de $180 millones de pesos (a nivel nacional) dirigido a organizaciones que desarrollen proyectos a nivel local para promover la participaci\u00f3n social y comunitaria de personas menores de 18 a\u00f1os.<\/p>\n<p style=\"text-align: justify;\">Josefina Ovando, dirigente de la Agrupaci\u00f3n de Productoras de la Patagonia, indic\u00f3: \u201cEl Di\u00e1logo estuvo muy bueno, muy clara la informaci\u00f3n que entregaron.\u00a0 Lo que m\u00e1s nos gust\u00f3 como agrupaci\u00f3n es que la seremi de Gobierno nos cont\u00f3 acerca de una capacitaciones, de unas escuelas que tienen para las organizaciones, as\u00ed no tendr\u00edamos que andar pidi\u00e9ndole a los profesionales de la seremi de Agricultura que nos ayuden a crear o a presentar nuestros proyectos, lo podr\u00edamos hacer nosotras, porque si bien somos personas adultas mayores, con estas capacitaciones podr\u00edamos postular a varios Fondos, no s\u00f3lo a \u00e9ste\u201d.<\/p>\n<p style=\"text-align: justify;\">En Puerto Cisnes, el equipo de la Seremi de Gobierno regi\u00f3n de Ays\u00e9n sostuvo una reuni\u00f3n en la sede del Club Deportivo y Social \u201cCisnes\u201d, con dirigentas de diferentes organizaciones sociales de la comuna: Artesan\u00edas Sur Cisnes, Taller laboral, Roller Cisnes, Corporaci\u00f3n Queulat, Club Deportivo \u00abCisnes\u00bb, entre otras, con el fin de realizar una Capacitaci\u00f3n acerca de este fondo, presentar las bases del concurso y aclarar dudas.<\/p>\n<p style=\"text-align: justify;\">Los hitos de difusi\u00f3n y capacitaci\u00f3n del FFOIP se han realizado en: Puerto Iba\u00f1ez, Puerto Cisnes, Puerto Ays\u00e9n, Chile Chico, Cochrane y, esta semana se realizar\u00e1n en Bah\u00eda Murta y Puerto Tranquilo. La pr\u00f3xima semana la Seremi de Gobierno, junto a su equipo, se trasladar\u00e1n hasta Puyuhuapi, La Tapera y La Junta, para continuar con las capacitaciones y difusi\u00f3n del FFOIP que, en su versi\u00f3n 2023, benefici\u00f3 a 641 organizaciones, luego de una rigurosa evaluaci\u00f3n por parte de los equipos t\u00e9cnicos del Ministerio Secretar\u00eda General de Gobierno. La adjudicaci\u00f3n de recursos fue realizada por los consejos nacional y regional del FFOIP, conformados por representantes de la sociedad civil, los gobiernos regionales y los ministerios de Desarrollo Social y Hacienda.<\/p>\n<p style=\"text-align: justify;\">Un total de $1.586 millones de pesos, un 18% m\u00e1s que el a\u00f1o pasado, ofrece en su versi\u00f3n 2024 el Fondo de Fortalecimiento de Organizaciones de Inter\u00e9s P\u00fablico (FFIOP) del Ministerio Secretar\u00eda General de Gobierno.<\/p>\n<p style=\"text-align: justify;\">Las organizaciones podr\u00e1n acceder a un m\u00e1ximo de $2 millones cuando se trate de proyectos locales (una comuna), $4 millones para aquellos de car\u00e1cter regional (dos o m\u00e1s comunas de una misma regi\u00f3n) y un l\u00edmite de $10 millones para iniciativas de alcance nacional (m\u00e1s de una regi\u00f3n).<\/p>\n<p style=\"text-align: justify;\">La convocatoria estar\u00e1 abierta hasta el 12 de abril para postulaciones en papel y hasta el 22 del mismo mes para postulaciones digitales. Toda la informaci\u00f3n est\u00e1 disponible en www.fondodefortalecimiento.gob.cl<\/p>\n<\/div><\/section><\/div><div  style='height:50px' class='hr hr-invisible   avia-builder-el-6  el_after_av_one_full  el_before_av_social_share '><span class='hr-inner ' ><span class='hr-inner-style'><\/span><\/span><\/div><\/p>\n<div  class='av-social-sharing-box  avia-builder-el-7  el_after_av_hr  el_before_av_hr  '><div class='av-share-box'><h5 class='av-share-link-description av-no-toc '>Compartir esta noticia<\/h5><ul class='av-share-box-list noLightbox'><li class='av-share-link av-social-link-facebook' ><a target=\"_blank\" aria-label=\"Compartir en Facebook\" href='https:\/\/www.facebook.com\/sharer.php?u=https:\/\/radiorevelacionfm.cl\/?p=40486&#038;t=Realizan%20lanzamiento%20y%20capacitaci%C3%B3n%20a%20organizaciones%20del%20Fondo%20de%20Fortalecimiento%20de%20Organizaciones%20de%20Inter%C3%A9s%20P%C3%BAblico%2C%20FFOIP' aria-hidden='false' data-av_icon='\ue8f3' data-av_iconfont='entypo-fontello' title='' data-avia-related-tooltip='Compartir en Facebook' rel=\"noopener\"><span class='avia_hidden_link_text'>Compartir en Facebook<\/span><\/a><\/li><li class='av-share-link av-social-link-twitter' ><a target=\"_blank\" aria-label=\"Compartir en Twitter\" href='https:\/\/twitter.com\/share?text=Realizan%20lanzamiento%20y%20capacitaci%C3%B3n%20a%20organizaciones%20del%20Fondo%20de%20Fortalecimiento%20de%20Organizaciones%20de%20Inter%C3%A9s%20P%C3%BAblico%2C%20FFOIP&#038;url=https:\/\/radiorevelacionfm.cl\/?p=40486' aria-hidden='false' data-av_icon='\ue8f1' data-av_iconfont='entypo-fontello' title='' data-avia-related-tooltip='Compartir en Twitter' rel=\"noopener\"><span class='avia_hidden_link_text'>Compartir en Twitter<\/span><\/a><\/li><li class='av-share-link av-social-link-whatsapp' ><a target=\"_blank\" aria-label=\"Compartir en Whatsapp\" href='https:\/\/api.whatsapp.com\/send?text=https:\/\/radiorevelacionfm.cl\/?p=40486' aria-hidden='false' data-av_icon='\uf232' data-av_iconfont='entypo-fontello' title='' data-avia-related-tooltip='Compartir en Whatsapp' rel=\"noopener\"><span class='avia_hidden_link_text'>Compartir en Whatsapp<\/span><\/a><\/li><li class='av-share-link av-social-link-linkedin' ><a target=\"_blank\" aria-label=\"Compartir en LinkedIn\" href='https:\/\/linkedin.com\/shareArticle?mini=true&#038;title=Realizan%20lanzamiento%20y%20capacitaci%C3%B3n%20a%20organizaciones%20del%20Fondo%20de%20Fortalecimiento%20de%20Organizaciones%20de%20Inter%C3%A9s%20P%C3%BAblico%2C%20FFOIP&#038;url=https:\/\/radiorevelacionfm.cl\/?p=40486' aria-hidden='false' data-av_icon='\ue8fc' data-av_iconfont='entypo-fontello' title='' data-avia-related-tooltip='Compartir en LinkedIn' rel=\"noopener\"><span class='avia_hidden_link_text'>Compartir en LinkedIn<\/span><\/a><\/li><li class='av-share-link av-social-link-mail' ><a  aria-label=\"Compartir por correo\" href='mailto:?subject=Realizan%20lanzamiento%20y%20capacitaci%C3%B3n%20a%20organizaciones%20del%20Fondo%20de%20Fortalecimiento%20de%20Organizaciones%20de%20Inter%C3%A9s%20P%C3%BAblico%2C%20FFOIP&#038;body=https:\/\/radiorevelacionfm.cl\/?p=40486' aria-hidden='false' data-av_icon='\ue805' data-av_iconfont='entypo-fontello' title='' data-avia-related-tooltip='Compartir por correo'><span class='avia_hidden_link_text'>Compartir por correo<\/span><\/a><\/li><\/ul><\/div><\/div>\n<div  style='height:50px' class='hr hr-invisible   avia-builder-el-8  el_after_av_social_share  el_before_av_comments_list '><span class='hr-inner ' ><span class='hr-inner-style'><\/span><\/span><\/div>\n<div  class='av-buildercomment  av-blog-meta-html-info-disabled av-blog-meta-tag-disabled  '><\/div>\n","protected":false},"excerpt":{"rendered":"","protected":false},"author":1,"featured_media":40487,"comment_status":"open","ping_status":"open","sticky":false,"template":"","format":"standard","meta":{"footnotes":""},"categories":[38],"tags":[],"class_list":["post-40486","post","type-post","status-publish","format-standard","has-post-thumbnail","hentry","category-regional"],"jetpack_featured_media_url":"https:\/\/radiorevelacionfm.cl\/wp-content\/uploads\/2024\/03\/FFOIP-Cisnes-1-1.jpeg","_links":{"self":[{"href":"https:\/\/radiorevelacionfm.cl\/index.php?rest_route=\/wp\/v2\/posts\/40486","targetHints":{"allow":["GET"]}}],"collection":[{"href":"https:\/\/radiorevelacionfm.cl\/index.php?rest_route=\/wp\/v2\/posts"}],"about":[{"href":"https:\/\/radiorevelacionfm.cl\/index.php?rest_route=\/wp\/v2\/types\/post"}],"author":[{"embeddable":true,"href":"https:\/\/radiorevelacionfm.cl\/index.php?rest_route=\/wp\/v2\/users\/1"}],"replies":[{"embeddable":true,"href":"https:\/\/radiorevelacionfm.cl\/index.php?rest_route=%2Fwp%2Fv2%2Fcomments&post=40486"}],"version-history":[{"count":1,"href":"https:\/\/radiorevelacionfm.cl\/index.php?rest_route=\/wp\/v2\/posts\/40486\/revisions"}],"predecessor-version":[{"id":40488,"href":"https:\/\/radiorevelacionfm.cl\/index.php?rest_route=\/wp\/v2\/posts\/40486\/revisions\/40488"}],"wp:featuredmedia":[{"embeddable":true,"href":"https:\/\/radiorevelacionfm.cl\/index.php?rest_route=\/wp\/v2\/media\/40487"}],"wp:attachment":[{"href":"https:\/\/radiorevelacionfm.cl\/index.php?rest_route=%2Fwp%2Fv2%2Fmedia&parent=40486"}],"wp:term":[{"taxonomy":"category","embeddable":true,"href":"https:\/\/radiorevelacionfm.cl\/index.php?rest_route=%2Fwp%2Fv2%2Fcategories&post=40486"},{"taxonomy":"post_tag","embeddable":true,"href":"https:\/\/radiorevelacionfm.cl\/index.php?rest_route=%2Fwp%2Fv2%2Ftags&post=40486"}],"curies":[{"name":"wp","href":"https:\/\/api.w.org\/{rel}","templated":true}]}}