{"id":40483,"date":"2024-03-19T16:04:45","date_gmt":"2024-03-19T19:04:45","guid":{"rendered":"https:\/\/radiorevelacionfm.cl\/?p=40483"},"modified":"2024-03-19T16:04:45","modified_gmt":"2024-03-19T19:04:45","slug":"decomisan-hongos-alucinogenos-y-marihuana-tras-fiscalizacion-de-barcaza-en-puerto-cisnes","status":"publish","type":"post","link":"https:\/\/radiorevelacionfm.cl\/?p=40483","title":{"rendered":"Decomisan hongos alucin\u00f3genos y marihuana tras fiscalizaci\u00f3n de barcaza en Puerto Cisnes"},"content":{"rendered":"<div class=\"flex_column av_one_full  flex_column_div av-zero-column-padding first  avia-builder-el-0  el_before_av_one_full  avia-builder-el-first  \" style='border-radius:0px; '><div  class='avia-image-container  av-styling-    avia-builder-el-1  avia-builder-el-no-sibling  avia-align-center '  itemprop=\"image\" itemscope=\"itemscope\" itemtype=\"https:\/\/schema.org\/ImageObject\"  ><div class='avia-image-container-inner'><div class='avia-image-overlay-wrap'><img decoding=\"async\" class='wp-image-40484 avia-img-lazy-loading-not-40484 avia_image' src=\"https:\/\/radiorevelacionfm.cl\/wp-content\/uploads\/2024\/03\/Decomiso-Cisnes-1-1.jpg\" alt='' title='Decomiso Cisnes (1) (1)' height=\"600\" width=\"800\"  itemprop=\"thumbnailUrl\" srcset=\"https:\/\/radiorevelacionfm.cl\/wp-content\/uploads\/2024\/03\/Decomiso-Cisnes-1-1.jpg 800w, https:\/\/radiorevelacionfm.cl\/wp-content\/uploads\/2024\/03\/Decomiso-Cisnes-1-1-300x225.jpg 300w, https:\/\/radiorevelacionfm.cl\/wp-content\/uploads\/2024\/03\/Decomiso-Cisnes-1-1-768x576.jpg 768w, https:\/\/radiorevelacionfm.cl\/wp-content\/uploads\/2024\/03\/Decomiso-Cisnes-1-1-705x529.jpg 705w, https:\/\/radiorevelacionfm.cl\/wp-content\/uploads\/2024\/03\/Decomiso-Cisnes-1-1-450x338.jpg 450w, https:\/\/radiorevelacionfm.cl\/wp-content\/uploads\/2024\/03\/Decomiso-Cisnes-1-1-600x450.jpg 600w\" sizes=\"(max-width: 800px) 100vw, 800px\" \/><\/div><\/div><\/div><\/div><div class=\"flex_column av_one_full  flex_column_div av-zero-column-padding first  avia-builder-el-2  el_after_av_one_full  el_before_av_one_full  column-top-margin\" style='border-radius:0px; '><section class=\"av_textblock_section \"  itemscope=\"itemscope\" itemtype=\"https:\/\/schema.org\/BlogPosting\" itemprop=\"blogPost\" ><div class='avia_textblock  '   itemprop=\"text\" ><p style=\"text-align: center;\"><strong><span style=\"font-size: 18pt;\">Decomisan hongos alucin\u00f3genos y marihuana tras fiscalizaci\u00f3n de barcaza en Puerto Cisnes<\/span><\/strong><\/p>\n<div id=\"gtx-trans\" style=\"position: absolute; left: -50px; top: 4.31534px;\">\n<div class=\"gtx-trans-icon\"><\/div>\n<\/div>\n<\/div><\/section><\/div><div class=\"flex_column av_one_full  flex_column_div av-zero-column-padding first  avia-builder-el-4  el_after_av_one_full  el_before_av_hr  column-top-margin\" style='border-radius:0px; '><section class=\"av_textblock_section \"  itemscope=\"itemscope\" itemtype=\"https:\/\/schema.org\/BlogPosting\" itemprop=\"blogPost\" ><div class='avia_textblock  '   itemprop=\"text\" ><p style=\"text-align: justify;\">En distintas acciones realizadas por fiscalizadores de Aduanas, uno de los hallazgos fue durante la recalada de la barcaza Jacaf proveniente de Quell\u00f3n, momento en el cual se desarrollaron dos procedimientos en los que se incautaron en total 10 gramos de marihuana, incautaci\u00f3n que se detect\u00f3 en un trabajo conjunto con la Armada de Chile.<\/p>\n<p style=\"text-align: justify;\">Asimismo, en el mismo lugar, pero en otro arribo, esta vez de la barcaza Queulat, se detectaron 5 gramos de marihuana en un pasajero procedente del norte del pa\u00eds. Durante este procedimiento, fiscalizadores de Aduanas seleccionaron a dos pasajeros bajo la t\u00e9cnica de perfiles de riesgo, dando resultado la incautaci\u00f3n de 5 gramos de hongos alucin\u00f3genos, 10 gramos de marihuana, adem\u00e1s de un chocolate alucin\u00f3geno.<\/p>\n<p style=\"text-align: justify;\">Isaac Tudela, administrador de la Aduana de Puerto Ays\u00e9n, destac\u00f3 la determinaci\u00f3n de la Aduana en la lucha contra el tr\u00e1fico de drogas, expresando que \u00abdebido a la colaboraci\u00f3n con la Armada de Chile y Carabineros, se han logrado importantes decomisos de drogas en este importante control mar\u00edtimo de la zona, lo que reafirma que la Aduana de Puerto Ays\u00e9n mantiene su compromiso con la seguridad de la comunidad, demostrando que la colaboraci\u00f3n interinstitucional y la determinaci\u00f3n son armas efectivas en la lucha contra el crimen organizado\u00bb.<\/p>\n<p style=\"text-align: justify;\">Todos los casos fueron puestos en conocimiento del fiscal de turno en Puerto Cisnes, quien instruy\u00f3 la entrega de las mercanc\u00edas il\u00edcitas a personal de la Armada de Chile bajo cadena de custodia.<\/p>\n<p style=\"text-align: justify;\">Durante el periodo estival, con el apoyo de instituciones como la Armada de Chile y Carabineros de Chile, se llevaron a cabo un total de 20 procedimientos, sumando un total de 261.36 gramos de diversas sustancias il\u00edcitas en los distintos puntos de la Aduana de Puerto Ays\u00e9n.<\/p>\n<\/div><\/section><\/div><div  style='height:50px' class='hr hr-invisible   avia-builder-el-6  el_after_av_one_full  el_before_av_social_share '><span class='hr-inner ' ><span class='hr-inner-style'><\/span><\/span><\/div><\/p>\n<div  class='av-social-sharing-box  avia-builder-el-7  el_after_av_hr  el_before_av_hr  '><div class='av-share-box'><h5 class='av-share-link-description av-no-toc '>Compartir esta noticia<\/h5><ul class='av-share-box-list noLightbox'><li class='av-share-link av-social-link-facebook' ><a target=\"_blank\" aria-label=\"Compartir en Facebook\" href='https:\/\/www.facebook.com\/sharer.php?u=https:\/\/radiorevelacionfm.cl\/?p=40483&#038;t=Decomisan%20hongos%20alucin%C3%B3genos%20y%20marihuana%20tras%20fiscalizaci%C3%B3n%20de%20barcaza%20en%20Puerto%20Cisnes' aria-hidden='false' data-av_icon='\ue8f3' data-av_iconfont='entypo-fontello' title='' data-avia-related-tooltip='Compartir en Facebook' rel=\"noopener\"><span class='avia_hidden_link_text'>Compartir en Facebook<\/span><\/a><\/li><li class='av-share-link av-social-link-twitter' ><a target=\"_blank\" aria-label=\"Compartir en Twitter\" href='https:\/\/twitter.com\/share?text=Decomisan%20hongos%20alucin%C3%B3genos%20y%20marihuana%20tras%20fiscalizaci%C3%B3n%20de%20barcaza%20en%20Puerto%20Cisnes&#038;url=https:\/\/radiorevelacionfm.cl\/?p=40483' aria-hidden='false' data-av_icon='\ue8f1' data-av_iconfont='entypo-fontello' title='' data-avia-related-tooltip='Compartir en Twitter' rel=\"noopener\"><span class='avia_hidden_link_text'>Compartir en Twitter<\/span><\/a><\/li><li class='av-share-link av-social-link-whatsapp' ><a target=\"_blank\" aria-label=\"Compartir en Whatsapp\" href='https:\/\/api.whatsapp.com\/send?text=https:\/\/radiorevelacionfm.cl\/?p=40483' aria-hidden='false' data-av_icon='\uf232' data-av_iconfont='entypo-fontello' title='' data-avia-related-tooltip='Compartir en Whatsapp' rel=\"noopener\"><span class='avia_hidden_link_text'>Compartir en Whatsapp<\/span><\/a><\/li><li class='av-share-link av-social-link-linkedin' ><a target=\"_blank\" aria-label=\"Compartir en LinkedIn\" href='https:\/\/linkedin.com\/shareArticle?mini=true&#038;title=Decomisan%20hongos%20alucin%C3%B3genos%20y%20marihuana%20tras%20fiscalizaci%C3%B3n%20de%20barcaza%20en%20Puerto%20Cisnes&#038;url=https:\/\/radiorevelacionfm.cl\/?p=40483' aria-hidden='false' data-av_icon='\ue8fc' data-av_iconfont='entypo-fontello' title='' data-avia-related-tooltip='Compartir en LinkedIn' rel=\"noopener\"><span class='avia_hidden_link_text'>Compartir en LinkedIn<\/span><\/a><\/li><li class='av-share-link av-social-link-mail' ><a  aria-label=\"Compartir por correo\" href='mailto:?subject=Decomisan%20hongos%20alucin%C3%B3genos%20y%20marihuana%20tras%20fiscalizaci%C3%B3n%20de%20barcaza%20en%20Puerto%20Cisnes&#038;body=https:\/\/radiorevelacionfm.cl\/?p=40483' aria-hidden='false' data-av_icon='\ue805' data-av_iconfont='entypo-fontello' title='' data-avia-related-tooltip='Compartir por correo'><span class='avia_hidden_link_text'>Compartir por correo<\/span><\/a><\/li><\/ul><\/div><\/div>\n<div  style='height:50px' class='hr hr-invisible   avia-builder-el-8  el_after_av_social_share  el_before_av_comments_list '><span class='hr-inner ' ><span class='hr-inner-style'><\/span><\/span><\/div>\n<div  class='av-buildercomment  av-blog-meta-html-info-disabled av-blog-meta-tag-disabled  '><\/div>\n","protected":false},"excerpt":{"rendered":"","protected":false},"author":1,"featured_media":40484,"comment_status":"open","ping_status":"open","sticky":false,"template":"","format":"standard","meta":{"footnotes":""},"categories":[36],"tags":[],"class_list":["post-40483","post","type-post","status-publish","format-standard","has-post-thumbnail","hentry","category-policial"],"jetpack_featured_media_url":"https:\/\/radiorevelacionfm.cl\/wp-content\/uploads\/2024\/03\/Decomiso-Cisnes-1-1.jpg","_links":{"self":[{"href":"https:\/\/radiorevelacionfm.cl\/index.php?rest_route=\/wp\/v2\/posts\/40483","targetHints":{"allow":["GET"]}}],"collection":[{"href":"https:\/\/radiorevelacionfm.cl\/index.php?rest_route=\/wp\/v2\/posts"}],"about":[{"href":"https:\/\/radiorevelacionfm.cl\/index.php?rest_route=\/wp\/v2\/types\/post"}],"author":[{"embeddable":true,"href":"https:\/\/radiorevelacionfm.cl\/index.php?rest_route=\/wp\/v2\/users\/1"}],"replies":[{"embeddable":true,"href":"https:\/\/radiorevelacionfm.cl\/index.php?rest_route=%2Fwp%2Fv2%2Fcomments&post=40483"}],"version-history":[{"count":1,"href":"https:\/\/radiorevelacionfm.cl\/index.php?rest_route=\/wp\/v2\/posts\/40483\/revisions"}],"predecessor-version":[{"id":40485,"href":"https:\/\/radiorevelacionfm.cl\/index.php?rest_route=\/wp\/v2\/posts\/40483\/revisions\/40485"}],"wp:featuredmedia":[{"embeddable":true,"href":"https:\/\/radiorevelacionfm.cl\/index.php?rest_route=\/wp\/v2\/media\/40484"}],"wp:attachment":[{"href":"https:\/\/radiorevelacionfm.cl\/index.php?rest_route=%2Fwp%2Fv2%2Fmedia&parent=40483"}],"wp:term":[{"taxonomy":"category","embeddable":true,"href":"https:\/\/radiorevelacionfm.cl\/index.php?rest_route=%2Fwp%2Fv2%2Fcategories&post=40483"},{"taxonomy":"post_tag","embeddable":true,"href":"https:\/\/radiorevelacionfm.cl\/index.php?rest_route=%2Fwp%2Fv2%2Ftags&post=40483"}],"curies":[{"name":"wp","href":"https:\/\/api.w.org\/{rel}","templated":true}]}}