{"id":40480,"date":"2024-03-19T16:15:28","date_gmt":"2024-03-19T19:15:28","guid":{"rendered":"https:\/\/radiorevelacionfm.cl\/?p=40480"},"modified":"2024-03-19T16:15:28","modified_gmt":"2024-03-19T19:15:28","slug":"en-coyhaique-taller-laboral-siempre-creciendo-se-fortalece-con-capacitaciones-compra-de-insumos-y-reparacion-de-sede","status":"publish","type":"post","link":"https:\/\/radiorevelacionfm.cl\/?p=40480","title":{"rendered":"En Coyhaique: Taller Laboral Siempre Creciendo se fortalece con capacitaciones, compra de insumos y reparaci\u00f3n de sede"},"content":{"rendered":"<div class=\"flex_column av_one_full  flex_column_div av-zero-column-padding first  avia-builder-el-0  el_before_av_one_full  avia-builder-el-first  \" style='border-radius:0px; '><div  class='avia-image-container  av-styling-    avia-builder-el-1  avia-builder-el-no-sibling  avia-align-center '  itemprop=\"image\" itemscope=\"itemscope\" itemtype=\"https:\/\/schema.org\/ImageObject\"  ><div class='avia-image-container-inner'><div class='avia-image-overlay-wrap'><img decoding=\"async\" class='wp-image-40481 avia-img-lazy-loading-not-40481 avia_image' src=\"https:\/\/radiorevelacionfm.cl\/wp-content\/uploads\/2024\/03\/1TLSC-1-1.jpg\" alt='' title='1TLSC (1) (1)' height=\"600\" width=\"1067\"  itemprop=\"thumbnailUrl\" srcset=\"https:\/\/radiorevelacionfm.cl\/wp-content\/uploads\/2024\/03\/1TLSC-1-1.jpg 1067w, https:\/\/radiorevelacionfm.cl\/wp-content\/uploads\/2024\/03\/1TLSC-1-1-300x169.jpg 300w, https:\/\/radiorevelacionfm.cl\/wp-content\/uploads\/2024\/03\/1TLSC-1-1-1030x579.jpg 1030w, https:\/\/radiorevelacionfm.cl\/wp-content\/uploads\/2024\/03\/1TLSC-1-1-768x432.jpg 768w, https:\/\/radiorevelacionfm.cl\/wp-content\/uploads\/2024\/03\/1TLSC-1-1-705x396.jpg 705w, https:\/\/radiorevelacionfm.cl\/wp-content\/uploads\/2024\/03\/1TLSC-1-1-450x253.jpg 450w, https:\/\/radiorevelacionfm.cl\/wp-content\/uploads\/2024\/03\/1TLSC-1-1-600x337.jpg 600w\" sizes=\"(max-width: 1067px) 100vw, 1067px\" \/><\/div><\/div><\/div><\/div><div class=\"flex_column av_one_full  flex_column_div av-zero-column-padding first  avia-builder-el-2  el_after_av_one_full  el_before_av_one_full  column-top-margin\" style='border-radius:0px; '><section class=\"av_textblock_section \"  itemscope=\"itemscope\" itemtype=\"https:\/\/schema.org\/BlogPosting\" itemprop=\"blogPost\" ><div class='avia_textblock  '   itemprop=\"text\" ><p style=\"text-align: center;\"><span style=\"font-size: 18pt;\"><strong>En Coyhaique: Taller Laboral Siempre Creciendo se fortalece con capacitaciones, compra de insumos y reparaci\u00f3n de sede<\/strong><\/span><\/p>\n<div id=\"gtx-trans\" style=\"position: absolute; left: -50px; top: 4.31534px;\">\n<div class=\"gtx-trans-icon\"><\/div>\n<\/div>\n<\/div><\/section><\/div><div class=\"flex_column av_one_full  flex_column_div av-zero-column-padding first  avia-builder-el-4  el_after_av_one_full  el_before_av_hr  column-top-margin\" style='border-radius:0px; '><section class=\"av_textblock_section \"  itemscope=\"itemscope\" itemtype=\"https:\/\/schema.org\/BlogPosting\" itemprop=\"blogPost\" ><div class='avia_textblock  '   itemprop=\"text\" ><p style=\"text-align: justify;\"><em>El proyecto, que benefici\u00f3 a las 17 integrantes que componen esta organizaci\u00f3n, fue financiado gracias al programa Emprendamos Grupal Autogestionado del FOSIS.<\/em><\/p>\n<p style=\"text-align: justify;\">La iniciativa denominada \u201cCon mis compa\u00f1eras nos fortalecemos para seguir y levantar nuestros emprendimientos\u201d, fue ejecutado por el Taller Labora Siempre Creciendo, donde se desarrollan emprendimientos como costuras, aseo, cuidado de adultos mayores, tejido, artesan\u00eda en madera y panader\u00eda, entre otros.<\/p>\n<p style=\"text-align: justify;\">El programa Emprendamos Grupal Autogestionado, financiado por el Fondo de Solidaridad e Inversi\u00f3n Social, FOSIS, apoyar a grupos y organizaciones productivas para que desarrollen sus actividades econ\u00f3micas y mejoren las condiciones de producci\u00f3n de sus negocios, fortaleciendo capacidades personales y de las organizaciones, lazos de asociatividad y acceso a redes; con el fin de aumentar sus ingresos y fomentar su autonom\u00eda econ\u00f3mica.<\/p>\n<p style=\"text-align: justify;\">Los recursos entregados por el FOSIS fueron destinados a la realizaci\u00f3n de talleres para las integrantes de la organizaci\u00f3n en temas relacionados a emprendimiento, como segmento de negocio, propuesta de valor y relaci\u00f3n con clientes. Esta instancia tambi\u00e9n permiti\u00f3 financiar el arreglo y reparaciones de la sede de la organizaci\u00f3n, junto con la adquisici\u00f3n de insumos y herramientas para fortalecer los emprendimientos de las distintas integrantes del Taller Laboral Siempre Creciendo.<\/p>\n<p style=\"text-align: justify;\">Alicia Ramos, presidenta del Taller Laboral Siempre Creciendo, destac\u00f3 que \u201cdesde el a\u00f1o de la pandemia ven\u00edamos bastante alica\u00eddas cada una con su emprendimiento y este fondo nos ayuda a recuperarnos nuevamente, avanzar y hacer nuestras cosas con nuestros negocios. Pudimos mejorar algunos espacios de nuestra sede comunitaria, cambiar una chapa de la puerta, pintar, que estaba hace tiempo pendiente, as\u00ed que con este proyecto pudimos hacer todas esas cosas y fortalecernos tambi\u00e9n como organizaci\u00f3n de mujeres\u201d.<\/p>\n<p style=\"text-align: justify;\">La Directora Regional del FOSIS en Ays\u00e9n, Fernanda Leiva, asegur\u00f3 que \u201cpudimos constatar la labor que se realizan, c\u00f3mo agruparse y asociarse en torno a los emprendimientos, al trabajo y productividad genera tambi\u00e9n espacios de cuidado, contenci\u00f3n, coordinaci\u00f3n y trabajo conjunto entre mujeres que, adem\u00e1s de ser emprendedoras, realizan muchos roles dentro de su casa y su comunidad. As\u00ed vamos dando cuerpo y forma al mandato de nuestro presidente Gabriel Boric, fomentando la cohesi\u00f3n social, entregando herramientas a las mujeres para que logren su autonom\u00eda econ\u00f3mica\u201d.<\/p>\n<p style=\"text-align: justify;\">Rodrigo Araya, Delegado Presidencial Regional de Ays\u00e9n enfatiz\u00f3 que \u201cdesde el Gobierno nuestro Presidente nos pide que trabajemos mejorando la accesibilidad y los emprendimientos de las personas para que tengan una mejor calidad de vida, para que puedan mejorar su oferta, para que puedan tener mejores posibilidades de ventas y m\u00e1s recursos. Vemos que son estas instancias donde se completa un circulo virtuoso con mujeres que se conocen y que pueden potenciarse entre ellas, apoyarse y ayudarse para sacar adelante sus negocios\u201d.<\/p>\n<p style=\"text-align: justify;\">En la actividad de cierre, liderada por las integrantes del Taller Laboral Siempre Creciendo, particip\u00f3 el Delegado Presidencial Regional de Ays\u00e9n, Rodrigo Araya; la Directora Regional de FOSIS, Fernanda Leiva y en representaci\u00f3n del Alcalde de Coyhaique, la Administradora Municipal, Gabriela Retamal.<\/p>\n<\/div><\/section><\/div><div  style='height:50px' class='hr hr-invisible   avia-builder-el-6  el_after_av_one_full  el_before_av_social_share '><span class='hr-inner ' ><span class='hr-inner-style'><\/span><\/span><\/div><\/p>\n<div  class='av-social-sharing-box  avia-builder-el-7  el_after_av_hr  el_before_av_hr  '><div class='av-share-box'><h5 class='av-share-link-description av-no-toc '>Compartir esta noticia<\/h5><ul class='av-share-box-list noLightbox'><li class='av-share-link av-social-link-facebook' ><a target=\"_blank\" aria-label=\"Compartir en Facebook\" href='https:\/\/www.facebook.com\/sharer.php?u=https:\/\/radiorevelacionfm.cl\/?p=40480&#038;t=En%20Coyhaique%3A%20Taller%20Laboral%20Siempre%20Creciendo%20se%20fortalece%20con%20capacitaciones%2C%20compra%20de%20insumos%20y%20reparaci%C3%B3n%20de%20sede' aria-hidden='false' data-av_icon='\ue8f3' data-av_iconfont='entypo-fontello' title='' data-avia-related-tooltip='Compartir en Facebook' rel=\"noopener\"><span class='avia_hidden_link_text'>Compartir en Facebook<\/span><\/a><\/li><li class='av-share-link av-social-link-twitter' ><a target=\"_blank\" aria-label=\"Compartir en Twitter\" href='https:\/\/twitter.com\/share?text=En%20Coyhaique%3A%20Taller%20Laboral%20Siempre%20Creciendo%20se%20fortalece%20con%20capacitaciones%2C%20compra%20de%20insumos%20y%20reparaci%C3%B3n%20de%20sede&#038;url=https:\/\/radiorevelacionfm.cl\/?p=40480' aria-hidden='false' data-av_icon='\ue8f1' data-av_iconfont='entypo-fontello' title='' data-avia-related-tooltip='Compartir en Twitter' rel=\"noopener\"><span class='avia_hidden_link_text'>Compartir en Twitter<\/span><\/a><\/li><li class='av-share-link av-social-link-whatsapp' ><a target=\"_blank\" aria-label=\"Compartir en Whatsapp\" href='https:\/\/api.whatsapp.com\/send?text=https:\/\/radiorevelacionfm.cl\/?p=40480' aria-hidden='false' data-av_icon='\uf232' data-av_iconfont='entypo-fontello' title='' data-avia-related-tooltip='Compartir en Whatsapp' rel=\"noopener\"><span class='avia_hidden_link_text'>Compartir en Whatsapp<\/span><\/a><\/li><li class='av-share-link av-social-link-linkedin' ><a target=\"_blank\" aria-label=\"Compartir en LinkedIn\" href='https:\/\/linkedin.com\/shareArticle?mini=true&#038;title=En%20Coyhaique%3A%20Taller%20Laboral%20Siempre%20Creciendo%20se%20fortalece%20con%20capacitaciones%2C%20compra%20de%20insumos%20y%20reparaci%C3%B3n%20de%20sede&#038;url=https:\/\/radiorevelacionfm.cl\/?p=40480' aria-hidden='false' data-av_icon='\ue8fc' data-av_iconfont='entypo-fontello' title='' data-avia-related-tooltip='Compartir en LinkedIn' rel=\"noopener\"><span class='avia_hidden_link_text'>Compartir en LinkedIn<\/span><\/a><\/li><li class='av-share-link av-social-link-mail' ><a  aria-label=\"Compartir por correo\" href='mailto:?subject=En%20Coyhaique%3A%20Taller%20Laboral%20Siempre%20Creciendo%20se%20fortalece%20con%20capacitaciones%2C%20compra%20de%20insumos%20y%20reparaci%C3%B3n%20de%20sede&#038;body=https:\/\/radiorevelacionfm.cl\/?p=40480' aria-hidden='false' data-av_icon='\ue805' data-av_iconfont='entypo-fontello' title='' data-avia-related-tooltip='Compartir por correo'><span class='avia_hidden_link_text'>Compartir por correo<\/span><\/a><\/li><\/ul><\/div><\/div>\n<div  style='height:50px' class='hr hr-invisible   avia-builder-el-8  el_after_av_social_share  el_before_av_comments_list '><span class='hr-inner ' ><span class='hr-inner-style'><\/span><\/span><\/div>\n<div  class='av-buildercomment  av-blog-meta-html-info-disabled av-blog-meta-tag-disabled  '><\/div>\n","protected":false},"excerpt":{"rendered":"","protected":false},"author":1,"featured_media":40481,"comment_status":"open","ping_status":"open","sticky":false,"template":"","format":"standard","meta":{"footnotes":""},"categories":[38],"tags":[],"class_list":["post-40480","post","type-post","status-publish","format-standard","has-post-thumbnail","hentry","category-regional"],"jetpack_featured_media_url":"https:\/\/radiorevelacionfm.cl\/wp-content\/uploads\/2024\/03\/1TLSC-1-1.jpg","_links":{"self":[{"href":"https:\/\/radiorevelacionfm.cl\/index.php?rest_route=\/wp\/v2\/posts\/40480","targetHints":{"allow":["GET"]}}],"collection":[{"href":"https:\/\/radiorevelacionfm.cl\/index.php?rest_route=\/wp\/v2\/posts"}],"about":[{"href":"https:\/\/radiorevelacionfm.cl\/index.php?rest_route=\/wp\/v2\/types\/post"}],"author":[{"embeddable":true,"href":"https:\/\/radiorevelacionfm.cl\/index.php?rest_route=\/wp\/v2\/users\/1"}],"replies":[{"embeddable":true,"href":"https:\/\/radiorevelacionfm.cl\/index.php?rest_route=%2Fwp%2Fv2%2Fcomments&post=40480"}],"version-history":[{"count":1,"href":"https:\/\/radiorevelacionfm.cl\/index.php?rest_route=\/wp\/v2\/posts\/40480\/revisions"}],"predecessor-version":[{"id":40482,"href":"https:\/\/radiorevelacionfm.cl\/index.php?rest_route=\/wp\/v2\/posts\/40480\/revisions\/40482"}],"wp:featuredmedia":[{"embeddable":true,"href":"https:\/\/radiorevelacionfm.cl\/index.php?rest_route=\/wp\/v2\/media\/40481"}],"wp:attachment":[{"href":"https:\/\/radiorevelacionfm.cl\/index.php?rest_route=%2Fwp%2Fv2%2Fmedia&parent=40480"}],"wp:term":[{"taxonomy":"category","embeddable":true,"href":"https:\/\/radiorevelacionfm.cl\/index.php?rest_route=%2Fwp%2Fv2%2Fcategories&post=40480"},{"taxonomy":"post_tag","embeddable":true,"href":"https:\/\/radiorevelacionfm.cl\/index.php?rest_route=%2Fwp%2Fv2%2Ftags&post=40480"}],"curies":[{"name":"wp","href":"https:\/\/api.w.org\/{rel}","templated":true}]}}