{"id":4048,"date":"2021-05-11T21:43:16","date_gmt":"2021-05-12T00:43:16","guid":{"rendered":"https:\/\/radiorevelacionfm.cl\/?p=4048"},"modified":"2021-05-11T21:43:16","modified_gmt":"2021-05-12T00:43:16","slug":"con-robot-submarino-carabineros-del-gope-continua-busqueda-de-ciudadano-desaparecido-en-lago-general-carrera","status":"publish","type":"post","link":"https:\/\/radiorevelacionfm.cl\/?p=4048","title":{"rendered":"Con robot submarino Carabineros del GOPE contin\u00faa b\u00fasqueda de ciudadano desaparecido en lago General Carrera"},"content":{"rendered":"<div class=\"flex_column av_one_full  flex_column_div av-zero-column-padding first  avia-builder-el-0  el_before_av_one_full  avia-builder-el-first  \" style='border-radius:0px; '><div  class='avia-image-container  av-styling-    avia-builder-el-1  avia-builder-el-no-sibling  avia-align-center '  itemprop=\"image\" itemscope=\"itemscope\" itemtype=\"https:\/\/schema.org\/ImageObject\"  ><div class='avia-image-container-inner'><div class='avia-image-overlay-wrap'><img decoding=\"async\" class='wp-image-4049 avia-img-lazy-loading-not-4049 avia_image' src=\"https:\/\/radiorevelacionfm.cl\/wp-content\/uploads\/2021\/05\/robot-8a_optimized.jpg\" alt='' title='robot-8a_optimized' height=\"960\" width=\"1280\"  itemprop=\"thumbnailUrl\" srcset=\"https:\/\/radiorevelacionfm.cl\/wp-content\/uploads\/2021\/05\/robot-8a_optimized.jpg 1280w, https:\/\/radiorevelacionfm.cl\/wp-content\/uploads\/2021\/05\/robot-8a_optimized-300x225.jpg 300w, https:\/\/radiorevelacionfm.cl\/wp-content\/uploads\/2021\/05\/robot-8a_optimized-1030x773.jpg 1030w, https:\/\/radiorevelacionfm.cl\/wp-content\/uploads\/2021\/05\/robot-8a_optimized-768x576.jpg 768w, https:\/\/radiorevelacionfm.cl\/wp-content\/uploads\/2021\/05\/robot-8a_optimized-705x529.jpg 705w, https:\/\/radiorevelacionfm.cl\/wp-content\/uploads\/2021\/05\/robot-8a_optimized-600x450.jpg 600w\" sizes=\"(max-width: 1280px) 100vw, 1280px\" \/><\/div><\/div><\/div><\/div><div class=\"flex_column av_one_full  flex_column_div av-zero-column-padding first  avia-builder-el-2  el_after_av_one_full  el_before_av_one_full  column-top-margin\" style='border-radius:0px; '><section class=\"av_textblock_section \"  itemscope=\"itemscope\" itemtype=\"https:\/\/schema.org\/BlogPosting\" itemprop=\"blogPost\" ><div class='avia_textblock  '   itemprop=\"text\" ><p style=\"text-align: center;\"><strong><span style=\"font-size: 18pt;\">Con robot submarino Carabineros del GOPE contin\u00faa b\u00fasqueda de ciudadano desaparecido en lago General Carrera<\/span><\/strong><\/p>\n<div id=\"gtx-trans\" style=\"position: absolute; left: -50px; top: 4.31534px;\">\n<div class=\"gtx-trans-icon\"><\/div>\n<\/div>\n<\/div><\/section><\/div><div class=\"flex_column av_one_full  flex_column_div av-zero-column-padding first  avia-builder-el-4  el_after_av_one_full  el_before_av_hr  column-top-margin\" style='border-radius:0px; '><section class=\"av_textblock_section \"  itemscope=\"itemscope\" itemtype=\"https:\/\/schema.org\/BlogPosting\" itemprop=\"blogPost\" ><div class='avia_textblock  '   itemprop=\"text\" ><p class=\"v1MsoNormal\" style=\"text-align: justify;\">A una profundidad que supera los 35 metros, personal de Carabineros perteneciente al Grupo de Operaciones Policiales Especiales (GOPE), se encuentra operando un robot de b\u00fasqueda submarina desde una embarcaci\u00f3n Arc\u00e1ngel de la Armada de Chile, con la finalidad de dar con la ubicaci\u00f3n de un ciudadano de unos 42 a\u00f1os de edad, quien permanece extraviado tras caer \u2013por causas que se investigan- desde una embarcaci\u00f3n menor a las aguas del lago General Carrera en sector de la isla Mac\u00edas.<\/p>\n<p class=\"v1MsoNormal\" style=\"text-align: justify;\">Tras una denuncia por presunta desgracia recibida la tarde del domingo en el Ret\u00e9n Puerto R\u00edo Tranquilo \u2013distante a unos 216 km. al sur de Coyhaique- el GOPE junto a personal de la Secci\u00f3n de Investigaci\u00f3n Policial (S.I.P) se trasladaron al lugar, donde a primera hora del lunes iniciaron las tareas de b\u00fasqueda en coordinaci\u00f3n con la Fiscal\u00eda.<\/p>\n<p class=\"v1MsoNormal\" style=\"text-align: justify;\">La Capit\u00e1n Francisca Torres Molina, Jefe de la Subcomisar\u00eda Balmaceda (F) quien se encuentra en el lugar, indic\u00f3 que el personal con apoyo de la Armada de Chile instalaron una boya de demarcaci\u00f3n en el sector donde habr\u00eda ocurrido el accidente, sobre la base de antecedentes y declaraciones aportadas por testigos, punto que se encuentra distante a unos 45 minutos de navegaci\u00f3n desde la tur\u00edstica localidad.<\/p>\n<p class=\"v1MsoNormal\" style=\"text-align: justify;\">\u00abTrabajaron en la zona sur oeste, no teniendo \u00e9xito en esta b\u00fasqueda, por lo tanto las actividades quedaron programadas para el d\u00eda de ma\u00f1ana, para seguir realizando todas las diligencias que sean necesarias para dar con el paradero del ciudadano\u00bb, expres\u00f3 la Capit\u00e1n.<\/p>\n<p class=\"v1MsoNormal\" style=\"text-align: justify;\">Dadas las malas condiciones clim\u00e1ticas y producto del fuerte viento reinante al interior del lago, el GOPE y la Armada suspendieron las tareas de b\u00fasqueda a partir de las 15:20 horas de este martes, las cuales ser\u00e1n reanudadas a primera horas del mi\u00e9rcoles en la medida que las condiciones lo permitan.<\/p>\n<p class=\"v1MsoNormal\" style=\"text-align: justify;\">\u00abPor razones clim\u00e1ticas se est\u00e1 trabajando con el robot que posee la Instituci\u00f3n y que a trav\u00e9s de sus sensores permite poder captar si hay o no elementos de inter\u00e9s bajo el agua y, eso es una herramienta \u00fatil para la b\u00fasqueda dentro de lo que es el \u00e1rea especializada\u00bb, detall\u00f3 la Oficial.<\/p>\n<p class=\"v1MsoNormal\" style=\"text-align: justify;\">Asimismo la Capit\u00e1n Torres expres\u00f3 que el lago General Carrera siempre ha presentado complejidades dentro de su hidrograf\u00eda, inconvenientes que est\u00e1n dados por la presencia de corrientes subacu\u00e1ticas sumado a las condiciones clim\u00e1ticas de la zona.<\/p>\n<p class=\"v1MsoNormal\" style=\"text-align: justify;\"><b>Boteros se suman a la b\u00fasqueda\u00a0\u00a0 \u00a0<\/b><\/p>\n<p class=\"v1MsoNormal\" style=\"text-align: justify;\">Dichas labores han sido igualmente apoyadas desde el primer momento por boteros de la localidad de Puerto R\u00edo Tranquilo. Al respecto la Capit\u00e1n Torres inst\u00f3 a la comunidad a adoptar los resguardos y prevenir as\u00ed la ocurrencia de alg\u00fan accidente, dada las condiciones clim\u00e1ticas.<\/p>\n<p class=\"v1MsoNormal\" style=\"text-align: justify;\">\u00abFuncionarios de la Armada y Carabineros del destacamento han reiterado a las personas que la ayuda es necesaria, pero se debe realizar con las medidas de seguridad para proteger la integridad de ellos y de quienes se encuentran efectuando labores propias de rescate\u00bb, precis\u00f3.<\/p>\n<p class=\"v1MsoNormal\" style=\"text-align: justify;\">Carabineros ha estado en contacto con la familia con la finalidad de mantenerlos al tanto del desarrollo de las tareas de b\u00fasqueda que se realizan en la zona.<\/p>\n<\/div><\/section><\/div><div  style='height:50px' class='hr hr-invisible   avia-builder-el-6  el_after_av_one_full  el_before_av_social_share '><span class='hr-inner ' ><span class='hr-inner-style'><\/span><\/span><\/div><\/p>\n<div  class='av-social-sharing-box  avia-builder-el-7  el_after_av_hr  el_before_av_hr  '><div class='av-share-box'><h5 class='av-share-link-description av-no-toc '>Compartir esta noticia<\/h5><ul class='av-share-box-list noLightbox'><li class='av-share-link av-social-link-facebook' ><a target=\"_blank\" aria-label=\"Compartir en Facebook\" href='https:\/\/www.facebook.com\/sharer.php?u=https:\/\/radiorevelacionfm.cl\/?p=4048&#038;t=Con%20robot%20submarino%20Carabineros%20del%20GOPE%20contin%C3%BAa%20b%C3%BAsqueda%20de%20ciudadano%20desaparecido%20en%20lago%20General%20Carrera' aria-hidden='false' data-av_icon='\ue8f3' data-av_iconfont='entypo-fontello' title='' data-avia-related-tooltip='Compartir en Facebook' rel=\"noopener\"><span class='avia_hidden_link_text'>Compartir en Facebook<\/span><\/a><\/li><li class='av-share-link av-social-link-twitter' ><a target=\"_blank\" aria-label=\"Compartir en Twitter\" href='https:\/\/twitter.com\/share?text=Con%20robot%20submarino%20Carabineros%20del%20GOPE%20contin%C3%BAa%20b%C3%BAsqueda%20de%20ciudadano%20desaparecido%20en%20lago%20General%20Carrera&#038;url=https:\/\/radiorevelacionfm.cl\/?p=4048' aria-hidden='false' data-av_icon='\ue8f1' data-av_iconfont='entypo-fontello' title='' data-avia-related-tooltip='Compartir en Twitter' rel=\"noopener\"><span class='avia_hidden_link_text'>Compartir en Twitter<\/span><\/a><\/li><li class='av-share-link av-social-link-whatsapp' ><a target=\"_blank\" aria-label=\"Compartir en Whatsapp\" href='https:\/\/api.whatsapp.com\/send?text=https:\/\/radiorevelacionfm.cl\/?p=4048' aria-hidden='false' data-av_icon='\uf232' data-av_iconfont='entypo-fontello' title='' data-avia-related-tooltip='Compartir en Whatsapp' rel=\"noopener\"><span class='avia_hidden_link_text'>Compartir en Whatsapp<\/span><\/a><\/li><li class='av-share-link av-social-link-linkedin' ><a target=\"_blank\" aria-label=\"Compartir en LinkedIn\" href='https:\/\/linkedin.com\/shareArticle?mini=true&#038;title=Con%20robot%20submarino%20Carabineros%20del%20GOPE%20contin%C3%BAa%20b%C3%BAsqueda%20de%20ciudadano%20desaparecido%20en%20lago%20General%20Carrera&#038;url=https:\/\/radiorevelacionfm.cl\/?p=4048' aria-hidden='false' data-av_icon='\ue8fc' data-av_iconfont='entypo-fontello' title='' data-avia-related-tooltip='Compartir en LinkedIn' rel=\"noopener\"><span class='avia_hidden_link_text'>Compartir en LinkedIn<\/span><\/a><\/li><li class='av-share-link av-social-link-mail' ><a  aria-label=\"Compartir por correo\" href='mailto:?subject=Con%20robot%20submarino%20Carabineros%20del%20GOPE%20contin%C3%BAa%20b%C3%BAsqueda%20de%20ciudadano%20desaparecido%20en%20lago%20General%20Carrera&#038;body=https:\/\/radiorevelacionfm.cl\/?p=4048' aria-hidden='false' data-av_icon='\ue805' data-av_iconfont='entypo-fontello' title='' data-avia-related-tooltip='Compartir por correo'><span class='avia_hidden_link_text'>Compartir por correo<\/span><\/a><\/li><\/ul><\/div><\/div>\n<div  style='height:50px' class='hr hr-invisible   avia-builder-el-8  el_after_av_social_share  el_before_av_comments_list '><span class='hr-inner ' ><span class='hr-inner-style'><\/span><\/span><\/div>\n<div  class='av-buildercomment  av-blog-meta-html-info-disabled av-blog-meta-tag-disabled  '><\/div>\n","protected":false},"excerpt":{"rendered":"","protected":false},"author":1,"featured_media":4049,"comment_status":"open","ping_status":"open","sticky":false,"template":"","format":"standard","meta":{"footnotes":""},"categories":[36],"tags":[],"class_list":["post-4048","post","type-post","status-publish","format-standard","has-post-thumbnail","hentry","category-policial"],"jetpack_featured_media_url":"https:\/\/radiorevelacionfm.cl\/wp-content\/uploads\/2021\/05\/robot-8a_optimized.jpg","_links":{"self":[{"href":"https:\/\/radiorevelacionfm.cl\/index.php?rest_route=\/wp\/v2\/posts\/4048","targetHints":{"allow":["GET"]}}],"collection":[{"href":"https:\/\/radiorevelacionfm.cl\/index.php?rest_route=\/wp\/v2\/posts"}],"about":[{"href":"https:\/\/radiorevelacionfm.cl\/index.php?rest_route=\/wp\/v2\/types\/post"}],"author":[{"embeddable":true,"href":"https:\/\/radiorevelacionfm.cl\/index.php?rest_route=\/wp\/v2\/users\/1"}],"replies":[{"embeddable":true,"href":"https:\/\/radiorevelacionfm.cl\/index.php?rest_route=%2Fwp%2Fv2%2Fcomments&post=4048"}],"version-history":[{"count":1,"href":"https:\/\/radiorevelacionfm.cl\/index.php?rest_route=\/wp\/v2\/posts\/4048\/revisions"}],"predecessor-version":[{"id":4050,"href":"https:\/\/radiorevelacionfm.cl\/index.php?rest_route=\/wp\/v2\/posts\/4048\/revisions\/4050"}],"wp:featuredmedia":[{"embeddable":true,"href":"https:\/\/radiorevelacionfm.cl\/index.php?rest_route=\/wp\/v2\/media\/4049"}],"wp:attachment":[{"href":"https:\/\/radiorevelacionfm.cl\/index.php?rest_route=%2Fwp%2Fv2%2Fmedia&parent=4048"}],"wp:term":[{"taxonomy":"category","embeddable":true,"href":"https:\/\/radiorevelacionfm.cl\/index.php?rest_route=%2Fwp%2Fv2%2Fcategories&post=4048"},{"taxonomy":"post_tag","embeddable":true,"href":"https:\/\/radiorevelacionfm.cl\/index.php?rest_route=%2Fwp%2Fv2%2Ftags&post=4048"}],"curies":[{"name":"wp","href":"https:\/\/api.w.org\/{rel}","templated":true}]}}