{"id":40477,"date":"2024-03-19T19:17:03","date_gmt":"2024-03-19T22:17:03","guid":{"rendered":"https:\/\/radiorevelacionfm.cl\/?p=40477"},"modified":"2024-03-19T19:17:03","modified_gmt":"2024-03-19T22:17:03","slug":"fondos-de-cultura-entregan-recursos-historicos-en-la-region-de-aysen","status":"publish","type":"post","link":"https:\/\/radiorevelacionfm.cl\/?p=40477","title":{"rendered":"Fondos de Cultura entregan recursos hist\u00f3ricos en la Regi\u00f3n de Ays\u00e9n"},"content":{"rendered":"<div class=\"flex_column av_one_full  flex_column_div av-zero-column-padding first  avia-builder-el-0  el_before_av_one_full  avia-builder-el-first  \" style='border-radius:0px; '><div  class='avia-image-container  av-styling-    avia-builder-el-1  avia-builder-el-no-sibling  avia-align-center '  itemprop=\"image\" itemscope=\"itemscope\" itemtype=\"https:\/\/schema.org\/ImageObject\"  ><div class='avia-image-container-inner'><div class='avia-image-overlay-wrap'><img decoding=\"async\" class='wp-image-40478 avia-img-lazy-loading-not-40478 avia_image' src=\"https:\/\/radiorevelacionfm.cl\/wp-content\/uploads\/2024\/03\/fondos-cultura-2024-1_optimized.jpg\" alt='' title='fondos-cultura-2024-(1)_optimized' height=\"600\" width=\"856\"  itemprop=\"thumbnailUrl\" srcset=\"https:\/\/radiorevelacionfm.cl\/wp-content\/uploads\/2024\/03\/fondos-cultura-2024-1_optimized.jpg 856w, https:\/\/radiorevelacionfm.cl\/wp-content\/uploads\/2024\/03\/fondos-cultura-2024-1_optimized-300x210.jpg 300w, https:\/\/radiorevelacionfm.cl\/wp-content\/uploads\/2024\/03\/fondos-cultura-2024-1_optimized-768x538.jpg 768w, https:\/\/radiorevelacionfm.cl\/wp-content\/uploads\/2024\/03\/fondos-cultura-2024-1_optimized-705x494.jpg 705w, https:\/\/radiorevelacionfm.cl\/wp-content\/uploads\/2024\/03\/fondos-cultura-2024-1_optimized-450x315.jpg 450w, https:\/\/radiorevelacionfm.cl\/wp-content\/uploads\/2024\/03\/fondos-cultura-2024-1_optimized-600x421.jpg 600w\" sizes=\"(max-width: 856px) 100vw, 856px\" \/><\/div><\/div><\/div><\/div><div class=\"flex_column av_one_full  flex_column_div av-zero-column-padding first  avia-builder-el-2  el_after_av_one_full  el_before_av_one_full  column-top-margin\" style='border-radius:0px; '><section class=\"av_textblock_section \"  itemscope=\"itemscope\" itemtype=\"https:\/\/schema.org\/BlogPosting\" itemprop=\"blogPost\" ><div class='avia_textblock  '   itemprop=\"text\" ><p style=\"text-align: center;\"><span style=\"font-size: 18pt;\"><b>Fondos de Cultura entregan recursos hist\u00f3ricos en la Regi\u00f3n de Ays\u00e9n<\/b><\/span><\/p>\n<div id=\"gtx-trans\" style=\"position: absolute; left: -50px; top: 4.31534px;\">\n<div class=\"gtx-trans-icon\"><\/div>\n<\/div>\n<\/div><\/section><\/div><div class=\"flex_column av_one_full  flex_column_div av-zero-column-padding first  avia-builder-el-4  el_after_av_one_full  el_before_av_hr  column-top-margin\" style='border-radius:0px; '><section class=\"av_textblock_section \"  itemscope=\"itemscope\" itemtype=\"https:\/\/schema.org\/BlogPosting\" itemprop=\"blogPost\" ><div class='avia_textblock  '   itemprop=\"text\" ><p style=\"text-align: justify;\">Un total de 54 proyectos culturales regionales ser\u00e1n financiados este 2024, a trav\u00e9s de los Fondos de Cultura del Ministerio de la Culturas, las Artes y el Patrimonio. La convocatoria cont\u00f3 no solamente con una cifra hist\u00f3rica de recursos entregados en el territorio aysenino, sino con una alt\u00edsima participaci\u00f3n de postulantes y, adem\u00e1s, con un alto porcentaje de elegibilidad.<\/p>\n<p style=\"text-align: justify;\">En total, se entregar\u00e1n $477.389.400, la cifra m\u00e1s alta de recursos que los Fondos de Cultura han repartido en la Regi\u00f3n de Ays\u00e9n, un 30% m\u00e1s que en 2022. Se trata del aumento de recursos m\u00e1s significativo en 30 a\u00f1os.<\/p>\n<p style=\"text-align: justify;\">Para el seremi de Culturas Ays\u00e9n, Felipe Quiroz, es \u201cuna muy buena noticia para el sector cultural porque significa que hay mayor disponibilidad para poder generar y percibir financiamiento para sus iniciativas culturales. Este aumento significativo es un aumento que va de la mano de los compromisos asumidos como Gobierno de poder destinar mayor presupuesto al sector cultural y, adem\u00e1s, entregar cierta perspectiva territorial en la distribuci\u00f3n. Quiero destacar tambi\u00e9n que todos estos proyectos generan m\u00e1s de 140 empleos\u201d.<\/p>\n<p style=\"text-align: justify;\">En esta segunda convocatoria, se eligieron 35 proyectos que se suman a los 19 que se informaron en diciembre, completando 54 en toda la regi\u00f3n. El Ministerio de las Culturas finaliza as\u00ed el proceso de las 44 l\u00edneas de la convocatoria 2024, que a nivel nacional adjudic\u00f3 un total de $31.842 millones a 2.357 proyectos.<\/p>\n<p style=\"text-align: justify;\">El desglose regional en Ays\u00e9n de los proyectos ganadores en esta segunda entrega contempla en el Fondart Nacional 6 proyectos ganadores en la L\u00ednea de Creaci\u00f3n Art\u00edstica;\u00a0 22 de Fondart Regional; 4 del Fondo de Artes Esc\u00e9nicas y 3 del Fondo del Libro.<\/p>\n<p style=\"text-align: justify;\">El proyecto Exploraci\u00f3n 21: Refugio Sonoro &#8211; Traves\u00eda Silvestre a la evaluaci\u00f3n, se adjudic\u00f3 un Fondo Nacional de Desarrollo Cultural y las Artes, lo que permitir\u00e1 la continuidad del trabajo emp\u00edrico de rescate sonoro que ya ha desarrollado en el territorio el Laboratorio de Artes Electr\u00f3nicas de la Villa Alto Baguales, compuesto por la actriz Magdalena Moscoso \u00c1valos y el director de arte Christian Pavez Gonzalez.<\/p>\n<p style=\"text-align: justify;\">Magdalena resume el proyecto que particip\u00f3 en la l\u00ednea de Creaci\u00f3n Art\u00edstica, modalidad Nuevos Medios: \u201cDesarrollamos un proceso de creaci\u00f3n y producci\u00f3n art\u00edstica a trav\u00e9s de la captaci\u00f3n y monitoreo de se\u00f1ales y frecuencias sonoras que emergen desde el mundo natural, entrelazando arte, ciencia y tecnolog\u00eda.\u201d Como en proyectos anteriores, los resultados recorrer\u00e1n el territorio y podr\u00e1n apreciarse en\u00a0 el Centro de Educaci\u00f3n Medio Ambiental de CONAF R\u00edo Simpson, el Centro Cultural de Coyhaique y el Centro Cultural de Puerto Ays\u00e9n.<\/p>\n<p style=\"text-align: justify;\">La artista visual Marcela Stormesan se adjudic\u00f3 fondos para desarrollar su proyecto Senderos Visuales. Aproximaci\u00f3n art\u00edstica a los ecosistemas del bien nacional protegido, Parque Glaciar Mosco de Villa O\u2019Higgins: \u201cEs un proyecto en el que participan 4 mujeres: Amelia Jara, Cristina Pustela, Isabel Aguilar y yo. Queremos promover y estimular la valorizaci\u00f3n de los ecosistemas presentes en el parque a trav\u00e9s de la uni\u00f3n del arte con el territorio, la observaci\u00f3n y el tiempo como hilo que va a unir la creaci\u00f3n de obras inspiradas en cada estaci\u00f3n del a\u00f1o. Este proceso creativo va muy de la mano con talleres de mediaci\u00f3n art\u00edstica con la comunidad. Contar con el financiamiento para este proyecto acorta la brecha en descentralizaci\u00f3n en pol\u00edticas de iniciativas art\u00edsticas, y da la oportunidad de quienes habitamos zonas extremas de crear y aportar a las comunidades a las que pertenecemos. Estamos supercontentas y ansiosas de empezar con el trabajo y a crear\u201d.<\/p>\n<p style=\"text-align: justify;\">En la lista de seleccionados de la Regi\u00f3n de Ays\u00e9n, tambi\u00e9n hay proyectos de Artesan\u00eda, Artes Visuales y Fotograf\u00eda.<\/p>\n<p style=\"text-align: justify;\">Revisa todos los ganadores y ganadoras de la convocatoria 2024 de los Fondos de Cultura del Ministerio de las Culturas, las Artes y el Patrimonio en\u00a0<a href=\"http:\/\/fondosdecultura.cl\/resultados\" target=\"_blank\" rel=\"noopener\" data-saferedirecturl=\"https:\/\/www.google.com\/url?q=http:\/\/fondosdecultura.cl\/resultados&amp;source=gmail&amp;ust=1710959603136000&amp;usg=AOvVaw2rWjuMUkYmkRQQka6u3luu\">fondosdecultura.cl\/resultados<\/a>.<\/p>\n<\/div><\/section><\/div><div  style='height:50px' class='hr hr-invisible   avia-builder-el-6  el_after_av_one_full  el_before_av_social_share '><span class='hr-inner ' ><span class='hr-inner-style'><\/span><\/span><\/div><\/p>\n<div  class='av-social-sharing-box  avia-builder-el-7  el_after_av_hr  el_before_av_hr  '><div class='av-share-box'><h5 class='av-share-link-description av-no-toc '>Compartir esta noticia<\/h5><ul class='av-share-box-list noLightbox'><li class='av-share-link av-social-link-facebook' ><a target=\"_blank\" aria-label=\"Compartir en Facebook\" href='https:\/\/www.facebook.com\/sharer.php?u=https:\/\/radiorevelacionfm.cl\/?p=40477&#038;t=Fondos%20de%20Cultura%20entregan%20recursos%20hist%C3%B3ricos%20en%20la%20Regi%C3%B3n%20de%20Ays%C3%A9n' aria-hidden='false' data-av_icon='\ue8f3' data-av_iconfont='entypo-fontello' title='' data-avia-related-tooltip='Compartir en Facebook' rel=\"noopener\"><span class='avia_hidden_link_text'>Compartir en Facebook<\/span><\/a><\/li><li class='av-share-link av-social-link-twitter' ><a target=\"_blank\" aria-label=\"Compartir en Twitter\" href='https:\/\/twitter.com\/share?text=Fondos%20de%20Cultura%20entregan%20recursos%20hist%C3%B3ricos%20en%20la%20Regi%C3%B3n%20de%20Ays%C3%A9n&#038;url=https:\/\/radiorevelacionfm.cl\/?p=40477' aria-hidden='false' data-av_icon='\ue8f1' data-av_iconfont='entypo-fontello' title='' data-avia-related-tooltip='Compartir en Twitter' rel=\"noopener\"><span class='avia_hidden_link_text'>Compartir en Twitter<\/span><\/a><\/li><li class='av-share-link av-social-link-whatsapp' ><a target=\"_blank\" aria-label=\"Compartir en Whatsapp\" href='https:\/\/api.whatsapp.com\/send?text=https:\/\/radiorevelacionfm.cl\/?p=40477' aria-hidden='false' data-av_icon='\uf232' data-av_iconfont='entypo-fontello' title='' data-avia-related-tooltip='Compartir en Whatsapp' rel=\"noopener\"><span class='avia_hidden_link_text'>Compartir en Whatsapp<\/span><\/a><\/li><li class='av-share-link av-social-link-linkedin' ><a target=\"_blank\" aria-label=\"Compartir en LinkedIn\" href='https:\/\/linkedin.com\/shareArticle?mini=true&#038;title=Fondos%20de%20Cultura%20entregan%20recursos%20hist%C3%B3ricos%20en%20la%20Regi%C3%B3n%20de%20Ays%C3%A9n&#038;url=https:\/\/radiorevelacionfm.cl\/?p=40477' aria-hidden='false' data-av_icon='\ue8fc' data-av_iconfont='entypo-fontello' title='' data-avia-related-tooltip='Compartir en LinkedIn' rel=\"noopener\"><span class='avia_hidden_link_text'>Compartir en LinkedIn<\/span><\/a><\/li><li class='av-share-link av-social-link-mail' ><a  aria-label=\"Compartir por correo\" href='mailto:?subject=Fondos%20de%20Cultura%20entregan%20recursos%20hist%C3%B3ricos%20en%20la%20Regi%C3%B3n%20de%20Ays%C3%A9n&#038;body=https:\/\/radiorevelacionfm.cl\/?p=40477' aria-hidden='false' data-av_icon='\ue805' data-av_iconfont='entypo-fontello' title='' data-avia-related-tooltip='Compartir por correo'><span class='avia_hidden_link_text'>Compartir por correo<\/span><\/a><\/li><\/ul><\/div><\/div>\n<div  style='height:50px' class='hr hr-invisible   avia-builder-el-8  el_after_av_social_share  el_before_av_comments_list '><span class='hr-inner ' ><span class='hr-inner-style'><\/span><\/span><\/div>\n<div  class='av-buildercomment  av-blog-meta-html-info-disabled av-blog-meta-tag-disabled  '><\/div>\n","protected":false},"excerpt":{"rendered":"","protected":false},"author":1,"featured_media":40478,"comment_status":"open","ping_status":"open","sticky":false,"template":"","format":"standard","meta":{"footnotes":""},"categories":[52],"tags":[],"class_list":["post-40477","post","type-post","status-publish","format-standard","has-post-thumbnail","hentry","category-cultura"],"jetpack_featured_media_url":"https:\/\/radiorevelacionfm.cl\/wp-content\/uploads\/2024\/03\/fondos-cultura-2024-1_optimized.jpg","_links":{"self":[{"href":"https:\/\/radiorevelacionfm.cl\/index.php?rest_route=\/wp\/v2\/posts\/40477","targetHints":{"allow":["GET"]}}],"collection":[{"href":"https:\/\/radiorevelacionfm.cl\/index.php?rest_route=\/wp\/v2\/posts"}],"about":[{"href":"https:\/\/radiorevelacionfm.cl\/index.php?rest_route=\/wp\/v2\/types\/post"}],"author":[{"embeddable":true,"href":"https:\/\/radiorevelacionfm.cl\/index.php?rest_route=\/wp\/v2\/users\/1"}],"replies":[{"embeddable":true,"href":"https:\/\/radiorevelacionfm.cl\/index.php?rest_route=%2Fwp%2Fv2%2Fcomments&post=40477"}],"version-history":[{"count":1,"href":"https:\/\/radiorevelacionfm.cl\/index.php?rest_route=\/wp\/v2\/posts\/40477\/revisions"}],"predecessor-version":[{"id":40479,"href":"https:\/\/radiorevelacionfm.cl\/index.php?rest_route=\/wp\/v2\/posts\/40477\/revisions\/40479"}],"wp:featuredmedia":[{"embeddable":true,"href":"https:\/\/radiorevelacionfm.cl\/index.php?rest_route=\/wp\/v2\/media\/40478"}],"wp:attachment":[{"href":"https:\/\/radiorevelacionfm.cl\/index.php?rest_route=%2Fwp%2Fv2%2Fmedia&parent=40477"}],"wp:term":[{"taxonomy":"category","embeddable":true,"href":"https:\/\/radiorevelacionfm.cl\/index.php?rest_route=%2Fwp%2Fv2%2Fcategories&post=40477"},{"taxonomy":"post_tag","embeddable":true,"href":"https:\/\/radiorevelacionfm.cl\/index.php?rest_route=%2Fwp%2Fv2%2Ftags&post=40477"}],"curies":[{"name":"wp","href":"https:\/\/api.w.org\/{rel}","templated":true}]}}