{"id":40471,"date":"2024-03-19T20:50:17","date_gmt":"2024-03-19T23:50:17","guid":{"rendered":"https:\/\/radiorevelacionfm.cl\/?p=40471"},"modified":"2024-03-19T20:50:17","modified_gmt":"2024-03-19T23:50:17","slug":"talleres-participativos-en-el-marco-del-acuerdo-de-produccion-limpia-apl-manejo-sustentable-de-bosque-nativo-y-procesamiento-de-biomasa-de-calidad","status":"publish","type":"post","link":"https:\/\/radiorevelacionfm.cl\/?p=40471","title":{"rendered":"Talleres participativos en el marco del Acuerdo de Producci\u00f3n Limpia (APL) \u00abManejo Sustentable de Bosque Nativo y Procesamiento de Biomasa de Calidad\u00bb"},"content":{"rendered":"<div class=\"flex_column av_one_full  flex_column_div av-zero-column-padding first  avia-builder-el-0  el_before_av_one_full  avia-builder-el-first  \" style='border-radius:0px; '><div  class='avia-image-container  av-styling-    avia-builder-el-1  avia-builder-el-no-sibling  avia-align-center '  itemprop=\"image\" itemscope=\"itemscope\" itemtype=\"https:\/\/schema.org\/ImageObject\"  ><div class='avia-image-container-inner'><div class='avia-image-overlay-wrap'><img decoding=\"async\" class='wp-image-40472 avia-img-lazy-loading-not-40472 avia_image' src=\"https:\/\/radiorevelacionfm.cl\/wp-content\/uploads\/2024\/03\/APL1-1-1.jpeg\" alt='' title='APL1 (1) (1)' height=\"600\" width=\"800\"  itemprop=\"thumbnailUrl\" srcset=\"https:\/\/radiorevelacionfm.cl\/wp-content\/uploads\/2024\/03\/APL1-1-1.jpeg 800w, https:\/\/radiorevelacionfm.cl\/wp-content\/uploads\/2024\/03\/APL1-1-1-300x225.jpeg 300w, https:\/\/radiorevelacionfm.cl\/wp-content\/uploads\/2024\/03\/APL1-1-1-768x576.jpeg 768w, https:\/\/radiorevelacionfm.cl\/wp-content\/uploads\/2024\/03\/APL1-1-1-705x529.jpeg 705w, https:\/\/radiorevelacionfm.cl\/wp-content\/uploads\/2024\/03\/APL1-1-1-450x338.jpeg 450w, https:\/\/radiorevelacionfm.cl\/wp-content\/uploads\/2024\/03\/APL1-1-1-600x450.jpeg 600w\" sizes=\"(max-width: 800px) 100vw, 800px\" \/><\/div><\/div><\/div><\/div><div class=\"flex_column av_one_full  flex_column_div av-zero-column-padding first  avia-builder-el-2  el_after_av_one_full  el_before_av_one_full  column-top-margin\" style='border-radius:0px; '><section class=\"av_textblock_section \"  itemscope=\"itemscope\" itemtype=\"https:\/\/schema.org\/BlogPosting\" itemprop=\"blogPost\" ><div class='avia_textblock  '   itemprop=\"text\" ><p style=\"text-align: center;\"><strong><span style=\"font-size: 18pt;\">Talleres participativos en el marco del Acuerdo de Producci\u00f3n Limpia (APL) \u00abManejo Sustentable de Bosque Nativo y Procesamiento de Biomasa de Calidad\u00bb<\/span><\/strong><\/p>\n<div id=\"gtx-trans\" style=\"position: absolute; left: -50px; top: 4.31534px;\">\n<div class=\"gtx-trans-icon\"><\/div>\n<\/div>\n<\/div><\/section><\/div><div class=\"flex_column av_one_full  flex_column_div av-zero-column-padding first  avia-builder-el-4  el_after_av_one_full  el_before_av_hr  column-top-margin\" style='border-radius:0px; '><section class=\"av_textblock_section \"  itemscope=\"itemscope\" itemtype=\"https:\/\/schema.org\/BlogPosting\" itemprop=\"blogPost\" ><div class='avia_textblock  '   itemprop=\"text\" ><p style=\"text-align: justify;\"><em>En un esfuerzo colaborativo que marca un hito en el desarrollo sostenible de Coyhaique, se han llevado a cabo talleres participativos, demostrando un avance significativo en la consolidaci\u00f3n de buenas pr\u00e1cticas forestales en la regi\u00f3n.<\/em><\/p>\n<p style=\"text-align: justify;\">Los eventos, respaldados por la Agencia de Sustentabilidad y Cambio Clim\u00e1tico (ASCC), reunieron a diversos actores del sector forestal con el objetivo de identificar sus motivaciones para participar en este acuerdo, revisar y complementar el esquema causal de problemas del APL, fortaleciendo as\u00ed el manejo sustentable del bosque nativo de Mano Negra y \u00d1irehuao. Destac\u00f3 la participaci\u00f3n activa del consorcio de empresas forestales; EcoBosque SpA, Bajo Hondo SpA y El Richard 22 SpA, as\u00ed como de potenciales suscriptores interesados \u200b\u200ben sumarse a la iniciativa.<\/p>\n<p style=\"text-align: justify;\">El encuentro cont\u00f3 con la presencia de destacados representantes de Servicios P\u00fablicos, incluyendo al Seremi de Agricultura y Seremi de Econom\u00eda, funcionarios de las Seremis de Energ\u00eda y Medioambiente, as\u00ed como los servicios de CONAF, INFOR, INDAP y CORFO, quienes expresaron su sincero inter\u00e9s en contribuir al desarrollo de la econom\u00eda campesina mediante el manejo forestal sustentable.<\/p>\n<p style=\"text-align: justify;\">En el segundo taller, se present\u00f3 un an\u00e1lisis FODA que sirvi\u00f3 como base para debatir ideas y perspectivas destinadas a fortalecer la propuesta del APL. Temas cruciales como la falta de acceso a informaci\u00f3n, la diversificaci\u00f3n de productos y la certificaci\u00f3n de calidad de la le\u00f1a fueron discutidos en profundidad. Adem\u00e1s, se destac\u00f3 la importancia de abordar la accesibilidad al bosque, la planificaci\u00f3n a largo plazo y la coordinaci\u00f3n interinstitucional para identificar nuevas oportunidades de negocio.<\/p>\n<p style=\"text-align: justify;\">El Seremi de Agricultura, Eugenio Ruiz Espinoza, destac\u00f3 la importancia de esta instancia: <em>\u201cEste tipo de instrumentos promueven las buenas pr\u00e1cticas forestales, son importantes para conservar la biodiversidad y aprovechar de manera sostenible los recursos naturales. Adem\u00e1s, impulsa la adopci\u00f3n de tecnolog\u00edas en el procesamiento de la biomasa, generando oportunidades econ\u00f3micas y fortaleciendo la colaboraci\u00f3n entre los sectores p\u00fablicos y privados\u201d.<\/em><\/p>\n<p style=\"text-align: justify;\">As\u00ed mismo, el Seremi de Econom\u00eda, Felipe Rojas, agreg\u00f3 que: <em>\u201cUn Acuerdo de Producci\u00f3n Limpia como este, se convierte en un instrumento de gesti\u00f3n p\u00fablica de alta relevancia, pues fomentar\u00e1 que tanto organizaciones, como servicios p\u00fablicos a trav\u00e9s de su compromiso en convenios voluntarios, incrementen su competitividad y a la vez, contribuyan de mejor manera al desarrollo sustentable del sector donde se desarrollan. A su vez, impulsa de manera decidida la diversificaci\u00f3n del sector forestal, econ\u00f3mico, social y ambiental mediante la implementaci\u00f3n de esta hoja de ruta, que a su vez invita a innovar en un marco de sostenibilidad, que como gobierno es precisamente lo que buscamos, con especial \u00e9nfasis en el desarrollo de la econom\u00eda\u201d.<\/em><\/p>\n<p style=\"text-align: justify;\">Por su parte, Jos\u00e9 Ignacio Aguilar, Presidente del consorcio impulsor del APL en Coyhaique, se\u00f1al\u00f3: \u00ab<em>Este acuerdo no s\u00f3lo nos permitir\u00e1 mejorar nuestros est\u00e1ndares de calidad en la le\u00f1a, sino que tambi\u00e9n contribuir\u00e1 con el cuidado del medio ambiente y colaborar\u00e1 con el plan de descontaminaci\u00f3n atmosf\u00e9rica para las ciudades de Coyhaique y Ays\u00e9n\u00bb.<\/em><\/p>\n<p style=\"text-align: justify;\">Ambos talleres, coordinados por las consultoras regionales Agroplan y Sigmar, representan un esfuerzo conjunto que refleja un avance significativo hacia un manejo forestal m\u00e1s responsable y sostenible en Coyhaique, uniendo al sector p\u00fablico y privado en la b\u00fasqueda de una actividad sustentable que beneficie tanto a la comunidad como al medio ambiente.<\/p>\n<\/div><\/section><\/div><div  style='height:50px' class='hr hr-invisible   avia-builder-el-6  el_after_av_one_full  el_before_av_social_share '><span class='hr-inner ' ><span class='hr-inner-style'><\/span><\/span><\/div><\/p>\n<div  class='av-social-sharing-box  avia-builder-el-7  el_after_av_hr  el_before_av_hr  '><div class='av-share-box'><h5 class='av-share-link-description av-no-toc '>Compartir esta noticia<\/h5><ul class='av-share-box-list noLightbox'><li class='av-share-link av-social-link-facebook' ><a target=\"_blank\" aria-label=\"Compartir en Facebook\" href='https:\/\/www.facebook.com\/sharer.php?u=https:\/\/radiorevelacionfm.cl\/?p=40471&#038;t=Talleres%20participativos%20en%20el%20marco%20del%20Acuerdo%20de%20Producci%C3%B3n%20Limpia%20%28APL%29%20%C2%ABManejo%20Sustentable%20de%20Bosque%20Nativo%20y%20Procesamiento%20de%20Biomasa%20de%20Calidad%C2%BB' aria-hidden='false' data-av_icon='\ue8f3' data-av_iconfont='entypo-fontello' title='' data-avia-related-tooltip='Compartir en Facebook' rel=\"noopener\"><span class='avia_hidden_link_text'>Compartir en Facebook<\/span><\/a><\/li><li class='av-share-link av-social-link-twitter' ><a target=\"_blank\" aria-label=\"Compartir en Twitter\" href='https:\/\/twitter.com\/share?text=Talleres%20participativos%20en%20el%20marco%20del%20Acuerdo%20de%20Producci%C3%B3n%20Limpia%20%28APL%29%20%C2%ABManejo%20Sustentable%20de%20Bosque%20Nativo%20y%20Procesamiento%20de%20Biomasa%20de%20Calidad%C2%BB&#038;url=https:\/\/radiorevelacionfm.cl\/?p=40471' aria-hidden='false' data-av_icon='\ue8f1' data-av_iconfont='entypo-fontello' title='' data-avia-related-tooltip='Compartir en Twitter' rel=\"noopener\"><span class='avia_hidden_link_text'>Compartir en Twitter<\/span><\/a><\/li><li class='av-share-link av-social-link-whatsapp' ><a target=\"_blank\" aria-label=\"Compartir en Whatsapp\" href='https:\/\/api.whatsapp.com\/send?text=https:\/\/radiorevelacionfm.cl\/?p=40471' aria-hidden='false' data-av_icon='\uf232' data-av_iconfont='entypo-fontello' title='' data-avia-related-tooltip='Compartir en Whatsapp' rel=\"noopener\"><span class='avia_hidden_link_text'>Compartir en Whatsapp<\/span><\/a><\/li><li class='av-share-link av-social-link-linkedin' ><a target=\"_blank\" aria-label=\"Compartir en LinkedIn\" href='https:\/\/linkedin.com\/shareArticle?mini=true&#038;title=Talleres%20participativos%20en%20el%20marco%20del%20Acuerdo%20de%20Producci%C3%B3n%20Limpia%20%28APL%29%20%C2%ABManejo%20Sustentable%20de%20Bosque%20Nativo%20y%20Procesamiento%20de%20Biomasa%20de%20Calidad%C2%BB&#038;url=https:\/\/radiorevelacionfm.cl\/?p=40471' aria-hidden='false' data-av_icon='\ue8fc' data-av_iconfont='entypo-fontello' title='' data-avia-related-tooltip='Compartir en LinkedIn' rel=\"noopener\"><span class='avia_hidden_link_text'>Compartir en LinkedIn<\/span><\/a><\/li><li class='av-share-link av-social-link-mail' ><a  aria-label=\"Compartir por correo\" href='mailto:?subject=Talleres%20participativos%20en%20el%20marco%20del%20Acuerdo%20de%20Producci%C3%B3n%20Limpia%20%28APL%29%20%C2%ABManejo%20Sustentable%20de%20Bosque%20Nativo%20y%20Procesamiento%20de%20Biomasa%20de%20Calidad%C2%BB&#038;body=https:\/\/radiorevelacionfm.cl\/?p=40471' aria-hidden='false' data-av_icon='\ue805' data-av_iconfont='entypo-fontello' title='' data-avia-related-tooltip='Compartir por correo'><span class='avia_hidden_link_text'>Compartir por correo<\/span><\/a><\/li><\/ul><\/div><\/div>\n<div  style='height:50px' class='hr hr-invisible   avia-builder-el-8  el_after_av_social_share  el_before_av_comments_list '><span class='hr-inner ' ><span class='hr-inner-style'><\/span><\/span><\/div>\n<div  class='av-buildercomment  av-blog-meta-html-info-disabled av-blog-meta-tag-disabled  '><\/div>\n","protected":false},"excerpt":{"rendered":"","protected":false},"author":1,"featured_media":40472,"comment_status":"open","ping_status":"open","sticky":false,"template":"","format":"standard","meta":{"footnotes":""},"categories":[38],"tags":[],"class_list":["post-40471","post","type-post","status-publish","format-standard","has-post-thumbnail","hentry","category-regional"],"jetpack_featured_media_url":"https:\/\/radiorevelacionfm.cl\/wp-content\/uploads\/2024\/03\/APL1-1-1.jpeg","_links":{"self":[{"href":"https:\/\/radiorevelacionfm.cl\/index.php?rest_route=\/wp\/v2\/posts\/40471","targetHints":{"allow":["GET"]}}],"collection":[{"href":"https:\/\/radiorevelacionfm.cl\/index.php?rest_route=\/wp\/v2\/posts"}],"about":[{"href":"https:\/\/radiorevelacionfm.cl\/index.php?rest_route=\/wp\/v2\/types\/post"}],"author":[{"embeddable":true,"href":"https:\/\/radiorevelacionfm.cl\/index.php?rest_route=\/wp\/v2\/users\/1"}],"replies":[{"embeddable":true,"href":"https:\/\/radiorevelacionfm.cl\/index.php?rest_route=%2Fwp%2Fv2%2Fcomments&post=40471"}],"version-history":[{"count":1,"href":"https:\/\/radiorevelacionfm.cl\/index.php?rest_route=\/wp\/v2\/posts\/40471\/revisions"}],"predecessor-version":[{"id":40473,"href":"https:\/\/radiorevelacionfm.cl\/index.php?rest_route=\/wp\/v2\/posts\/40471\/revisions\/40473"}],"wp:featuredmedia":[{"embeddable":true,"href":"https:\/\/radiorevelacionfm.cl\/index.php?rest_route=\/wp\/v2\/media\/40472"}],"wp:attachment":[{"href":"https:\/\/radiorevelacionfm.cl\/index.php?rest_route=%2Fwp%2Fv2%2Fmedia&parent=40471"}],"wp:term":[{"taxonomy":"category","embeddable":true,"href":"https:\/\/radiorevelacionfm.cl\/index.php?rest_route=%2Fwp%2Fv2%2Fcategories&post=40471"},{"taxonomy":"post_tag","embeddable":true,"href":"https:\/\/radiorevelacionfm.cl\/index.php?rest_route=%2Fwp%2Fv2%2Ftags&post=40471"}],"curies":[{"name":"wp","href":"https:\/\/api.w.org\/{rel}","templated":true}]}}