{"id":40465,"date":"2024-03-19T15:15:57","date_gmt":"2024-03-19T18:15:57","guid":{"rendered":"https:\/\/radiorevelacionfm.cl\/?p=40465"},"modified":"2024-03-19T15:15:57","modified_gmt":"2024-03-19T18:15:57","slug":"bienes-nacionales-concretara-transferencia-gratuita-de-inmueble-donde-se-emplaza-el-centro-diurno-de-melinka","status":"publish","type":"post","link":"https:\/\/radiorevelacionfm.cl\/?p=40465","title":{"rendered":"Bienes Nacionales concretar\u00e1 transferencia gratuita de inmueble donde se emplaza el Centro Diurno de Melinka"},"content":{"rendered":"<div class=\"flex_column av_one_full  flex_column_div av-zero-column-padding first  avia-builder-el-0  el_before_av_one_full  avia-builder-el-first  \" style='border-radius:0px; '><div  class='avia-image-container  av-styling-    avia-builder-el-1  avia-builder-el-no-sibling  avia-align-center '  itemprop=\"image\" itemscope=\"itemscope\" itemtype=\"https:\/\/schema.org\/ImageObject\"  ><div class='avia-image-container-inner'><div class='avia-image-overlay-wrap'><img decoding=\"async\" class='wp-image-40468 avia-img-lazy-loading-not-40468 avia_image' src=\"https:\/\/radiorevelacionfm.cl\/wp-content\/uploads\/2024\/03\/nuevo-centro-diurno-1_optimized.jpg\" alt='' title='nuevo-centro-diurno-(1)_optimized' height=\"600\" width=\"800\"  itemprop=\"thumbnailUrl\" srcset=\"https:\/\/radiorevelacionfm.cl\/wp-content\/uploads\/2024\/03\/nuevo-centro-diurno-1_optimized.jpg 800w, https:\/\/radiorevelacionfm.cl\/wp-content\/uploads\/2024\/03\/nuevo-centro-diurno-1_optimized-300x225.jpg 300w, https:\/\/radiorevelacionfm.cl\/wp-content\/uploads\/2024\/03\/nuevo-centro-diurno-1_optimized-768x576.jpg 768w, https:\/\/radiorevelacionfm.cl\/wp-content\/uploads\/2024\/03\/nuevo-centro-diurno-1_optimized-705x529.jpg 705w, https:\/\/radiorevelacionfm.cl\/wp-content\/uploads\/2024\/03\/nuevo-centro-diurno-1_optimized-450x338.jpg 450w, https:\/\/radiorevelacionfm.cl\/wp-content\/uploads\/2024\/03\/nuevo-centro-diurno-1_optimized-600x450.jpg 600w\" sizes=\"(max-width: 800px) 100vw, 800px\" \/><\/div><\/div><\/div><\/div><div class=\"flex_column av_one_full  flex_column_div av-zero-column-padding first  avia-builder-el-2  el_after_av_one_full  el_before_av_one_full  column-top-margin\" style='border-radius:0px; '><section class=\"av_textblock_section \"  itemscope=\"itemscope\" itemtype=\"https:\/\/schema.org\/BlogPosting\" itemprop=\"blogPost\" ><div class='avia_textblock  '   itemprop=\"text\" ><p style=\"text-align: center;\"><span style=\"font-size: 18pt;\"><strong>Bienes Nacionales concretar\u00e1 transferencia gratuita de inmueble donde se emplaza el Centro Diurno de Melinka<\/strong><\/span><\/p>\n<div id=\"gtx-trans\" style=\"position: absolute; left: -50px; top: 4.31534px;\">\n<div class=\"gtx-trans-icon\"><\/div>\n<\/div>\n<\/div><\/section><\/div><\/p>\n<div class=\"flex_column av_one_full  flex_column_div av-zero-column-padding first  avia-builder-el-4  el_after_av_one_full  el_before_av_hr  column-top-margin\" style='border-radius:0px; '><section class=\"av_textblock_section \"  itemscope=\"itemscope\" itemtype=\"https:\/\/schema.org\/BlogPosting\" itemprop=\"blogPost\" ><div class='avia_textblock  '   itemprop=\"text\" ><p style=\"text-align: justify;\">Conscientes de las dificultades que viven las y los adultos mayores del pa\u00eds y m\u00e1s en las zonas extremas como nuestra regi\u00f3n, el Ministerio de Bienes Nacionales evalu\u00f3 de forma positiva la solicitud del alcalde de Guaitecas, Marcos Silva Miranda, para que la Municipalidad obtenga el dominio del inmueble donde se emplaza el Centro Diurno de Melinka.<\/p>\n<p style=\"text-align: justify;\">La buena noticia fue entregada por la Seremi Irina Morend Valdebenito, quien, junto al alcalde, firmaron escrituras que confirman la transferencia gratuita del inmueble, en la Primera Notar\u00eda de Coyhaique. \u201cEste tipo de transferencias se enmarcan en nuestros lineamientos ministeriales, de acuerdo a apoyar a los territorios aislados a trav\u00e9s de las municipalidades para que puedan tener infraestructura p\u00fablica, infraestructura social, como parte de nuestros lineamientos de los usos comunitarios de los inmuebles fiscales\u201d, sostuvo.<\/p>\n<p style=\"text-align: justify;\">Por su parte, el l\u00edder comunal de Guaitecas, coment\u00f3 que \u201cuna de las cosas que sol\u00eda pasar, es que la mayor\u00eda de terrenos donde se constru\u00eda contaban solo con permisos provisorios y finalmente quedaban ah\u00ed. No hab\u00eda qui\u00e9n recogiera el guante para poder regularizar y ese trabajo hemos hecho. Destacamos el compromiso que tiene la Seremi con esta Municipalidad y con Melinka y c\u00f3mo regularizamos hoy en d\u00eda y con nuestros adultos mayores\u201d dijo Marcos Silva.<\/p>\n<p style=\"text-align: justify;\">Destacando estas acciones, Silva entreg\u00f3 m\u00e1s detalles sobre la infraestructura p\u00fablica. \u201cDonde est\u00e1 emplazado este centro, hemos construido una infraestructura nueva, con un proyecto FRIL del Gobierno Regional, m\u00e1s de 134 millones de pesos. Nuestros viejitos y viejitas van a tener su espacio para poder ir a compartir. Estamos felices por estar ac\u00e1\u201d, se\u00f1al\u00f3 el alcalde, agradeciendo al Ministerio de Bienes Nacionales por la segunda transferencia gratuita que como Municipalidad han recibido durante estos dos a\u00f1os de Gobierno.<\/p>\n<p style=\"text-align: justify;\">Morend Valdebenito igualmente indic\u00f3 \u201cEstamos felices de poder colaborar con los adultos mayores de Guaitecas porque sabemos que son actores importantes y son portadores de historia de la comuna. Ellos conocen todo el contexto cultural y muchos de ellos probablemente son primeros pobladores y algunos, descendientes de los primeros pobladores y entendemos que hay que tratarlos con cari\u00f1o, dedicaci\u00f3n y compromiso\u201d, expres\u00f3 la autoridad regional de la cartera de Bienes Nacionales.<\/p>\n<p style=\"text-align: justify;\">Fue en noviembre de 2022 que se anunci\u00f3 el financiamiento v\u00eda FRIL para la construcci\u00f3n de este Centro Diurno, el cual ya ven\u00eda funcionando hace varios a\u00f1os en Melinka como un espacio abierto a las personas mayores, en el que durante el d\u00eda pueden desarrollar diversas actividades, como talleres y actividades recreativas y en el cual adem\u00e1s reciben una atenci\u00f3n integral.<\/p>\n<p style=\"text-align: justify;\">Actualmente, este Centro que implic\u00f3 levantar una nueva construcci\u00f3n con espacios totalmente renovados, como cociner\u00eda, fog\u00f3n, \u00e1rea para talleres, espacios comunes y ba\u00f1os adaptados, se encuentra en proceso de recepci\u00f3n de obras para poder entrar en funcionamiento y beneficiar a decenas de personas mayores.<\/p>\n<p style=\"text-align: justify;\">Finalmente, es importante se\u00f1alar que esta y otras acciones desarrolladas como Ministerio de Bienes Nacionales en el territorio, son parte del compromiso asumido en la mesa denominada Plan Especial Guaitecas, donde se busca ir avanzando hacia el desarrollo de la comuna mediante acciones que permitan regularizar proyectos sobre inmuebles fiscales.<\/p>\n<\/div><\/section><\/div>\n<div  style='height:50px' class='hr hr-invisible   avia-builder-el-6  el_after_av_one_full  el_before_av_social_share '><span class='hr-inner ' ><span class='hr-inner-style'><\/span><\/span><\/div>\n<div  class='av-social-sharing-box  avia-builder-el-7  el_after_av_hr  el_before_av_hr  '><div class='av-share-box'><h5 class='av-share-link-description av-no-toc '>Compartir esta noticia<\/h5><ul class='av-share-box-list noLightbox'><li class='av-share-link av-social-link-facebook' ><a target=\"_blank\" aria-label=\"Compartir en Facebook\" href='https:\/\/www.facebook.com\/sharer.php?u=https:\/\/radiorevelacionfm.cl\/?p=40465&#038;t=Bienes%20Nacionales%20concretar%C3%A1%20transferencia%20gratuita%20de%20inmueble%20donde%20se%20emplaza%20el%20Centro%20Diurno%20de%20Melinka' aria-hidden='false' data-av_icon='\ue8f3' data-av_iconfont='entypo-fontello' title='' data-avia-related-tooltip='Compartir en Facebook' rel=\"noopener\"><span class='avia_hidden_link_text'>Compartir en Facebook<\/span><\/a><\/li><li class='av-share-link av-social-link-twitter' ><a target=\"_blank\" aria-label=\"Compartir en Twitter\" href='https:\/\/twitter.com\/share?text=Bienes%20Nacionales%20concretar%C3%A1%20transferencia%20gratuita%20de%20inmueble%20donde%20se%20emplaza%20el%20Centro%20Diurno%20de%20Melinka&#038;url=https:\/\/radiorevelacionfm.cl\/?p=40465' aria-hidden='false' data-av_icon='\ue8f1' data-av_iconfont='entypo-fontello' title='' data-avia-related-tooltip='Compartir en Twitter' rel=\"noopener\"><span class='avia_hidden_link_text'>Compartir en Twitter<\/span><\/a><\/li><li class='av-share-link av-social-link-whatsapp' ><a target=\"_blank\" aria-label=\"Compartir en Whatsapp\" href='https:\/\/api.whatsapp.com\/send?text=https:\/\/radiorevelacionfm.cl\/?p=40465' aria-hidden='false' data-av_icon='\uf232' data-av_iconfont='entypo-fontello' title='' data-avia-related-tooltip='Compartir en Whatsapp' rel=\"noopener\"><span class='avia_hidden_link_text'>Compartir en Whatsapp<\/span><\/a><\/li><li class='av-share-link av-social-link-linkedin' ><a target=\"_blank\" aria-label=\"Compartir en LinkedIn\" href='https:\/\/linkedin.com\/shareArticle?mini=true&#038;title=Bienes%20Nacionales%20concretar%C3%A1%20transferencia%20gratuita%20de%20inmueble%20donde%20se%20emplaza%20el%20Centro%20Diurno%20de%20Melinka&#038;url=https:\/\/radiorevelacionfm.cl\/?p=40465' aria-hidden='false' data-av_icon='\ue8fc' data-av_iconfont='entypo-fontello' title='' data-avia-related-tooltip='Compartir en LinkedIn' rel=\"noopener\"><span class='avia_hidden_link_text'>Compartir en LinkedIn<\/span><\/a><\/li><li class='av-share-link av-social-link-mail' ><a  aria-label=\"Compartir por correo\" href='mailto:?subject=Bienes%20Nacionales%20concretar%C3%A1%20transferencia%20gratuita%20de%20inmueble%20donde%20se%20emplaza%20el%20Centro%20Diurno%20de%20Melinka&#038;body=https:\/\/radiorevelacionfm.cl\/?p=40465' aria-hidden='false' data-av_icon='\ue805' data-av_iconfont='entypo-fontello' title='' data-avia-related-tooltip='Compartir por correo'><span class='avia_hidden_link_text'>Compartir por correo<\/span><\/a><\/li><\/ul><\/div><\/div>\n<div  style='height:50px' class='hr hr-invisible   avia-builder-el-8  el_after_av_social_share  el_before_av_comments_list '><span class='hr-inner ' ><span class='hr-inner-style'><\/span><\/span><\/div>\n<div  class='av-buildercomment  av-blog-meta-html-info-disabled av-blog-meta-tag-disabled  '><\/div>\n","protected":false},"excerpt":{"rendered":"","protected":false},"author":1,"featured_media":40468,"comment_status":"open","ping_status":"open","sticky":false,"template":"","format":"standard","meta":{"footnotes":""},"categories":[38],"tags":[],"class_list":["post-40465","post","type-post","status-publish","format-standard","has-post-thumbnail","hentry","category-regional"],"jetpack_featured_media_url":"https:\/\/radiorevelacionfm.cl\/wp-content\/uploads\/2024\/03\/nuevo-centro-diurno-1_optimized.jpg","_links":{"self":[{"href":"https:\/\/radiorevelacionfm.cl\/index.php?rest_route=\/wp\/v2\/posts\/40465","targetHints":{"allow":["GET"]}}],"collection":[{"href":"https:\/\/radiorevelacionfm.cl\/index.php?rest_route=\/wp\/v2\/posts"}],"about":[{"href":"https:\/\/radiorevelacionfm.cl\/index.php?rest_route=\/wp\/v2\/types\/post"}],"author":[{"embeddable":true,"href":"https:\/\/radiorevelacionfm.cl\/index.php?rest_route=\/wp\/v2\/users\/1"}],"replies":[{"embeddable":true,"href":"https:\/\/radiorevelacionfm.cl\/index.php?rest_route=%2Fwp%2Fv2%2Fcomments&post=40465"}],"version-history":[{"count":2,"href":"https:\/\/radiorevelacionfm.cl\/index.php?rest_route=\/wp\/v2\/posts\/40465\/revisions"}],"predecessor-version":[{"id":40469,"href":"https:\/\/radiorevelacionfm.cl\/index.php?rest_route=\/wp\/v2\/posts\/40465\/revisions\/40469"}],"wp:featuredmedia":[{"embeddable":true,"href":"https:\/\/radiorevelacionfm.cl\/index.php?rest_route=\/wp\/v2\/media\/40468"}],"wp:attachment":[{"href":"https:\/\/radiorevelacionfm.cl\/index.php?rest_route=%2Fwp%2Fv2%2Fmedia&parent=40465"}],"wp:term":[{"taxonomy":"category","embeddable":true,"href":"https:\/\/radiorevelacionfm.cl\/index.php?rest_route=%2Fwp%2Fv2%2Fcategories&post=40465"},{"taxonomy":"post_tag","embeddable":true,"href":"https:\/\/radiorevelacionfm.cl\/index.php?rest_route=%2Fwp%2Fv2%2Ftags&post=40465"}],"curies":[{"name":"wp","href":"https:\/\/api.w.org\/{rel}","templated":true}]}}