{"id":40462,"date":"2024-03-19T11:25:03","date_gmt":"2024-03-19T14:25:03","guid":{"rendered":"https:\/\/radiorevelacionfm.cl\/?p=40462"},"modified":"2024-03-19T11:25:03","modified_gmt":"2024-03-19T14:25:03","slug":"en-coyhaique-y-puerto-aysen-se-celebro-el-dia-internacional-del-consumidor","status":"publish","type":"post","link":"https:\/\/radiorevelacionfm.cl\/?p=40462","title":{"rendered":"En Coyhaique y Puerto Ays\u00e9n se celebr\u00f3 el \u201cD\u00eda internacional del Consumidor\u201d"},"content":{"rendered":"<div class=\"flex_column av_one_full  flex_column_div av-zero-column-padding first  avia-builder-el-0  el_before_av_one_full  avia-builder-el-first  \" style='border-radius:0px; '><div  class='avia-image-container  av-styling-    avia-builder-el-1  avia-builder-el-no-sibling  avia-align-center '  itemprop=\"image\" itemscope=\"itemscope\" itemtype=\"https:\/\/schema.org\/ImageObject\"  ><div class='avia-image-container-inner'><div class='avia-image-overlay-wrap'><img decoding=\"async\" class='wp-image-40463 avia-img-lazy-loading-not-40463 avia_image' src=\"https:\/\/radiorevelacionfm.cl\/wp-content\/uploads\/2024\/03\/plazasernac3-1_optimized-1.jpg\" alt='' title='plazasernac3-(1)_optimized (1)' height=\"665\" width=\"803\"  itemprop=\"thumbnailUrl\" srcset=\"https:\/\/radiorevelacionfm.cl\/wp-content\/uploads\/2024\/03\/plazasernac3-1_optimized-1.jpg 803w, https:\/\/radiorevelacionfm.cl\/wp-content\/uploads\/2024\/03\/plazasernac3-1_optimized-1-300x248.jpg 300w, https:\/\/radiorevelacionfm.cl\/wp-content\/uploads\/2024\/03\/plazasernac3-1_optimized-1-768x636.jpg 768w, https:\/\/radiorevelacionfm.cl\/wp-content\/uploads\/2024\/03\/plazasernac3-1_optimized-1-705x584.jpg 705w, https:\/\/radiorevelacionfm.cl\/wp-content\/uploads\/2024\/03\/plazasernac3-1_optimized-1-450x373.jpg 450w, https:\/\/radiorevelacionfm.cl\/wp-content\/uploads\/2024\/03\/plazasernac3-1_optimized-1-600x497.jpg 600w\" sizes=\"(max-width: 803px) 100vw, 803px\" \/><\/div><\/div><\/div><\/div><div class=\"flex_column av_one_full  flex_column_div av-zero-column-padding first  avia-builder-el-2  el_after_av_one_full  el_before_av_one_full  column-top-margin\" style='border-radius:0px; '><section class=\"av_textblock_section \"  itemscope=\"itemscope\" itemtype=\"https:\/\/schema.org\/BlogPosting\" itemprop=\"blogPost\" ><div class='avia_textblock  '   itemprop=\"text\" ><p style=\"text-align: center;\"><span style=\"font-size: 18pt;\"><strong>En Coyhaique y Puerto Ays\u00e9n se celebr\u00f3 el \u201cD\u00eda internacional del Consumidor\u201d <\/strong><\/span><\/p>\n<p><strong>\u00a0<\/strong><\/p>\n<div id=\"gtx-trans\" style=\"position: absolute; left: -50px; top: 4.31534px;\">\n<div class=\"gtx-trans-icon\"><\/div>\n<\/div>\n<\/div><\/section><\/div><div class=\"flex_column av_one_full  flex_column_div av-zero-column-padding first  avia-builder-el-4  el_after_av_one_full  el_before_av_hr  column-top-margin\" style='border-radius:0px; '><section class=\"av_textblock_section \"  itemscope=\"itemscope\" itemtype=\"https:\/\/schema.org\/BlogPosting\" itemprop=\"blogPost\" ><div class='avia_textblock  '   itemprop=\"text\" ><p style=\"text-align: justify;\">El pasado 15 de marzo se conmemor\u00f3 el \u201cD\u00eda Mundial del Consumidor\u201d, hito de gran relevancia para la ciudadan\u00eda, porque involucra a todas las personas, ya que todas y todos somos consumidoras y consumidores.<\/p>\n<p style=\"text-align: justify;\">A\u00f1o tras a\u00f1o, esta celebraci\u00f3n cobra mayor relevancia, pues la ciudadan\u00eda est\u00e1 cada vez m\u00e1s empoderada sobre sus derechos y se encuentran m\u00e1s dispuestos y dispuestas a ejercerlos.<\/p>\n<p style=\"text-align: justify;\">Para Sernac, esta conmemoraci\u00f3n es muy importante, porque representa un hito en el fortalecimiento de los derechos de las y los consumidores, pero tambi\u00e9n por la labor propia que desarrolla el servicio, el cual ejerce d\u00eda a d\u00eda todas sus facultades para proteger a las personas consumidoras en los diferentes \u00e1mbitos.<\/p>\n<p style=\"text-align: justify;\">En ese contexto el Seremi de Econom\u00eda; Felipe Rojas Pizarro relev\u00f3 la importancia\u00a0 de este hito y valor\u00f3 especialmente la tramitaci\u00f3n del Proyecto Sernac te Protege; \u201cEl D\u00eda Mundial del Consumidor es una instancia importante para el empoderamiento ciudadano y sus derechos en todos los \u00e1mbitos de consumo. Es por ello que Sernac Regi\u00f3n de Ays\u00e9n se despleg\u00f3 por el territorio para realizar una feria, un conversatorio y tambi\u00e9n fiscalizaciones. Por otro lado desde nuestro Gobierno, consideramos urgente robustecer las facultades de este organismo y en ese contexto valoramos la tramitaci\u00f3n del proyecto Sernac te Protege, el que ya fue aprobado en general por la Comisi\u00f3n de Econom\u00eda de la C\u00e1mara de Diputadas y Diputados, discusi\u00f3n que debiese retomarse a la brevedad en el Congreso. Esto nos permitir\u00e1 contar como pa\u00eds con una legislaci\u00f3n m\u00e1s robusta, pues se hace cargo de una brecha relevante que a\u00fan persiste, como lo es la resoluci\u00f3n de los problemas individuales que viven consumidores y consumidoras d\u00eda a d\u00eda, cuando no son escuchados por las empresas. As\u00ed emparejamos la cancha entre consumidores y organizaciones.\u201d<\/p>\n<p style=\"text-align: justify;\">El director regional Subrogante de Sernac; Ignacio Tello Cardone, puso sobre relieve las actividades realizadas: \u201cEste d\u00eda lo conmemoramos trabajando en terreno junto a la ciudadan\u00eda. En primer lugar, mediante una fiscalizaci\u00f3n presencial al comercio en el centro de Coyhaique, posteriormente realizamos una plaza ciudadana, donde resolvimos dudas de la ciudadan\u00eda, atendimos reclamos e informamos respecto a los avances de nuestro proyecto de ley. Posteriormente en horas de la tarde, nos trasladamos hasta Puerto Ays\u00e9n para realizar un conversatorio con vecinos, en medio del marco del d\u00eda mundial del consumidor, todas estas actividades con y para la ciudadan\u00eda\u201d.<\/p>\n<p style=\"text-align: justify;\">El D\u00eda Mundial del Consumidor, es una fecha que impl\u00edcitamente nos recuerda que la defensa de la seguridad y los intereses de las personas consumidoras, as\u00ed como conocer los derechos que las y los amparan, es una funci\u00f3n que deben resguardar todas las instituciones p\u00fablicas. En ese sentido es que Sernac, est\u00e1 constantemente vincul\u00e1ndose con el territorio a trav\u00e9s de una serie de instancias que invitan al di\u00e1logo y a informarse sobre los derechos que todas y todos, tenemos y debemos hacer valer y respetar.<\/p>\n<\/div><\/section><\/div><div  style='height:50px' class='hr hr-invisible   avia-builder-el-6  el_after_av_one_full  el_before_av_social_share '><span class='hr-inner ' ><span class='hr-inner-style'><\/span><\/span><\/div><\/p>\n<div  class='av-social-sharing-box  avia-builder-el-7  el_after_av_hr  el_before_av_hr  '><div class='av-share-box'><h5 class='av-share-link-description av-no-toc '>Compartir esta noticia<\/h5><ul class='av-share-box-list noLightbox'><li class='av-share-link av-social-link-facebook' ><a target=\"_blank\" aria-label=\"Compartir en Facebook\" href='https:\/\/www.facebook.com\/sharer.php?u=https:\/\/radiorevelacionfm.cl\/?p=40462&#038;t=En%20Coyhaique%20y%20Puerto%20Ays%C3%A9n%20se%20celebr%C3%B3%20el%20%E2%80%9CD%C3%ADa%20internacional%20del%20Consumidor%E2%80%9D' aria-hidden='false' data-av_icon='\ue8f3' data-av_iconfont='entypo-fontello' title='' data-avia-related-tooltip='Compartir en Facebook' rel=\"noopener\"><span class='avia_hidden_link_text'>Compartir en Facebook<\/span><\/a><\/li><li class='av-share-link av-social-link-twitter' ><a target=\"_blank\" aria-label=\"Compartir en Twitter\" href='https:\/\/twitter.com\/share?text=En%20Coyhaique%20y%20Puerto%20Ays%C3%A9n%20se%20celebr%C3%B3%20el%20%E2%80%9CD%C3%ADa%20internacional%20del%20Consumidor%E2%80%9D&#038;url=https:\/\/radiorevelacionfm.cl\/?p=40462' aria-hidden='false' data-av_icon='\ue8f1' data-av_iconfont='entypo-fontello' title='' data-avia-related-tooltip='Compartir en Twitter' rel=\"noopener\"><span class='avia_hidden_link_text'>Compartir en Twitter<\/span><\/a><\/li><li class='av-share-link av-social-link-whatsapp' ><a target=\"_blank\" aria-label=\"Compartir en Whatsapp\" href='https:\/\/api.whatsapp.com\/send?text=https:\/\/radiorevelacionfm.cl\/?p=40462' aria-hidden='false' data-av_icon='\uf232' data-av_iconfont='entypo-fontello' title='' data-avia-related-tooltip='Compartir en Whatsapp' rel=\"noopener\"><span class='avia_hidden_link_text'>Compartir en Whatsapp<\/span><\/a><\/li><li class='av-share-link av-social-link-linkedin' ><a target=\"_blank\" aria-label=\"Compartir en LinkedIn\" href='https:\/\/linkedin.com\/shareArticle?mini=true&#038;title=En%20Coyhaique%20y%20Puerto%20Ays%C3%A9n%20se%20celebr%C3%B3%20el%20%E2%80%9CD%C3%ADa%20internacional%20del%20Consumidor%E2%80%9D&#038;url=https:\/\/radiorevelacionfm.cl\/?p=40462' aria-hidden='false' data-av_icon='\ue8fc' data-av_iconfont='entypo-fontello' title='' data-avia-related-tooltip='Compartir en LinkedIn' rel=\"noopener\"><span class='avia_hidden_link_text'>Compartir en LinkedIn<\/span><\/a><\/li><li class='av-share-link av-social-link-mail' ><a  aria-label=\"Compartir por correo\" href='mailto:?subject=En%20Coyhaique%20y%20Puerto%20Ays%C3%A9n%20se%20celebr%C3%B3%20el%20%E2%80%9CD%C3%ADa%20internacional%20del%20Consumidor%E2%80%9D&#038;body=https:\/\/radiorevelacionfm.cl\/?p=40462' aria-hidden='false' data-av_icon='\ue805' data-av_iconfont='entypo-fontello' title='' data-avia-related-tooltip='Compartir por correo'><span class='avia_hidden_link_text'>Compartir por correo<\/span><\/a><\/li><\/ul><\/div><\/div>\n<div  style='height:50px' class='hr hr-invisible   avia-builder-el-8  el_after_av_social_share  el_before_av_comments_list '><span class='hr-inner ' ><span class='hr-inner-style'><\/span><\/span><\/div>\n<div  class='av-buildercomment  av-blog-meta-html-info-disabled av-blog-meta-tag-disabled  '><\/div>\n","protected":false},"excerpt":{"rendered":"","protected":false},"author":1,"featured_media":40463,"comment_status":"open","ping_status":"open","sticky":false,"template":"","format":"standard","meta":{"footnotes":""},"categories":[38],"tags":[],"class_list":["post-40462","post","type-post","status-publish","format-standard","has-post-thumbnail","hentry","category-regional"],"jetpack_featured_media_url":"https:\/\/radiorevelacionfm.cl\/wp-content\/uploads\/2024\/03\/plazasernac3-1_optimized-1.jpg","_links":{"self":[{"href":"https:\/\/radiorevelacionfm.cl\/index.php?rest_route=\/wp\/v2\/posts\/40462","targetHints":{"allow":["GET"]}}],"collection":[{"href":"https:\/\/radiorevelacionfm.cl\/index.php?rest_route=\/wp\/v2\/posts"}],"about":[{"href":"https:\/\/radiorevelacionfm.cl\/index.php?rest_route=\/wp\/v2\/types\/post"}],"author":[{"embeddable":true,"href":"https:\/\/radiorevelacionfm.cl\/index.php?rest_route=\/wp\/v2\/users\/1"}],"replies":[{"embeddable":true,"href":"https:\/\/radiorevelacionfm.cl\/index.php?rest_route=%2Fwp%2Fv2%2Fcomments&post=40462"}],"version-history":[{"count":1,"href":"https:\/\/radiorevelacionfm.cl\/index.php?rest_route=\/wp\/v2\/posts\/40462\/revisions"}],"predecessor-version":[{"id":40464,"href":"https:\/\/radiorevelacionfm.cl\/index.php?rest_route=\/wp\/v2\/posts\/40462\/revisions\/40464"}],"wp:featuredmedia":[{"embeddable":true,"href":"https:\/\/radiorevelacionfm.cl\/index.php?rest_route=\/wp\/v2\/media\/40463"}],"wp:attachment":[{"href":"https:\/\/radiorevelacionfm.cl\/index.php?rest_route=%2Fwp%2Fv2%2Fmedia&parent=40462"}],"wp:term":[{"taxonomy":"category","embeddable":true,"href":"https:\/\/radiorevelacionfm.cl\/index.php?rest_route=%2Fwp%2Fv2%2Fcategories&post=40462"},{"taxonomy":"post_tag","embeddable":true,"href":"https:\/\/radiorevelacionfm.cl\/index.php?rest_route=%2Fwp%2Fv2%2Ftags&post=40462"}],"curies":[{"name":"wp","href":"https:\/\/api.w.org\/{rel}","templated":true}]}}