{"id":40459,"date":"2024-03-18T21:20:47","date_gmt":"2024-03-19T00:20:47","guid":{"rendered":"https:\/\/radiorevelacionfm.cl\/?p=40459"},"modified":"2024-03-19T22:22:05","modified_gmt":"2024-03-20T01:22:05","slug":"dos-accidentes-se-registraron-esta-tarde-en-ruta-7-norte-cerca-de-la-junta","status":"publish","type":"post","link":"https:\/\/radiorevelacionfm.cl\/?p=40459","title":{"rendered":"Dos accidentes se registraron esta tarde en Ruta 7 Norte cerca de La Junta"},"content":{"rendered":"<div class=\"flex_column av_one_full  flex_column_div av-zero-column-padding first  avia-builder-el-0  el_before_av_one_full  avia-builder-el-first  \" style='border-radius:0px; '><div  class='avia-image-container  av-styling-    avia-builder-el-1  avia-builder-el-no-sibling  avia-align-center '  itemprop=\"image\" itemscope=\"itemscope\" itemtype=\"https:\/\/schema.org\/ImageObject\"  ><div class='avia-image-container-inner'><div class='avia-image-overlay-wrap'><img decoding=\"async\" class='wp-image-40460 avia-img-lazy-loading-not-40460 avia_image' src=\"https:\/\/radiorevelacionfm.cl\/wp-content\/uploads\/2024\/03\/432782437_929249155867646_2886727930831818369_n-1_optimized-1.jpg\" alt='' title='432782437_929249155867646_2886727930831818369_n-(1)_optimized (1)' height=\"800\" width=\"796\"  itemprop=\"thumbnailUrl\" srcset=\"https:\/\/radiorevelacionfm.cl\/wp-content\/uploads\/2024\/03\/432782437_929249155867646_2886727930831818369_n-1_optimized-1.jpg 796w, https:\/\/radiorevelacionfm.cl\/wp-content\/uploads\/2024\/03\/432782437_929249155867646_2886727930831818369_n-1_optimized-1-80x80.jpg 80w, https:\/\/radiorevelacionfm.cl\/wp-content\/uploads\/2024\/03\/432782437_929249155867646_2886727930831818369_n-1_optimized-1-768x772.jpg 768w, https:\/\/radiorevelacionfm.cl\/wp-content\/uploads\/2024\/03\/432782437_929249155867646_2886727930831818369_n-1_optimized-1-36x36.jpg 36w, https:\/\/radiorevelacionfm.cl\/wp-content\/uploads\/2024\/03\/432782437_929249155867646_2886727930831818369_n-1_optimized-1-180x180.jpg 180w, https:\/\/radiorevelacionfm.cl\/wp-content\/uploads\/2024\/03\/432782437_929249155867646_2886727930831818369_n-1_optimized-1-701x705.jpg 701w, https:\/\/radiorevelacionfm.cl\/wp-content\/uploads\/2024\/03\/432782437_929249155867646_2886727930831818369_n-1_optimized-1-120x120.jpg 120w, https:\/\/radiorevelacionfm.cl\/wp-content\/uploads\/2024\/03\/432782437_929249155867646_2886727930831818369_n-1_optimized-1-450x452.jpg 450w, https:\/\/radiorevelacionfm.cl\/wp-content\/uploads\/2024\/03\/432782437_929249155867646_2886727930831818369_n-1_optimized-1-600x603.jpg 600w, https:\/\/radiorevelacionfm.cl\/wp-content\/uploads\/2024\/03\/432782437_929249155867646_2886727930831818369_n-1_optimized-1-100x100.jpg 100w\" sizes=\"(max-width: 796px) 100vw, 796px\" \/><\/div><\/div><\/div><\/div>\n<div class=\"flex_column av_one_full  flex_column_div av-zero-column-padding first  avia-builder-el-2  el_after_av_one_full  el_before_av_one_full  column-top-margin\" style='border-radius:0px; '><section class=\"av_textblock_section \"  itemscope=\"itemscope\" itemtype=\"https:\/\/schema.org\/BlogPosting\" itemprop=\"blogPost\" ><div class='avia_textblock  '   itemprop=\"text\" ><p style=\"text-align: center;\"><strong><span style=\"font-size: 18pt;\">Dos accidentes se registraron esta tarde en Ruta 7 Norte cerca de La Junta<\/span><\/strong><\/p>\n<div id=\"gtx-trans\" style=\"position: absolute; left: -50px; top: 4.31534px;\">\n<div class=\"gtx-trans-icon\"><\/div>\n<\/div>\n<\/div><\/section><\/div>\n<div class=\"flex_column av_one_full  flex_column_div av-zero-column-padding first  avia-builder-el-4  el_after_av_one_full  el_before_av_hr  column-top-margin\" style='border-radius:0px; '><section class=\"av_textblock_section \"  itemscope=\"itemscope\" itemtype=\"https:\/\/schema.org\/BlogPosting\" itemprop=\"blogPost\" ><div class='avia_textblock  '   itemprop=\"text\" ><p style=\"text-align: justify;\">De acuerdo con informaci\u00f3n proporcionada por Carabineros de la localidad de La Junta, 02 accidentes se registraron esta tarde en la zona.<\/p>\n<p style=\"text-align: justify;\">El primero, alrededor de las 18:30 horas del d\u00eda de hoy, el cual involucr\u00f3 volcamiento de una camioneta particular en el sector Puente los Cesares, 02 personas resultaron con lesiones de car\u00e1cter reservado siendo trasladados y atendidos en Posta de La Junta.<\/p>\n<p style=\"text-align: justify;\">Posteriormente alrededor de las 19:40 horas, otro accidente ocurri\u00f3 entre la ruta Chait\u00e9n y La Junta, en el sector Puente El Aura.<\/p>\n<p style=\"text-align: justify;\">Por desperfecto mec\u00e1nico (revent\u00f3n de neum\u00e1tico) bus de pasajeros se sali\u00f3 de la ruta y choc\u00f3 con barrera de contenci\u00f3n de dicho puente. Donde qued\u00f3 pr\u00e1cticamente colgando a escasos centr\u00edmetros de caer al r\u00edo. Resultando 01 persona con lesiones de car\u00e1cter reservado.<\/p>\n<\/div><\/section><\/div><div  style='height:50px' class='hr hr-invisible   avia-builder-el-6  el_after_av_one_full  el_before_av_social_share '><span class='hr-inner ' ><span class='hr-inner-style'><\/span><\/span><\/div><\/p>\n<div  class='av-social-sharing-box  avia-builder-el-7  el_after_av_hr  el_before_av_hr  '><div class='av-share-box'><h5 class='av-share-link-description av-no-toc '>Compartir esta noticia<\/h5><ul class='av-share-box-list noLightbox'><li class='av-share-link av-social-link-facebook' ><a target=\"_blank\" aria-label=\"Compartir en Facebook\" href='https:\/\/www.facebook.com\/sharer.php?u=https:\/\/radiorevelacionfm.cl\/?p=40459&#038;t=Dos%20accidentes%20se%20registraron%20esta%20tarde%20en%20Ruta%207%20Norte%20cerca%20de%20La%20Junta' aria-hidden='false' data-av_icon='\ue8f3' data-av_iconfont='entypo-fontello' title='' data-avia-related-tooltip='Compartir en Facebook' rel=\"noopener\"><span class='avia_hidden_link_text'>Compartir en Facebook<\/span><\/a><\/li><li class='av-share-link av-social-link-twitter' ><a target=\"_blank\" aria-label=\"Compartir en Twitter\" href='https:\/\/twitter.com\/share?text=Dos%20accidentes%20se%20registraron%20esta%20tarde%20en%20Ruta%207%20Norte%20cerca%20de%20La%20Junta&#038;url=https:\/\/radiorevelacionfm.cl\/?p=40459' aria-hidden='false' data-av_icon='\ue8f1' data-av_iconfont='entypo-fontello' title='' data-avia-related-tooltip='Compartir en Twitter' rel=\"noopener\"><span class='avia_hidden_link_text'>Compartir en Twitter<\/span><\/a><\/li><li class='av-share-link av-social-link-whatsapp' ><a target=\"_blank\" aria-label=\"Compartir en Whatsapp\" href='https:\/\/api.whatsapp.com\/send?text=https:\/\/radiorevelacionfm.cl\/?p=40459' aria-hidden='false' data-av_icon='\uf232' data-av_iconfont='entypo-fontello' title='' data-avia-related-tooltip='Compartir en Whatsapp' rel=\"noopener\"><span class='avia_hidden_link_text'>Compartir en Whatsapp<\/span><\/a><\/li><li class='av-share-link av-social-link-linkedin' ><a target=\"_blank\" aria-label=\"Compartir en LinkedIn\" href='https:\/\/linkedin.com\/shareArticle?mini=true&#038;title=Dos%20accidentes%20se%20registraron%20esta%20tarde%20en%20Ruta%207%20Norte%20cerca%20de%20La%20Junta&#038;url=https:\/\/radiorevelacionfm.cl\/?p=40459' aria-hidden='false' data-av_icon='\ue8fc' data-av_iconfont='entypo-fontello' title='' data-avia-related-tooltip='Compartir en LinkedIn' rel=\"noopener\"><span class='avia_hidden_link_text'>Compartir en LinkedIn<\/span><\/a><\/li><li class='av-share-link av-social-link-mail' ><a  aria-label=\"Compartir por correo\" href='mailto:?subject=Dos%20accidentes%20se%20registraron%20esta%20tarde%20en%20Ruta%207%20Norte%20cerca%20de%20La%20Junta&#038;body=https:\/\/radiorevelacionfm.cl\/?p=40459' aria-hidden='false' data-av_icon='\ue805' data-av_iconfont='entypo-fontello' title='' data-avia-related-tooltip='Compartir por correo'><span class='avia_hidden_link_text'>Compartir por correo<\/span><\/a><\/li><\/ul><\/div><\/div>\n<div  style='height:50px' class='hr hr-invisible   avia-builder-el-8  el_after_av_social_share  el_before_av_comments_list '><span class='hr-inner ' ><span class='hr-inner-style'><\/span><\/span><\/div>\n<div  class='av-buildercomment  av-blog-meta-html-info-disabled av-blog-meta-tag-disabled  '><\/div>\n","protected":false},"excerpt":{"rendered":"","protected":false},"author":1,"featured_media":40460,"comment_status":"open","ping_status":"open","sticky":false,"template":"","format":"standard","meta":{"footnotes":""},"categories":[38],"tags":[],"class_list":["post-40459","post","type-post","status-publish","format-standard","has-post-thumbnail","hentry","category-regional"],"jetpack_featured_media_url":"https:\/\/radiorevelacionfm.cl\/wp-content\/uploads\/2024\/03\/432782437_929249155867646_2886727930831818369_n-1_optimized-1.jpg","_links":{"self":[{"href":"https:\/\/radiorevelacionfm.cl\/index.php?rest_route=\/wp\/v2\/posts\/40459","targetHints":{"allow":["GET"]}}],"collection":[{"href":"https:\/\/radiorevelacionfm.cl\/index.php?rest_route=\/wp\/v2\/posts"}],"about":[{"href":"https:\/\/radiorevelacionfm.cl\/index.php?rest_route=\/wp\/v2\/types\/post"}],"author":[{"embeddable":true,"href":"https:\/\/radiorevelacionfm.cl\/index.php?rest_route=\/wp\/v2\/users\/1"}],"replies":[{"embeddable":true,"href":"https:\/\/radiorevelacionfm.cl\/index.php?rest_route=%2Fwp%2Fv2%2Fcomments&post=40459"}],"version-history":[{"count":3,"href":"https:\/\/radiorevelacionfm.cl\/index.php?rest_route=\/wp\/v2\/posts\/40459\/revisions"}],"predecessor-version":[{"id":40519,"href":"https:\/\/radiorevelacionfm.cl\/index.php?rest_route=\/wp\/v2\/posts\/40459\/revisions\/40519"}],"wp:featuredmedia":[{"embeddable":true,"href":"https:\/\/radiorevelacionfm.cl\/index.php?rest_route=\/wp\/v2\/media\/40460"}],"wp:attachment":[{"href":"https:\/\/radiorevelacionfm.cl\/index.php?rest_route=%2Fwp%2Fv2%2Fmedia&parent=40459"}],"wp:term":[{"taxonomy":"category","embeddable":true,"href":"https:\/\/radiorevelacionfm.cl\/index.php?rest_route=%2Fwp%2Fv2%2Fcategories&post=40459"},{"taxonomy":"post_tag","embeddable":true,"href":"https:\/\/radiorevelacionfm.cl\/index.php?rest_route=%2Fwp%2Fv2%2Ftags&post=40459"}],"curies":[{"name":"wp","href":"https:\/\/api.w.org\/{rel}","templated":true}]}}