{"id":40453,"date":"2024-03-19T10:04:28","date_gmt":"2024-03-19T13:04:28","guid":{"rendered":"https:\/\/radiorevelacionfm.cl\/?p=40453"},"modified":"2024-03-19T10:04:28","modified_gmt":"2024-03-19T13:04:28","slug":"navegando-el-litoral-gore-aysen-fusupo-y-ciep-lanzan-podcast","status":"publish","type":"post","link":"https:\/\/radiorevelacionfm.cl\/?p=40453","title":{"rendered":"\u00abNavegando el Litoral\u00bb: GORE Ays\u00e9n, Fusupo y CIEP lanzan podcast"},"content":{"rendered":"<div class=\"flex_column av_one_full  flex_column_div av-zero-column-padding first  avia-builder-el-0  el_before_av_one_full  avia-builder-el-first  \" style='border-radius:0px; '><div  class='avia-image-container  av-styling-    avia-builder-el-1  avia-builder-el-no-sibling  avia-align-center '  itemprop=\"image\" itemscope=\"itemscope\" itemtype=\"https:\/\/schema.org\/ImageObject\"  ><div class='avia-image-container-inner'><div class='avia-image-overlay-wrap'><img decoding=\"async\" class='wp-image-40454 avia-img-lazy-loading-not-40454 avia_image' src=\"https:\/\/radiorevelacionfm.cl\/wp-content\/uploads\/2024\/03\/foto-1-34-1_optimized-1-1.jpg\" alt='' title='foto-1-(34)-(1)_optimized (1) (1)' height=\"600\" width=\"1503\"  itemprop=\"thumbnailUrl\" srcset=\"https:\/\/radiorevelacionfm.cl\/wp-content\/uploads\/2024\/03\/foto-1-34-1_optimized-1-1.jpg 1503w, https:\/\/radiorevelacionfm.cl\/wp-content\/uploads\/2024\/03\/foto-1-34-1_optimized-1-1-300x120.jpg 300w, https:\/\/radiorevelacionfm.cl\/wp-content\/uploads\/2024\/03\/foto-1-34-1_optimized-1-1-1030x411.jpg 1030w, https:\/\/radiorevelacionfm.cl\/wp-content\/uploads\/2024\/03\/foto-1-34-1_optimized-1-1-768x307.jpg 768w, https:\/\/radiorevelacionfm.cl\/wp-content\/uploads\/2024\/03\/foto-1-34-1_optimized-1-1-1500x599.jpg 1500w, https:\/\/radiorevelacionfm.cl\/wp-content\/uploads\/2024\/03\/foto-1-34-1_optimized-1-1-705x281.jpg 705w, https:\/\/radiorevelacionfm.cl\/wp-content\/uploads\/2024\/03\/foto-1-34-1_optimized-1-1-450x180.jpg 450w, https:\/\/radiorevelacionfm.cl\/wp-content\/uploads\/2024\/03\/foto-1-34-1_optimized-1-1-600x240.jpg 600w\" sizes=\"(max-width: 1503px) 100vw, 1503px\" \/><\/div><\/div><\/div><\/div><div class=\"flex_column av_one_full  flex_column_div av-zero-column-padding first  avia-builder-el-2  el_after_av_one_full  el_before_av_one_full  column-top-margin\" style='border-radius:0px; '><section class=\"av_textblock_section \"  itemscope=\"itemscope\" itemtype=\"https:\/\/schema.org\/BlogPosting\" itemprop=\"blogPost\" ><div class='avia_textblock  '   itemprop=\"text\" ><p style=\"text-align: center;\"><span style=\"font-size: 18pt;\"><strong>\u00abNavegando el Litoral\u00bb: GORE Ays\u00e9n, Fusupo y CIEP lanzan podcast<\/strong><\/span><\/p>\n<div id=\"gtx-trans\" style=\"position: absolute; left: -50px; top: 4.31534px;\">\n<div class=\"gtx-trans-icon\"><\/div>\n<\/div>\n<\/div><\/section><\/div><div class=\"flex_column av_one_full  flex_column_div av-zero-column-padding first  avia-builder-el-4  el_after_av_one_full  el_before_av_hr  column-top-margin\" style='border-radius:0px; '><section class=\"av_textblock_section \"  itemscope=\"itemscope\" itemtype=\"https:\/\/schema.org\/BlogPosting\" itemprop=\"blogPost\" ><div class='avia_textblock  '   itemprop=\"text\" ><p style=\"text-align: justify;\">El Gobierno Regional de Ays\u00e9n y su consejo, en colaboraci\u00f3n con la Fundaci\u00f3n Para la Superaci\u00f3n de la Pobreza (FUSUPO) y el Centro de Investigaci\u00f3n en Ecosistema de la Patagonia (CIEP), anuncian el lanzamiento del podcast \u00abNavegando el Litoral\u00bb. Esta iniciativa comunicacional tiene como objetivo principal explorar y discutir temas relevantes vinculados al litoral de la regi\u00f3n de Ays\u00e9n.<\/p>\n<p style=\"text-align: justify;\">El podcast constar\u00e1 de 7 cap\u00edtulos, abordando una amplia gama de temas fundamentales, tales como la eficiencia pesquera, fuentes de financiamiento, diversificaci\u00f3n, fomento, perspectivas de las instituciones p\u00fablicas, estudios de campo, datos cuantitativos sobre el litoral de Ays\u00e9n, desaf\u00edos sociales y cient\u00edficos, sostenibilidad de los recursos bent\u00f3nicos y la perspectiva de g\u00e9nero en la pesca artesanal y la ciencia.<\/p>\n<p style=\"text-align: justify;\">Cada cap\u00edtulo tendr\u00e1 una duraci\u00f3n aproximada de 30 minutos y contar\u00e1 con la participaci\u00f3n de invitados destacados de diversos sectores, incluyendo representantes de Seremi Desarrollo Social Ays\u00e9n, Corfo, Sernapesca, la Municipalidad de Puerto Ays\u00e9n, as\u00ed como testimonios de beneficiarios del Programa de Fomento y Diversificaci\u00f3n de la Pesca Artesanal.<\/p>\n<p style=\"text-align: justify;\">Para aquellos interesados en acceder a los episodios, nos complace informar que el primer cap\u00edtulo ya est\u00e1 disponible. Pueden encontrarlo en la plataforma de YouTube del Gobierno Regional de Ays\u00e9n y en la cuenta de Spotify de la Fundaci\u00f3n para la Superaci\u00f3n de la Pobreza.<\/p>\n<\/div><\/section><\/div><div  style='height:50px' class='hr hr-invisible   avia-builder-el-6  el_after_av_one_full  el_before_av_social_share '><span class='hr-inner ' ><span class='hr-inner-style'><\/span><\/span><\/div><\/p>\n<div  class='av-social-sharing-box  avia-builder-el-7  el_after_av_hr  el_before_av_hr  '><div class='av-share-box'><h5 class='av-share-link-description av-no-toc '>Compartir esta noticia<\/h5><ul class='av-share-box-list noLightbox'><li class='av-share-link av-social-link-facebook' ><a target=\"_blank\" aria-label=\"Compartir en Facebook\" href='https:\/\/www.facebook.com\/sharer.php?u=https:\/\/radiorevelacionfm.cl\/?p=40453&#038;t=%C2%ABNavegando%20el%20Litoral%C2%BB%3A%20GORE%20Ays%C3%A9n%2C%20Fusupo%20y%20CIEP%20lanzan%20podcast' aria-hidden='false' data-av_icon='\ue8f3' data-av_iconfont='entypo-fontello' title='' data-avia-related-tooltip='Compartir en Facebook' rel=\"noopener\"><span class='avia_hidden_link_text'>Compartir en Facebook<\/span><\/a><\/li><li class='av-share-link av-social-link-twitter' ><a target=\"_blank\" aria-label=\"Compartir en Twitter\" href='https:\/\/twitter.com\/share?text=%C2%ABNavegando%20el%20Litoral%C2%BB%3A%20GORE%20Ays%C3%A9n%2C%20Fusupo%20y%20CIEP%20lanzan%20podcast&#038;url=https:\/\/radiorevelacionfm.cl\/?p=40453' aria-hidden='false' data-av_icon='\ue8f1' data-av_iconfont='entypo-fontello' title='' data-avia-related-tooltip='Compartir en Twitter' rel=\"noopener\"><span class='avia_hidden_link_text'>Compartir en Twitter<\/span><\/a><\/li><li class='av-share-link av-social-link-whatsapp' ><a target=\"_blank\" aria-label=\"Compartir en Whatsapp\" href='https:\/\/api.whatsapp.com\/send?text=https:\/\/radiorevelacionfm.cl\/?p=40453' aria-hidden='false' data-av_icon='\uf232' data-av_iconfont='entypo-fontello' title='' data-avia-related-tooltip='Compartir en Whatsapp' rel=\"noopener\"><span class='avia_hidden_link_text'>Compartir en Whatsapp<\/span><\/a><\/li><li class='av-share-link av-social-link-linkedin' ><a target=\"_blank\" aria-label=\"Compartir en LinkedIn\" href='https:\/\/linkedin.com\/shareArticle?mini=true&#038;title=%C2%ABNavegando%20el%20Litoral%C2%BB%3A%20GORE%20Ays%C3%A9n%2C%20Fusupo%20y%20CIEP%20lanzan%20podcast&#038;url=https:\/\/radiorevelacionfm.cl\/?p=40453' aria-hidden='false' data-av_icon='\ue8fc' data-av_iconfont='entypo-fontello' title='' data-avia-related-tooltip='Compartir en LinkedIn' rel=\"noopener\"><span class='avia_hidden_link_text'>Compartir en LinkedIn<\/span><\/a><\/li><li class='av-share-link av-social-link-mail' ><a  aria-label=\"Compartir por correo\" href='mailto:?subject=%C2%ABNavegando%20el%20Litoral%C2%BB%3A%20GORE%20Ays%C3%A9n%2C%20Fusupo%20y%20CIEP%20lanzan%20podcast&#038;body=https:\/\/radiorevelacionfm.cl\/?p=40453' aria-hidden='false' data-av_icon='\ue805' data-av_iconfont='entypo-fontello' title='' data-avia-related-tooltip='Compartir por correo'><span class='avia_hidden_link_text'>Compartir por correo<\/span><\/a><\/li><\/ul><\/div><\/div>\n<div  style='height:50px' class='hr hr-invisible   avia-builder-el-8  el_after_av_social_share  el_before_av_comments_list '><span class='hr-inner ' ><span class='hr-inner-style'><\/span><\/span><\/div>\n<div  class='av-buildercomment  av-blog-meta-html-info-disabled av-blog-meta-tag-disabled  '><\/div>\n","protected":false},"excerpt":{"rendered":"","protected":false},"author":1,"featured_media":40454,"comment_status":"open","ping_status":"open","sticky":false,"template":"","format":"standard","meta":{"footnotes":""},"categories":[38],"tags":[],"class_list":["post-40453","post","type-post","status-publish","format-standard","has-post-thumbnail","hentry","category-regional"],"jetpack_featured_media_url":"https:\/\/radiorevelacionfm.cl\/wp-content\/uploads\/2024\/03\/foto-1-34-1_optimized-1-1.jpg","_links":{"self":[{"href":"https:\/\/radiorevelacionfm.cl\/index.php?rest_route=\/wp\/v2\/posts\/40453","targetHints":{"allow":["GET"]}}],"collection":[{"href":"https:\/\/radiorevelacionfm.cl\/index.php?rest_route=\/wp\/v2\/posts"}],"about":[{"href":"https:\/\/radiorevelacionfm.cl\/index.php?rest_route=\/wp\/v2\/types\/post"}],"author":[{"embeddable":true,"href":"https:\/\/radiorevelacionfm.cl\/index.php?rest_route=\/wp\/v2\/users\/1"}],"replies":[{"embeddable":true,"href":"https:\/\/radiorevelacionfm.cl\/index.php?rest_route=%2Fwp%2Fv2%2Fcomments&post=40453"}],"version-history":[{"count":1,"href":"https:\/\/radiorevelacionfm.cl\/index.php?rest_route=\/wp\/v2\/posts\/40453\/revisions"}],"predecessor-version":[{"id":40455,"href":"https:\/\/radiorevelacionfm.cl\/index.php?rest_route=\/wp\/v2\/posts\/40453\/revisions\/40455"}],"wp:featuredmedia":[{"embeddable":true,"href":"https:\/\/radiorevelacionfm.cl\/index.php?rest_route=\/wp\/v2\/media\/40454"}],"wp:attachment":[{"href":"https:\/\/radiorevelacionfm.cl\/index.php?rest_route=%2Fwp%2Fv2%2Fmedia&parent=40453"}],"wp:term":[{"taxonomy":"category","embeddable":true,"href":"https:\/\/radiorevelacionfm.cl\/index.php?rest_route=%2Fwp%2Fv2%2Fcategories&post=40453"},{"taxonomy":"post_tag","embeddable":true,"href":"https:\/\/radiorevelacionfm.cl\/index.php?rest_route=%2Fwp%2Fv2%2Ftags&post=40453"}],"curies":[{"name":"wp","href":"https:\/\/api.w.org\/{rel}","templated":true}]}}