{"id":4045,"date":"2021-05-12T11:55:41","date_gmt":"2021-05-12T14:55:41","guid":{"rendered":"https:\/\/radiorevelacionfm.cl\/?p=4045"},"modified":"2021-05-12T11:55:41","modified_gmt":"2021-05-12T14:55:41","slug":"historico-fue-aprobado-primer-proyecto-de-hidrogeno-verde-en-chile","status":"publish","type":"post","link":"https:\/\/radiorevelacionfm.cl\/?p=4045","title":{"rendered":"Hist\u00f3rico fue aprobado primer proyecto de hidr\u00f3geno verde en Chile"},"content":{"rendered":"<div class=\"flex_column av_one_full  flex_column_div av-zero-column-padding first  avia-builder-el-0  el_before_av_one_full  avia-builder-el-first  \" style='border-radius:0px; '><div  class='avia-image-container  av-styling-    avia-builder-el-1  avia-builder-el-no-sibling  avia-align-center '  itemprop=\"image\" itemscope=\"itemscope\" itemtype=\"https:\/\/schema.org\/ImageObject\"  ><div class='avia-image-container-inner'><div class='avia-image-overlay-wrap'><img decoding=\"async\" class='wp-image-0 avia-img-lazy-loading-not-0 avia_image' src=\"https:\/\/radiorevelacionfm.cl\/wp-content\/uploads\/2021\/05\/hidrogeno-verde-1-1.jpg\" alt='' title=''   itemprop=\"thumbnailUrl\"  \/><\/div><\/div><\/div><\/div><div class=\"flex_column av_one_full  flex_column_div av-zero-column-padding first  avia-builder-el-2  el_after_av_one_full  el_before_av_one_full  column-top-margin\" style='border-radius:0px; '><section class=\"av_textblock_section \"  itemscope=\"itemscope\" itemtype=\"https:\/\/schema.org\/BlogPosting\" itemprop=\"blogPost\" ><div class='avia_textblock  '   itemprop=\"text\" ><p style=\"text-align: center;\"><span style=\"font-size: 18pt;\"><strong>Hist\u00f3rico fue aprobado primer proyecto de hidr\u00f3geno verde en Chile<\/strong><\/span><\/p>\n<div id=\"gtx-trans\" style=\"position: absolute; left: -50px; top: 4.31534px;\">\n<div class=\"gtx-trans-icon\"><\/div>\n<\/div>\n<\/div><\/section><\/div><div class=\"flex_column av_one_full  flex_column_div av-zero-column-padding first  avia-builder-el-4  el_after_av_one_full  el_before_av_hr  column-top-margin\" style='border-radius:0px; '><section class=\"av_textblock_section \"  itemscope=\"itemscope\" itemtype=\"https:\/\/schema.org\/BlogPosting\" itemprop=\"blogPost\" ><div class='avia_textblock  '   itemprop=\"text\" ><p style=\"text-align: justify;\">El ministro de Energ\u00eda y Miner\u00eda, Juan Carlos Jobet, se refiri\u00f3 a la aprobaci\u00f3n del primer proyecto de hidr\u00f3geno verde en Chile, luego de que, por unanimidad, la Comisi\u00f3n Regional de Medioambiente de Magallanes votara a favor de la Declaraci\u00f3n de Impacto Ambiental (DIA) del proyecto Haru Oni de Highly Innovative Fuels (HIF). Iniciativa buscar\u00e1 construir una planta productora de Combustibles en base a hidr\u00f3geno en el sur de Chile.<\/p>\n<p style=\"text-align: justify;\">Ante el resultado de la votaci\u00f3n, Jobet celebr\u00f3 y se\u00f1al\u00f3 que \u201ces un d\u00eda hist\u00f3rico. Desde Magallanes, estaremos produciendo el combustible del futuro para combatir el cambio clim\u00e1tico. Un paso importante para una recuperaci\u00f3n verde y sostenible\u201d.<\/p>\n<p style=\"text-align: justify;\">Seg\u00fan un estudio realizado por el Ministerio de Energ\u00eda, la Regi\u00f3n de Magallanes y de la Ant\u00e1rtica Chilena podr\u00eda llegar a producir el 13% hidr\u00f3geno verde del mundo dado su inmenso potencial en energ\u00eda e\u00f3lica, considerando que la generaci\u00f3n el\u00e9ctrica e\u00f3lica anual estimada en Magallanes podr\u00eda sobrepasar en 7 veces la generaci\u00f3n el\u00e9ctrica actual de la matriz el\u00e9ctrica chilena.<\/p>\n<p style=\"text-align: justify;\">\u201cComo pa\u00eds, tenemos las mejores condiciones estrat\u00e9gicas para producir y exportar hidr\u00f3geno verde. Y Magallanes es uno de los polos privilegiados por ellas.\u00a0 No s\u00f3lo cuenta con un excelente potencial en energ\u00eda e\u00f3lica, sino que tambi\u00e9n posee la infraestructura, y experiencia petroqu\u00edmica necesarias para convertirse en una zona de protagonismo internacional en el llamado combustible del futuro\u201d, agreg\u00f3 Jobet.<\/p>\n<p style=\"text-align: justify;\">Por su parte, El Seremi de Energ\u00eda de la regi\u00f3n de Ays\u00e9n, Juan Luis Amen\u00e1bar destac\u00f3 que \u201cel hidr\u00f3geno verde es el combustible del futuro y Chile tiene una oportunidad \u00fanica para desarrollar una industria competitiva de hidr\u00f3geno verde que, a partir de la electricidad producida con recursos renovables de bajo costo, permita formar un energ\u00e9tico de uso local y de exportaci\u00f3n, impulsando as\u00ed una econom\u00eda sustentable. Por ello, estamos muy contentos de este primer paso y\u00a0 esperamos que sigan surgiendo nuevos proyectos que nos permitan avanzar hacia la reducci\u00f3n de la huella de carbono de Chile y sus regiones\u201d.<\/p>\n<p style=\"text-align: justify;\"><strong>Sobre el proyecto: <\/strong><\/p>\n<p style=\"text-align: justify;\">Haru Oni considera la construcci\u00f3n de una planta para la producci\u00f3n de eCombustibles, una turbina e\u00f3lica de 3,4 MW y una l\u00ednea de transmisi\u00f3n de respaldo de 13 kV.<\/p>\n<p style=\"text-align: justify;\">La planta se emplazar\u00e1 en una superficie aproximada de 3,7 hect\u00e1reas, dentro del predio Tehuel Aike en Punta Arenas, mientras que el proyecto ocupar\u00e1 en total 5,7 hect\u00e1reas. Se estima que la construcci\u00f3n demorar\u00e1 once meses y su vida \u00fatil ser\u00e1 de 25 a\u00f1os.<\/p>\n<p style=\"text-align: justify;\"><strong>El proceso<\/strong><\/p>\n<p style=\"text-align: justify;\">El piloto obtendr\u00e1 hidr\u00f3geno verde del agua con energ\u00eda e\u00f3lica, y luego, mediante un proceso de s\u00edntesis con CO2 capturado de la atm\u00f3sfera, se producir\u00e1 metanol. A partir de ello, se obtendr\u00e1 una gasolina que se podr\u00e1 utilizar en veh\u00edculos convencionales sin modificaciones, permitiendo as\u00ed que el transporte sea casi carbono neutral.<\/p>\n<p style=\"text-align: justify;\">Se espera producir 350 toneladas al a\u00f1o de metanol crudo y 130.000 litros de gasolina al a\u00f1o. Ambos combustibles ser\u00e1n almacenados en estanques y transportados en camiones hacia Puerto Mardones, a unos 35 kil\u00f3metros del proyecto para su exportaci\u00f3n.<\/p>\n<p style=\"text-align: justify;\">Adem\u00e1s, se proyecta producir 16 toneladas anuales de gas licuado carbono neutral a partir de 2022.<\/p>\n<p style=\"text-align: justify;\">En su fase de construcci\u00f3n el proyecto generar\u00e1 trabajo para 150 personas promedio.<\/p>\n<\/div><\/section><\/div><div  style='height:50px' class='hr hr-invisible   avia-builder-el-6  el_after_av_one_full  el_before_av_social_share '><span class='hr-inner ' ><span class='hr-inner-style'><\/span><\/span><\/div><\/p>\n<div  class='av-social-sharing-box  avia-builder-el-7  el_after_av_hr  el_before_av_hr  '><div class='av-share-box'><h5 class='av-share-link-description av-no-toc '>Compartir esta noticia<\/h5><ul class='av-share-box-list noLightbox'><li class='av-share-link av-social-link-facebook' ><a target=\"_blank\" aria-label=\"Compartir en Facebook\" href='https:\/\/www.facebook.com\/sharer.php?u=https:\/\/radiorevelacionfm.cl\/?p=4045&#038;t=Hist%C3%B3rico%20fue%20aprobado%20primer%20proyecto%20de%20hidr%C3%B3geno%20verde%20en%20Chile' aria-hidden='false' data-av_icon='\ue8f3' data-av_iconfont='entypo-fontello' title='' data-avia-related-tooltip='Compartir en Facebook' rel=\"noopener\"><span class='avia_hidden_link_text'>Compartir en Facebook<\/span><\/a><\/li><li class='av-share-link av-social-link-twitter' ><a target=\"_blank\" aria-label=\"Compartir en Twitter\" href='https:\/\/twitter.com\/share?text=Hist%C3%B3rico%20fue%20aprobado%20primer%20proyecto%20de%20hidr%C3%B3geno%20verde%20en%20Chile&#038;url=https:\/\/radiorevelacionfm.cl\/?p=4045' aria-hidden='false' data-av_icon='\ue8f1' data-av_iconfont='entypo-fontello' title='' data-avia-related-tooltip='Compartir en Twitter' rel=\"noopener\"><span class='avia_hidden_link_text'>Compartir en Twitter<\/span><\/a><\/li><li class='av-share-link av-social-link-whatsapp' ><a target=\"_blank\" aria-label=\"Compartir en Whatsapp\" href='https:\/\/api.whatsapp.com\/send?text=https:\/\/radiorevelacionfm.cl\/?p=4045' aria-hidden='false' data-av_icon='\uf232' data-av_iconfont='entypo-fontello' title='' data-avia-related-tooltip='Compartir en Whatsapp' rel=\"noopener\"><span class='avia_hidden_link_text'>Compartir en Whatsapp<\/span><\/a><\/li><li class='av-share-link av-social-link-linkedin' ><a target=\"_blank\" aria-label=\"Compartir en LinkedIn\" href='https:\/\/linkedin.com\/shareArticle?mini=true&#038;title=Hist%C3%B3rico%20fue%20aprobado%20primer%20proyecto%20de%20hidr%C3%B3geno%20verde%20en%20Chile&#038;url=https:\/\/radiorevelacionfm.cl\/?p=4045' aria-hidden='false' data-av_icon='\ue8fc' data-av_iconfont='entypo-fontello' title='' data-avia-related-tooltip='Compartir en LinkedIn' rel=\"noopener\"><span class='avia_hidden_link_text'>Compartir en LinkedIn<\/span><\/a><\/li><li class='av-share-link av-social-link-mail' ><a  aria-label=\"Compartir por correo\" href='mailto:?subject=Hist%C3%B3rico%20fue%20aprobado%20primer%20proyecto%20de%20hidr%C3%B3geno%20verde%20en%20Chile&#038;body=https:\/\/radiorevelacionfm.cl\/?p=4045' aria-hidden='false' data-av_icon='\ue805' data-av_iconfont='entypo-fontello' title='' data-avia-related-tooltip='Compartir por correo'><span class='avia_hidden_link_text'>Compartir por correo<\/span><\/a><\/li><\/ul><\/div><\/div>\n<div  style='height:50px' class='hr hr-invisible   avia-builder-el-8  el_after_av_social_share  el_before_av_comments_list '><span class='hr-inner ' ><span class='hr-inner-style'><\/span><\/span><\/div>\n<div  class='av-buildercomment  av-blog-meta-html-info-disabled av-blog-meta-tag-disabled  '><\/div>\n","protected":false},"excerpt":{"rendered":"","protected":false},"author":1,"featured_media":0,"comment_status":"open","ping_status":"open","sticky":false,"template":"","format":"standard","meta":{"footnotes":""},"categories":[39],"tags":[],"class_list":["post-4045","post","type-post","status-publish","format-standard","hentry","category-medio-ambiente"],"jetpack_featured_media_url":"","_links":{"self":[{"href":"https:\/\/radiorevelacionfm.cl\/index.php?rest_route=\/wp\/v2\/posts\/4045","targetHints":{"allow":["GET"]}}],"collection":[{"href":"https:\/\/radiorevelacionfm.cl\/index.php?rest_route=\/wp\/v2\/posts"}],"about":[{"href":"https:\/\/radiorevelacionfm.cl\/index.php?rest_route=\/wp\/v2\/types\/post"}],"author":[{"embeddable":true,"href":"https:\/\/radiorevelacionfm.cl\/index.php?rest_route=\/wp\/v2\/users\/1"}],"replies":[{"embeddable":true,"href":"https:\/\/radiorevelacionfm.cl\/index.php?rest_route=%2Fwp%2Fv2%2Fcomments&post=4045"}],"version-history":[{"count":1,"href":"https:\/\/radiorevelacionfm.cl\/index.php?rest_route=\/wp\/v2\/posts\/4045\/revisions"}],"predecessor-version":[{"id":4047,"href":"https:\/\/radiorevelacionfm.cl\/index.php?rest_route=\/wp\/v2\/posts\/4045\/revisions\/4047"}],"wp:attachment":[{"href":"https:\/\/radiorevelacionfm.cl\/index.php?rest_route=%2Fwp%2Fv2%2Fmedia&parent=4045"}],"wp:term":[{"taxonomy":"category","embeddable":true,"href":"https:\/\/radiorevelacionfm.cl\/index.php?rest_route=%2Fwp%2Fv2%2Fcategories&post=4045"},{"taxonomy":"post_tag","embeddable":true,"href":"https:\/\/radiorevelacionfm.cl\/index.php?rest_route=%2Fwp%2Fv2%2Ftags&post=4045"}],"curies":[{"name":"wp","href":"https:\/\/api.w.org\/{rel}","templated":true}]}}