{"id":40446,"date":"2024-03-19T09:29:11","date_gmt":"2024-03-19T12:29:11","guid":{"rendered":"https:\/\/radiorevelacionfm.cl\/?p=40446"},"modified":"2024-03-19T09:29:11","modified_gmt":"2024-03-19T12:29:11","slug":"club-de-lectores-y-biblioteca-publica-de-aysen-reconocen-a-mujeres-que-destacan-en-sus-oficios","status":"publish","type":"post","link":"https:\/\/radiorevelacionfm.cl\/?p=40446","title":{"rendered":"Club de Lectores y Biblioteca P\u00fablica de Ays\u00e9n reconocen a Mujeres que destacan en sus oficios"},"content":{"rendered":"<div class=\"flex_column av_one_full  flex_column_div av-zero-column-padding first  avia-builder-el-0  el_before_av_one_full  avia-builder-el-first  \" style='border-radius:0px; '><div  class='avia-image-container  av-styling-    avia-builder-el-1  avia-builder-el-no-sibling  avia-align-center '  itemprop=\"image\" itemscope=\"itemscope\" itemtype=\"https:\/\/schema.org\/ImageObject\"  ><div class='avia-image-container-inner'><div class='avia-image-overlay-wrap'><img decoding=\"async\" class='wp-image-40447 avia-img-lazy-loading-not-40447 avia_image' src=\"https:\/\/radiorevelacionfm.cl\/wp-content\/uploads\/2024\/03\/actividad-club-lectores-3-1_optimized.jpg\" alt='' title='actividad-club-lectores-3-(1)_optimized' height=\"600\" width=\"1066\"  itemprop=\"thumbnailUrl\" srcset=\"https:\/\/radiorevelacionfm.cl\/wp-content\/uploads\/2024\/03\/actividad-club-lectores-3-1_optimized.jpg 1066w, https:\/\/radiorevelacionfm.cl\/wp-content\/uploads\/2024\/03\/actividad-club-lectores-3-1_optimized-300x169.jpg 300w, https:\/\/radiorevelacionfm.cl\/wp-content\/uploads\/2024\/03\/actividad-club-lectores-3-1_optimized-1030x580.jpg 1030w, https:\/\/radiorevelacionfm.cl\/wp-content\/uploads\/2024\/03\/actividad-club-lectores-3-1_optimized-768x432.jpg 768w, https:\/\/radiorevelacionfm.cl\/wp-content\/uploads\/2024\/03\/actividad-club-lectores-3-1_optimized-705x397.jpg 705w, https:\/\/radiorevelacionfm.cl\/wp-content\/uploads\/2024\/03\/actividad-club-lectores-3-1_optimized-450x253.jpg 450w, https:\/\/radiorevelacionfm.cl\/wp-content\/uploads\/2024\/03\/actividad-club-lectores-3-1_optimized-600x338.jpg 600w\" sizes=\"(max-width: 1066px) 100vw, 1066px\" \/><\/div><\/div><\/div><\/div><div class=\"flex_column av_one_full  flex_column_div av-zero-column-padding first  avia-builder-el-2  el_after_av_one_full  el_before_av_one_full  column-top-margin\" style='border-radius:0px; '><section class=\"av_textblock_section \"  itemscope=\"itemscope\" itemtype=\"https:\/\/schema.org\/BlogPosting\" itemprop=\"blogPost\" ><div class='avia_textblock  '   itemprop=\"text\" ><p style=\"text-align: center;\"><strong><span style=\"font-size: 18pt;\">Club de Lectores y Biblioteca P\u00fablica de Ays\u00e9n reconocen a Mujeres que destacan en sus oficios<\/span><\/strong><\/p>\n<div id=\"gtx-trans\" style=\"position: absolute; left: -50px; top: 4.31534px;\">\n<div class=\"gtx-trans-icon\"><\/div>\n<\/div>\n<\/div><\/section><\/div><div class=\"flex_column av_one_full  flex_column_div av-zero-column-padding first  avia-builder-el-4  el_after_av_one_full  el_before_av_hr  column-top-margin\" style='border-radius:0px; '><section class=\"av_textblock_section \"  itemscope=\"itemscope\" itemtype=\"https:\/\/schema.org\/BlogPosting\" itemprop=\"blogPost\" ><div class='avia_textblock  '   itemprop=\"text\" ><p style=\"text-align: justify;\"><em>La iniciativa cont\u00f3 tambi\u00e9n con el apoyo del programa de no violencia contra la Mujer, el Instituto Nacional de Derechos Humanos, Patrimonio Hist\u00f3rico y la Oficina del Campesino.<\/em><\/p>\n<p style=\"text-align: justify;\">Pescadora artesanal, Carabinera, Cartero, Oficial de Ejercito y colectivera, fueron las Mujeres reconocidas por el Club de Lectores y la Biblioteca P\u00fablica a cargo de Yasna Jara, en el contexto del mes de la Mujer y donde las personas homenajeadas destacan por desarrollar oficios y profesiones socialmente reconocidos para hombres.<\/p>\n<p style=\"text-align: justify;\">Precisamente y con el claro objetivo de demostrar que las mujeres si pueden realizar las mismas acciones que los hombres, todas ellas, llevan 10, 15 o m\u00e1s a\u00f1os realizando su trabajo, con el cual, aportan a la econom\u00eda familiar, algunas son el sustento en sus casas y se sienten orgullosas de sacar a sus hijos adelante, gracias a lo que se han dedicado.<\/p>\n<p style=\"text-align: justify;\">\u201cFue un d\u00eda maravilloso, realmente muy emotivo, nunca pensamos nosotros que nos iba a resultar as\u00ed, claro que lo estuvimos forjando en una reuni\u00f3n que hacemos todos los meses, donde nos encontramos el grupo de lectura de la biblioteca y dijimos, como no vamos a hacer algo para el d\u00eda de la mujer. Entonces, pensamos en cosas que hacen los hombres generalmente, que ahora, lo est\u00e1n haciendo tambi\u00e9n las mujeres, eso fue lo que hicimos. Sali\u00f3 muy lindo y despu\u00e9s dijimos, queremos hacer un compartir y tambi\u00e9n sali\u00f3, lo preparamos, muy lindo\u201d, coment\u00f3 Mar\u00eda Teresa Aedo, del club de lectores de la biblioteca p\u00fablica de Ays\u00e9n.<\/p>\n<p style=\"text-align: justify;\">Elena Iturra Coliboro, es de profesi\u00f3n cartero y en los 11 a\u00f1os que lleva en este trabajo ha podido sacar a su familia adelante, entregar estudio a sus hijos e incluso ayudar en la crianza de su nieta.<\/p>\n<p style=\"text-align: justify;\">\u201cMuy feliz, con un reconocimiento de las se\u00f1oras de la biblioteca, muy agradecida. Mi oficio es cartero, trabajo en correos de Chile, estuve dos a\u00f1os en Coyhaique y de ah\u00ed volv\u00ed de retorno a Puerto Ays\u00e9n, llevo 11 a\u00f1os en este oficio. Este trabajo es con harto sacrificio, bajo la lluvia, con frio, tambi\u00e9n con el tema de los perros, pero en estos 11 a\u00f1os me ha tocado sacar a mis hijos adelante. Soy mam\u00e1 soltera de dos hijos hermosos, mi hija est\u00e1 estudiando administraci\u00f3n de empresa y tengo un lolo que ingresa al servicio militar y estoy apoyando a mi hija tambi\u00e9n, tengo un nietecito, donde yo soy apoyo fundamental de la familia, as\u00ed es que, me siento orgullosa\u201d.<\/p>\n<p style=\"text-align: justify;\">Otra de las mujeres reconocidas fue, la Teniente Coronel del Regimiento de Ingenieros N\u00b08 Chilo\u00e9, Javiera Hormazabal Castillo, quien agradeci\u00f3 el gesto y cont\u00f3 c\u00f3mo ha sido la inclusi\u00f3n de la mujer en su instituci\u00f3n.<\/p>\n<p style=\"text-align: justify;\">\u201cFeliz, un gran orgullo que me hayan elegido y sobre todo representar al Ejercito de Chile, instituci\u00f3n pionera en temas de inclusi\u00f3n e igualdad de g\u00e9nero. Nosotros ya estamos hace a\u00f1os en igualdad de condiciones con nuestros pares los hombres, as\u00ed es que, es un honor que me hayan elegido para esta distinci\u00f3n. Desde que inici\u00e9 el a\u00f1o 2001, he tenido que ir abriendo puertas en temas de inclusi\u00f3n de la mujer, pero muy satisfactorio, porque he logrado muchas metas\u201d.<\/p>\n<p style=\"text-align: justify;\">En esta ceremonia, que tuvo momentos muy emotivos, ya que, las personas homenajeadas contaron su experiencia de vida ante familiares y tambi\u00e9n j\u00f3venes estudiantes del liceo Ra\u00fal Broussain Campino, quienes atentas escuchaban sus testimonios.<\/p>\n<p style=\"text-align: justify;\">El Alcalde de la comuna, Julio Uribe Alvarado, estuvo presente en la actividad saludando a las mujeres reconocidas y entregando junto al club de lectura, la biblioteca p\u00fablica un presente, con el fin de relevar la profesi\u00f3n y oficio en la que se desempe\u00f1an.<\/p>\n<p style=\"text-align: justify;\">La colectivera Fulvia Obreque Gonz\u00e1lez, las funcionarias de correos Teresa Mill\u00e1n Cheuqueman y Elena Iturra Coliboro, las carabineras Sargento 1\u00b0 Mariana Chand\u00eda\u00a0Jara y Cabo 1\u00b0 Javiera Far\u00edas Robles, la pescadora artesanal Mar\u00eda Edith Colivoro Ra\u00edn y la oficial de Ejercito Teniente Coronel Javiera Hormazabal Castillo, fueron las personas reconocidas.<\/p>\n<\/div><\/section><\/div><div  style='height:50px' class='hr hr-invisible   avia-builder-el-6  el_after_av_one_full  el_before_av_social_share '><span class='hr-inner ' ><span class='hr-inner-style'><\/span><\/span><\/div><\/p>\n<div  class='av-social-sharing-box  avia-builder-el-7  el_after_av_hr  el_before_av_hr  '><div class='av-share-box'><h5 class='av-share-link-description av-no-toc '>Compartir esta noticia<\/h5><ul class='av-share-box-list noLightbox'><li class='av-share-link av-social-link-facebook' ><a target=\"_blank\" aria-label=\"Compartir en Facebook\" href='https:\/\/www.facebook.com\/sharer.php?u=https:\/\/radiorevelacionfm.cl\/?p=40446&#038;t=Club%20de%20Lectores%20y%20Biblioteca%20P%C3%BAblica%20de%20Ays%C3%A9n%20reconocen%20a%20Mujeres%20que%20destacan%20en%20sus%20oficios' aria-hidden='false' data-av_icon='\ue8f3' data-av_iconfont='entypo-fontello' title='' data-avia-related-tooltip='Compartir en Facebook' rel=\"noopener\"><span class='avia_hidden_link_text'>Compartir en Facebook<\/span><\/a><\/li><li class='av-share-link av-social-link-twitter' ><a target=\"_blank\" aria-label=\"Compartir en Twitter\" href='https:\/\/twitter.com\/share?text=Club%20de%20Lectores%20y%20Biblioteca%20P%C3%BAblica%20de%20Ays%C3%A9n%20reconocen%20a%20Mujeres%20que%20destacan%20en%20sus%20oficios&#038;url=https:\/\/radiorevelacionfm.cl\/?p=40446' aria-hidden='false' data-av_icon='\ue8f1' data-av_iconfont='entypo-fontello' title='' data-avia-related-tooltip='Compartir en Twitter' rel=\"noopener\"><span class='avia_hidden_link_text'>Compartir en Twitter<\/span><\/a><\/li><li class='av-share-link av-social-link-whatsapp' ><a target=\"_blank\" aria-label=\"Compartir en Whatsapp\" href='https:\/\/api.whatsapp.com\/send?text=https:\/\/radiorevelacionfm.cl\/?p=40446' aria-hidden='false' data-av_icon='\uf232' data-av_iconfont='entypo-fontello' title='' data-avia-related-tooltip='Compartir en Whatsapp' rel=\"noopener\"><span class='avia_hidden_link_text'>Compartir en Whatsapp<\/span><\/a><\/li><li class='av-share-link av-social-link-linkedin' ><a target=\"_blank\" aria-label=\"Compartir en LinkedIn\" href='https:\/\/linkedin.com\/shareArticle?mini=true&#038;title=Club%20de%20Lectores%20y%20Biblioteca%20P%C3%BAblica%20de%20Ays%C3%A9n%20reconocen%20a%20Mujeres%20que%20destacan%20en%20sus%20oficios&#038;url=https:\/\/radiorevelacionfm.cl\/?p=40446' aria-hidden='false' data-av_icon='\ue8fc' data-av_iconfont='entypo-fontello' title='' data-avia-related-tooltip='Compartir en LinkedIn' rel=\"noopener\"><span class='avia_hidden_link_text'>Compartir en LinkedIn<\/span><\/a><\/li><li class='av-share-link av-social-link-mail' ><a  aria-label=\"Compartir por correo\" href='mailto:?subject=Club%20de%20Lectores%20y%20Biblioteca%20P%C3%BAblica%20de%20Ays%C3%A9n%20reconocen%20a%20Mujeres%20que%20destacan%20en%20sus%20oficios&#038;body=https:\/\/radiorevelacionfm.cl\/?p=40446' aria-hidden='false' data-av_icon='\ue805' data-av_iconfont='entypo-fontello' title='' data-avia-related-tooltip='Compartir por correo'><span class='avia_hidden_link_text'>Compartir por correo<\/span><\/a><\/li><\/ul><\/div><\/div>\n<div  style='height:50px' class='hr hr-invisible   avia-builder-el-8  el_after_av_social_share  el_before_av_comments_list '><span class='hr-inner ' ><span class='hr-inner-style'><\/span><\/span><\/div>\n<div  class='av-buildercomment  av-blog-meta-html-info-disabled av-blog-meta-tag-disabled  '><\/div>\n","protected":false},"excerpt":{"rendered":"","protected":false},"author":1,"featured_media":40447,"comment_status":"open","ping_status":"open","sticky":false,"template":"","format":"standard","meta":{"footnotes":""},"categories":[38],"tags":[],"class_list":["post-40446","post","type-post","status-publish","format-standard","has-post-thumbnail","hentry","category-regional"],"jetpack_featured_media_url":"https:\/\/radiorevelacionfm.cl\/wp-content\/uploads\/2024\/03\/actividad-club-lectores-3-1_optimized.jpg","_links":{"self":[{"href":"https:\/\/radiorevelacionfm.cl\/index.php?rest_route=\/wp\/v2\/posts\/40446","targetHints":{"allow":["GET"]}}],"collection":[{"href":"https:\/\/radiorevelacionfm.cl\/index.php?rest_route=\/wp\/v2\/posts"}],"about":[{"href":"https:\/\/radiorevelacionfm.cl\/index.php?rest_route=\/wp\/v2\/types\/post"}],"author":[{"embeddable":true,"href":"https:\/\/radiorevelacionfm.cl\/index.php?rest_route=\/wp\/v2\/users\/1"}],"replies":[{"embeddable":true,"href":"https:\/\/radiorevelacionfm.cl\/index.php?rest_route=%2Fwp%2Fv2%2Fcomments&post=40446"}],"version-history":[{"count":1,"href":"https:\/\/radiorevelacionfm.cl\/index.php?rest_route=\/wp\/v2\/posts\/40446\/revisions"}],"predecessor-version":[{"id":40448,"href":"https:\/\/radiorevelacionfm.cl\/index.php?rest_route=\/wp\/v2\/posts\/40446\/revisions\/40448"}],"wp:featuredmedia":[{"embeddable":true,"href":"https:\/\/radiorevelacionfm.cl\/index.php?rest_route=\/wp\/v2\/media\/40447"}],"wp:attachment":[{"href":"https:\/\/radiorevelacionfm.cl\/index.php?rest_route=%2Fwp%2Fv2%2Fmedia&parent=40446"}],"wp:term":[{"taxonomy":"category","embeddable":true,"href":"https:\/\/radiorevelacionfm.cl\/index.php?rest_route=%2Fwp%2Fv2%2Fcategories&post=40446"},{"taxonomy":"post_tag","embeddable":true,"href":"https:\/\/radiorevelacionfm.cl\/index.php?rest_route=%2Fwp%2Fv2%2Ftags&post=40446"}],"curies":[{"name":"wp","href":"https:\/\/api.w.org\/{rel}","templated":true}]}}