{"id":40444,"date":"2024-03-18T21:00:24","date_gmt":"2024-03-19T00:00:24","guid":{"rendered":"https:\/\/radiorevelacionfm.cl\/?p=40444"},"modified":"2024-03-18T21:00:24","modified_gmt":"2024-03-19T00:00:24","slug":"diputada-raphael-que-3-mil-alumnos-no-tengan-hoy-un-colegio-donde-estudiar-es-inaceptable-e-inhumano","status":"publish","type":"post","link":"https:\/\/radiorevelacionfm.cl\/?p=40444","title":{"rendered":"Diputada Raphael: \u201cQue 3 mil alumnos no tengan hoy un colegio donde estudiar es inaceptable e inhumano\u201d"},"content":{"rendered":"<div class=\"flex_column av_one_full  flex_column_div av-zero-column-padding first  avia-builder-el-0  el_before_av_one_full  avia-builder-el-first  \" style='border-radius:0px; '><div  class='avia-image-container  av-styling-    avia-builder-el-1  avia-builder-el-no-sibling  avia-align-center '  itemprop=\"image\" itemscope=\"itemscope\" itemtype=\"https:\/\/schema.org\/ImageObject\"  ><div class='avia-image-container-inner'><div class='avia-image-overlay-wrap'><img decoding=\"async\" class='wp-image-29715 avia-img-lazy-loading-not-29715 avia_image' src=\"https:\/\/radiorevelacionfm.cl\/wp-content\/uploads\/2023\/04\/Foto-M-Raphael-1-1.jpg\" alt='' title='Foto M Raphael (1) (1)' height=\"600\" width=\"901\"  itemprop=\"thumbnailUrl\" srcset=\"https:\/\/radiorevelacionfm.cl\/wp-content\/uploads\/2023\/04\/Foto-M-Raphael-1-1.jpg 901w, https:\/\/radiorevelacionfm.cl\/wp-content\/uploads\/2023\/04\/Foto-M-Raphael-1-1-300x200.jpg 300w, https:\/\/radiorevelacionfm.cl\/wp-content\/uploads\/2023\/04\/Foto-M-Raphael-1-1-768x511.jpg 768w, https:\/\/radiorevelacionfm.cl\/wp-content\/uploads\/2023\/04\/Foto-M-Raphael-1-1-705x469.jpg 705w, https:\/\/radiorevelacionfm.cl\/wp-content\/uploads\/2023\/04\/Foto-M-Raphael-1-1-450x300.jpg 450w, https:\/\/radiorevelacionfm.cl\/wp-content\/uploads\/2023\/04\/Foto-M-Raphael-1-1-600x400.jpg 600w\" sizes=\"(max-width: 901px) 100vw, 901px\" \/><\/div><\/div><\/div><\/div><div class=\"flex_column av_one_full  flex_column_div av-zero-column-padding first  avia-builder-el-2  el_after_av_one_full  el_before_av_one_full  column-top-margin\" style='border-radius:0px; '><section class=\"av_textblock_section \"  itemscope=\"itemscope\" itemtype=\"https:\/\/schema.org\/BlogPosting\" itemprop=\"blogPost\" ><div class='avia_textblock  '   itemprop=\"text\" ><p style=\"text-align: center;\"><strong><span style=\"font-size: 18pt;\">Diputada Raphael: \u201cQue 3 mil alumnos no tengan hoy un colegio donde estudiar es inaceptable e inhumano\u201d<\/span><\/strong><\/p>\n<div id=\"gtx-trans\" style=\"position: absolute; left: -50px; top: 4.31534px;\">\n<div class=\"gtx-trans-icon\"><\/div>\n<\/div>\n<\/div><\/section><\/div><div class=\"flex_column av_one_full  flex_column_div av-zero-column-padding first  avia-builder-el-4  el_after_av_one_full  el_before_av_hr  column-top-margin\" style='border-radius:0px; '><section class=\"av_textblock_section \"  itemscope=\"itemscope\" itemtype=\"https:\/\/schema.org\/BlogPosting\" itemprop=\"blogPost\" ><div class='avia_textblock  '   itemprop=\"text\" ><p style=\"text-align: justify;\">\u201cEstamos mejor que hace dos a\u00f1os\u201d, dijeron el lunes 11 varias autoridades de gobierno, incluyendo al presidente Gabriel Boric. Sin embargo, ya iniciado el a\u00f1o escolar hay m\u00e1s de 3 mil estudiantes que a\u00fan no tienen colegio. Lo cierto es que esta situaci\u00f3n es uno de los tantos problemas existentes en materia educacional. Ante este hecho, la bancada de diputados de Renovaci\u00f3n Nacional present\u00f3 una solicitud para crear una Comisi\u00f3n Especial Investigadora (CEI).<\/p>\n<p style=\"text-align: justify;\">\u201cM\u00e1s que pensar en una acusaci\u00f3n constitucional, como Bancada (RN) vamos a presentar una Comisi\u00f3n Investigadora, porque nos interesa que se pueda solucionar cuanto antes la situaci\u00f3n de m\u00e1s de 3 mil alumnos sin matr\u00edcula\u201d, dijo la diputada Marcia Raphael, quien integra la comisi\u00f3n de Educaci\u00f3n. Y agreg\u00f3: \u201cEl ministro Cataldo ha hecho una muy mala gesti\u00f3n y tiene enormes problemas para solucionar\u201d.<\/p>\n<p style=\"text-align: justify;\">Al respecto detall\u00f3, entre los problemas a solucionar por la autoridad, los \u201ccompromisos adquiridos como, el CAE, deuda hist\u00f3rica de los profesores, el traspaso de la educaci\u00f3n p\u00fablica, que dudo pueda solucionar, ya que no hemos visto de parte del gobierno la voluntad pol\u00edtica para avanzar en el tema educaci\u00f3n\u201d.<\/p>\n<p style=\"text-align: justify;\">En la petici\u00f3n para que se cree la CEI, se recuerda que el a\u00f1o escolar iniciado en los primeros d\u00edas de marzo, ha registrado inconvenientes en regiones como la de Tarapac\u00e1, Antofagasta, Atacama, Coquimbo, Biob\u00edo. \u201cLo anterior -seg\u00fan el escrito- se ha traducido en que millares de estudiantes primarios a\u00fan no han podido iniciar sus clases, lo que parece especialmente grave si tenemos en consideraci\u00f3n la necesidad de superar el d\u00e9ficit que dej\u00f3 la pandemia en materia educativa\u201d.<\/p>\n<p style=\"text-align: justify;\">Se evidencia, adem\u00e1s, que la educaci\u00f3n p\u00fablica sufre una \u201cgrave enfermedad, que qued\u00f3 de manifiesto tambi\u00e9n al final del a\u00f1o pasado con la crisis de Atacama, expresi\u00f3n del fracaso de una pol\u00edtica que se impuso en base a pretensiones ideol\u00f3gicas y por sujetos cuyas capacidades e idoneidades t\u00e9cnicas han sido severamente cuestionadas en los \u00faltimos meses\u201d.<\/p>\n<p style=\"text-align: justify;\">Raphael, tambi\u00e9n ha puesto el \u00e9nfasis \u201cEn la necesidad de poder evaluar el sistema de admisi\u00f3n escolar y arreglar cuanto antes los problemas que tiene este sistema que en la pr\u00e1ctica se ha visto que ha fracasado profundamente. Es lamentable que casi 3 mil alumnos no hayan podido iniciar el a\u00f1o escolar. Situaci\u00f3n que tambi\u00e9n se repite en nuestra regi\u00f3n donde alumnos inclusos han perdido sus becas de residencia familiar por este problema. Yo no s\u00e9 c\u00f3mo le explicamos a nuestros ni\u00f1os que, debido a malas decisiones y pol\u00edticas p\u00fablicas mal hechas, hoy no tienen un colegio donde estudiar\u201d se\u00f1al\u00f3 Raphael.<\/p>\n<p style=\"text-align: justify;\">Finalmente, los parlamentarios adelantaron que recurrir\u00e1n a instancias internacionales, como la UNICEF para entregar los antecedentes de la grave situaci\u00f3n que est\u00e1n enfrentando los menores en nuestro pa\u00eds.<\/p>\n<\/div><\/section><\/div><div  style='height:50px' class='hr hr-invisible   avia-builder-el-6  el_after_av_one_full  el_before_av_social_share '><span class='hr-inner ' ><span class='hr-inner-style'><\/span><\/span><\/div><\/p>\n<div  class='av-social-sharing-box  avia-builder-el-7  el_after_av_hr  el_before_av_hr  '><div class='av-share-box'><h5 class='av-share-link-description av-no-toc '>Compartir esta noticia<\/h5><ul class='av-share-box-list noLightbox'><li class='av-share-link av-social-link-facebook' ><a target=\"_blank\" aria-label=\"Compartir en Facebook\" href='https:\/\/www.facebook.com\/sharer.php?u=https:\/\/radiorevelacionfm.cl\/?p=40444&#038;t=Diputada%20Raphael%3A%20%E2%80%9CQue%203%20mil%20alumnos%20no%20tengan%20hoy%20un%20colegio%20donde%20estudiar%20es%20inaceptable%20e%20inhumano%E2%80%9D' aria-hidden='false' data-av_icon='\ue8f3' data-av_iconfont='entypo-fontello' title='' data-avia-related-tooltip='Compartir en Facebook' rel=\"noopener\"><span class='avia_hidden_link_text'>Compartir en Facebook<\/span><\/a><\/li><li class='av-share-link av-social-link-twitter' ><a target=\"_blank\" aria-label=\"Compartir en Twitter\" href='https:\/\/twitter.com\/share?text=Diputada%20Raphael%3A%20%E2%80%9CQue%203%20mil%20alumnos%20no%20tengan%20hoy%20un%20colegio%20donde%20estudiar%20es%20inaceptable%20e%20inhumano%E2%80%9D&#038;url=https:\/\/radiorevelacionfm.cl\/?p=40444' aria-hidden='false' data-av_icon='\ue8f1' data-av_iconfont='entypo-fontello' title='' data-avia-related-tooltip='Compartir en Twitter' rel=\"noopener\"><span class='avia_hidden_link_text'>Compartir en Twitter<\/span><\/a><\/li><li class='av-share-link av-social-link-whatsapp' ><a target=\"_blank\" aria-label=\"Compartir en Whatsapp\" href='https:\/\/api.whatsapp.com\/send?text=https:\/\/radiorevelacionfm.cl\/?p=40444' aria-hidden='false' data-av_icon='\uf232' data-av_iconfont='entypo-fontello' title='' data-avia-related-tooltip='Compartir en Whatsapp' rel=\"noopener\"><span class='avia_hidden_link_text'>Compartir en Whatsapp<\/span><\/a><\/li><li class='av-share-link av-social-link-linkedin' ><a target=\"_blank\" aria-label=\"Compartir en LinkedIn\" href='https:\/\/linkedin.com\/shareArticle?mini=true&#038;title=Diputada%20Raphael%3A%20%E2%80%9CQue%203%20mil%20alumnos%20no%20tengan%20hoy%20un%20colegio%20donde%20estudiar%20es%20inaceptable%20e%20inhumano%E2%80%9D&#038;url=https:\/\/radiorevelacionfm.cl\/?p=40444' aria-hidden='false' data-av_icon='\ue8fc' data-av_iconfont='entypo-fontello' title='' data-avia-related-tooltip='Compartir en LinkedIn' rel=\"noopener\"><span class='avia_hidden_link_text'>Compartir en LinkedIn<\/span><\/a><\/li><li class='av-share-link av-social-link-mail' ><a  aria-label=\"Compartir por correo\" href='mailto:?subject=Diputada%20Raphael%3A%20%E2%80%9CQue%203%20mil%20alumnos%20no%20tengan%20hoy%20un%20colegio%20donde%20estudiar%20es%20inaceptable%20e%20inhumano%E2%80%9D&#038;body=https:\/\/radiorevelacionfm.cl\/?p=40444' aria-hidden='false' data-av_icon='\ue805' data-av_iconfont='entypo-fontello' title='' data-avia-related-tooltip='Compartir por correo'><span class='avia_hidden_link_text'>Compartir por correo<\/span><\/a><\/li><\/ul><\/div><\/div>\n<div  style='height:50px' class='hr hr-invisible   avia-builder-el-8  el_after_av_social_share  el_before_av_comments_list '><span class='hr-inner ' ><span class='hr-inner-style'><\/span><\/span><\/div>\n<div  class='av-buildercomment  av-blog-meta-html-info-disabled av-blog-meta-tag-disabled  '><\/div>\n","protected":false},"excerpt":{"rendered":"","protected":false},"author":1,"featured_media":29715,"comment_status":"open","ping_status":"open","sticky":false,"template":"","format":"standard","meta":{"footnotes":""},"categories":[35],"tags":[],"class_list":["post-40444","post","type-post","status-publish","format-standard","has-post-thumbnail","hentry","category-politica"],"jetpack_featured_media_url":"https:\/\/radiorevelacionfm.cl\/wp-content\/uploads\/2023\/04\/Foto-M-Raphael-1-1.jpg","_links":{"self":[{"href":"https:\/\/radiorevelacionfm.cl\/index.php?rest_route=\/wp\/v2\/posts\/40444","targetHints":{"allow":["GET"]}}],"collection":[{"href":"https:\/\/radiorevelacionfm.cl\/index.php?rest_route=\/wp\/v2\/posts"}],"about":[{"href":"https:\/\/radiorevelacionfm.cl\/index.php?rest_route=\/wp\/v2\/types\/post"}],"author":[{"embeddable":true,"href":"https:\/\/radiorevelacionfm.cl\/index.php?rest_route=\/wp\/v2\/users\/1"}],"replies":[{"embeddable":true,"href":"https:\/\/radiorevelacionfm.cl\/index.php?rest_route=%2Fwp%2Fv2%2Fcomments&post=40444"}],"version-history":[{"count":1,"href":"https:\/\/radiorevelacionfm.cl\/index.php?rest_route=\/wp\/v2\/posts\/40444\/revisions"}],"predecessor-version":[{"id":40445,"href":"https:\/\/radiorevelacionfm.cl\/index.php?rest_route=\/wp\/v2\/posts\/40444\/revisions\/40445"}],"wp:featuredmedia":[{"embeddable":true,"href":"https:\/\/radiorevelacionfm.cl\/index.php?rest_route=\/wp\/v2\/media\/29715"}],"wp:attachment":[{"href":"https:\/\/radiorevelacionfm.cl\/index.php?rest_route=%2Fwp%2Fv2%2Fmedia&parent=40444"}],"wp:term":[{"taxonomy":"category","embeddable":true,"href":"https:\/\/radiorevelacionfm.cl\/index.php?rest_route=%2Fwp%2Fv2%2Fcategories&post=40444"},{"taxonomy":"post_tag","embeddable":true,"href":"https:\/\/radiorevelacionfm.cl\/index.php?rest_route=%2Fwp%2Fv2%2Ftags&post=40444"}],"curies":[{"name":"wp","href":"https:\/\/api.w.org\/{rel}","templated":true}]}}