{"id":40437,"date":"2024-03-18T17:39:15","date_gmt":"2024-03-18T20:39:15","guid":{"rendered":"https:\/\/radiorevelacionfm.cl\/?p=40437"},"modified":"2024-03-18T17:39:15","modified_gmt":"2024-03-18T20:39:15","slug":"establecimientos-educacionales-se-suman-a-campana-de-vacunacion-contra-el-covid-19","status":"publish","type":"post","link":"https:\/\/radiorevelacionfm.cl\/?p=40437","title":{"rendered":"Establecimientos educacionales se suman a campa\u00f1a de vacunaci\u00f3n contra el COVID-19"},"content":{"rendered":"<div class=\"flex_column av_one_full  flex_column_div av-zero-column-padding first  avia-builder-el-0  el_before_av_one_full  avia-builder-el-first  \" style='border-radius:0px; '><div  class='avia-image-container  av-styling-    avia-builder-el-1  avia-builder-el-no-sibling  avia-align-center '  itemprop=\"image\" itemscope=\"itemscope\" itemtype=\"https:\/\/schema.org\/ImageObject\"  ><div class='avia-image-container-inner'><div class='avia-image-overlay-wrap'><img decoding=\"async\" class='wp-image-40438 avia-img-lazy-loading-not-40438 avia_image' src=\"https:\/\/radiorevelacionfm.cl\/wp-content\/uploads\/2024\/03\/vacunacion-por-covid19-1_optimized.jpg\" alt='' title='vacunaci\u00f3n-por-covid19-(1)_optimized' height=\"800\" width=\"950\"  itemprop=\"thumbnailUrl\" srcset=\"https:\/\/radiorevelacionfm.cl\/wp-content\/uploads\/2024\/03\/vacunacion-por-covid19-1_optimized.jpg 950w, https:\/\/radiorevelacionfm.cl\/wp-content\/uploads\/2024\/03\/vacunacion-por-covid19-1_optimized-300x253.jpg 300w, https:\/\/radiorevelacionfm.cl\/wp-content\/uploads\/2024\/03\/vacunacion-por-covid19-1_optimized-768x647.jpg 768w, https:\/\/radiorevelacionfm.cl\/wp-content\/uploads\/2024\/03\/vacunacion-por-covid19-1_optimized-705x594.jpg 705w, https:\/\/radiorevelacionfm.cl\/wp-content\/uploads\/2024\/03\/vacunacion-por-covid19-1_optimized-450x379.jpg 450w, https:\/\/radiorevelacionfm.cl\/wp-content\/uploads\/2024\/03\/vacunacion-por-covid19-1_optimized-600x505.jpg 600w\" sizes=\"(max-width: 950px) 100vw, 950px\" \/><\/div><\/div><\/div><\/div>\n<div class=\"flex_column av_one_full  flex_column_div av-zero-column-padding first  avia-builder-el-2  el_after_av_one_full  el_before_av_one_full  column-top-margin\" style='border-radius:0px; '><section class=\"av_textblock_section \"  itemscope=\"itemscope\" itemtype=\"https:\/\/schema.org\/BlogPosting\" itemprop=\"blogPost\" ><div class='avia_textblock  '   itemprop=\"text\" ><p style=\"text-align: center;\"><span style=\"font-size: 18pt;\"><strong>Establecimientos educacionales se suman a campa\u00f1a de vacunaci\u00f3n contra el COVID-19<\/strong><\/span><\/p>\n<div id=\"gtx-trans\" style=\"position: absolute; left: -50px; top: 4.31534px;\">\n<div class=\"gtx-trans-icon\"><\/div>\n<\/div>\n<\/div><\/section><\/div>\n<div class=\"flex_column av_one_full  flex_column_div av-zero-column-padding first  avia-builder-el-4  el_after_av_one_full  el_before_av_hr  column-top-margin\" style='border-radius:0px; '><section class=\"av_textblock_section \"  itemscope=\"itemscope\" itemtype=\"https:\/\/schema.org\/BlogPosting\" itemprop=\"blogPost\" ><div class='avia_textblock  '   itemprop=\"text\" ><p style=\"text-align: justify;\"><em>Docentes, asistentes y personal de educaci\u00f3n de la escuela V\u00edctor Domingo Silva de Coyhaique se adhirieron al proceso de vacunaci\u00f3n, medida que les permitir\u00e1 resguardar la salud de sus alumnos y plantel educativo durante este 2024.<\/em><\/p>\n<p style=\"text-align: justify;\">Con la finalidad de resguardar la salud de alumnos y equipos directivos, el Ministerio de Salud contin\u00faa reforzando los procesos de vacunaci\u00f3n contra el COVID-19 a lo largo del pa\u00eds, medida que esta siendo replicada a nivel local, tal como ocurri\u00f3 en la escuela V\u00edctor Domingo Silva de Coyhaique donde su comunidad educativa se sum\u00f3 a esta campa\u00f1a orientada a que profesores, asistentes y personal de educaci\u00f3n de educaci\u00f3n \u00a0pre-escolar y hasta octavo a\u00f1o de ense\u00f1anza b\u00e1sica, accedan a este programa de inmunizaci\u00f3n antes de la llegada del invierno.<\/p>\n<p style=\"text-align: justify;\">Trabajo colaborativo que se realiza con los planteles educacionales que fue destacado por la Seremi de Educaci\u00f3n, Isabel Garrido Casassa. \u201cDesde el Ministerio de Educaci\u00f3n, nos sumamos al llamado del sector Salud a la vacunaci\u00f3n de los profesores, trabajadores y asistentes de la educaci\u00f3n, para que se vacunen \u00a0contra el COVID-19, sabemos como experiencia que la vacunaci\u00f3n es la mejor herramienta que tenemos para resguardar la salud de la poblaci\u00f3n, y desde la administraci\u00f3n del Presidente Boric, queremos confirmar la importancia que tienen los trabajadores y trabajadoras y con ello resguardar su salud\u201d.<\/p>\n<p style=\"text-align: justify;\">Para el Director de la Escuela V\u00edctor Domingo Silva, Marcos Navarro Ojeda, la puesta en marcha de este programa de vacunaci\u00f3n va en directo beneficio de los alumnos y las propias comunidades educativas. \u201cNosotros desde el inicio del proceso del COVID hemos estado siempre atentos como establecimiento educacional a poder vacunar al personal del establecimiento, de tal manera que no seamos un foco de contagio para los estudiantes, ah\u00ed esta la importancia de este proceso que se esta llevando a cabo hoy d\u00eda, donde una vez m\u00e1s, docentes y asistentes de la educaci\u00f3n se est\u00e1n vacunando para prevenir y evitar el rebrote de COVID-19 en nuestra regi\u00f3n\u201d, puntualiz\u00f3.<\/p>\n<p style=\"text-align: justify;\">Por su parte, la Seremi de Salud, Carmen Monsalve G\u00f3mez, recalc\u00f3 la importancia que los establecimientos educacionales accedan a los procesos de vacunaci\u00f3n contra el COVID-19. \u201cHoy d\u00eda los docentes y asistentes de la educaci\u00f3n han sido considerados como grupo priorizado por el Ministerio de Salud para acceder a la vacuna contra el COVID-19, justamente por la importancia que ellos tienen de poder mantener a los planteles educativos funcionando, tal como la ha instruido nuestro Gobierno. El llamado es a que la comunidad acceda a su vacuna, el plazo de es de un a\u00f1o desde la \u00faltima inmunizaci\u00f3n, la cual puede ser consultada en el sitio web <a href=\"http:\/\/www.mevacuno.cl\">www.mevacuno.cl<\/a>\u201d<\/p>\n<p style=\"text-align: justify;\">Finalmente, para la Encargada del Vacunaci\u00f3n del Servicio de Salud Ays\u00e9n, Leandra Aguilar, indic\u00f3 que la vacunaci\u00f3n contra el COVID-19 se est\u00e1 desarrollando a lo largo de toda la regi\u00f3n. \u201cEsta vacuna COVID-19 actualizada, ya est\u00e1 disponible a lo largo de toda la red asistencial, donde nuestros equipos ya est\u00e1n capacitados y dispuestos a poder entregar una vacunaci\u00f3n segura para cada uno de los habitantes de la regi\u00f3n, especialmente a los grupos objetivos de este proceso de vacunaci\u00f3n, para que puedan tener una buena salud durante este invierno\u201d.<\/p>\n<p style=\"text-align: justify;\">A trav\u00e9s de este proceso, se busca ampliar esta vacunaci\u00f3n para los profesores y asistentes de la educaci\u00f3n hasta 8vo a\u00f1o de ense\u00f1anza b\u00e1sica. Lo anterior basado en el compromiso con la educaci\u00f3n y en el rol clave que desempe\u00f1an estos trabajadores, por lo que es fundamental cuidar su salud y evitar que enfermen por COVID-19, especialmente durante la \u00e9poca invernal donde se produce una mayor circulaci\u00f3n de virus que afectan la salud de las personas.<\/p>\n<p style=\"text-align: justify;\"><strong>Poblaci\u00f3n objetivo <\/strong><\/p>\n<p style=\"text-align: justify;\">De esta manera los profesores se suman a los grupos ya priorizados, durante este a\u00f1o:<\/p>\n<ul>\n<li style=\"text-align: justify;\">Adultos sanos de 60 a\u00f1os en adelante,<\/li>\n<li style=\"text-align: justify;\">Embarazadas,<\/li>\n<li style=\"text-align: justify;\">Personal de salud<\/li>\n<li style=\"text-align: justify;\">Personas con enfermedades cr\u00f3nicas desde los 6 meses en adelante<\/li>\n<li style=\"text-align: justify;\">Personas inmunocomprometidas desde los 6 meses en adelante<\/li>\n<li style=\"text-align: justify;\">Personal de Fuerzas Armadas, de Orden y Seguridad, como Carabineros, PDI, Gendarmer\u00eda, Ej\u00e9rcito, Armada y Fuerza A\u00e9rea.<\/li>\n<li style=\"text-align: justify;\">Funcionarios de SENAPRED, CONAF y Bomberos.<\/li>\n<li style=\"text-align: justify;\">Censistas del CENSO 2024.<\/li>\n<li style=\"text-align: justify;\">Cuidadores y contactos intradomiciliarios de personas postradas.<\/li>\n<li style=\"text-align: justify;\">Personal que desarrolla funciones esenciales para la atenci\u00f3n directa a p\u00fablico en farmacias comunitarias y en laboratorios que realizan detecci\u00f3n de SARS-CoV-2.<\/li>\n<li style=\"text-align: justify;\">Funcionarios de los 24 ministerios, del Poder Judicial, Legislativo, de Gobiernos Regionales y Municipalidades.<\/li>\n<\/ul>\n<\/div><\/section><\/div><div  style='height:50px' class='hr hr-invisible   avia-builder-el-6  el_after_av_one_full  el_before_av_social_share '><span class='hr-inner ' ><span class='hr-inner-style'><\/span><\/span><\/div><\/p>\n<div  class='av-social-sharing-box  avia-builder-el-7  el_after_av_hr  el_before_av_hr  '><div class='av-share-box'><h5 class='av-share-link-description av-no-toc '>Compartir esta noticia<\/h5><ul class='av-share-box-list noLightbox'><li class='av-share-link av-social-link-facebook' ><a target=\"_blank\" aria-label=\"Compartir en Facebook\" href='https:\/\/www.facebook.com\/sharer.php?u=https:\/\/radiorevelacionfm.cl\/?p=40437&#038;t=Establecimientos%20educacionales%20se%20suman%20a%20campa%C3%B1a%20de%20vacunaci%C3%B3n%20contra%20el%20COVID-19' aria-hidden='false' data-av_icon='\ue8f3' data-av_iconfont='entypo-fontello' title='' data-avia-related-tooltip='Compartir en Facebook' rel=\"noopener\"><span class='avia_hidden_link_text'>Compartir en Facebook<\/span><\/a><\/li><li class='av-share-link av-social-link-twitter' ><a target=\"_blank\" aria-label=\"Compartir en Twitter\" href='https:\/\/twitter.com\/share?text=Establecimientos%20educacionales%20se%20suman%20a%20campa%C3%B1a%20de%20vacunaci%C3%B3n%20contra%20el%20COVID-19&#038;url=https:\/\/radiorevelacionfm.cl\/?p=40437' aria-hidden='false' data-av_icon='\ue8f1' data-av_iconfont='entypo-fontello' title='' data-avia-related-tooltip='Compartir en Twitter' rel=\"noopener\"><span class='avia_hidden_link_text'>Compartir en Twitter<\/span><\/a><\/li><li class='av-share-link av-social-link-whatsapp' ><a target=\"_blank\" aria-label=\"Compartir en Whatsapp\" href='https:\/\/api.whatsapp.com\/send?text=https:\/\/radiorevelacionfm.cl\/?p=40437' aria-hidden='false' data-av_icon='\uf232' data-av_iconfont='entypo-fontello' title='' data-avia-related-tooltip='Compartir en Whatsapp' rel=\"noopener\"><span class='avia_hidden_link_text'>Compartir en Whatsapp<\/span><\/a><\/li><li class='av-share-link av-social-link-linkedin' ><a target=\"_blank\" aria-label=\"Compartir en LinkedIn\" href='https:\/\/linkedin.com\/shareArticle?mini=true&#038;title=Establecimientos%20educacionales%20se%20suman%20a%20campa%C3%B1a%20de%20vacunaci%C3%B3n%20contra%20el%20COVID-19&#038;url=https:\/\/radiorevelacionfm.cl\/?p=40437' aria-hidden='false' data-av_icon='\ue8fc' data-av_iconfont='entypo-fontello' title='' data-avia-related-tooltip='Compartir en LinkedIn' rel=\"noopener\"><span class='avia_hidden_link_text'>Compartir en LinkedIn<\/span><\/a><\/li><li class='av-share-link av-social-link-mail' ><a  aria-label=\"Compartir por correo\" href='mailto:?subject=Establecimientos%20educacionales%20se%20suman%20a%20campa%C3%B1a%20de%20vacunaci%C3%B3n%20contra%20el%20COVID-19&#038;body=https:\/\/radiorevelacionfm.cl\/?p=40437' aria-hidden='false' data-av_icon='\ue805' data-av_iconfont='entypo-fontello' title='' data-avia-related-tooltip='Compartir por correo'><span class='avia_hidden_link_text'>Compartir por correo<\/span><\/a><\/li><\/ul><\/div><\/div>\n<div  style='height:50px' class='hr hr-invisible   avia-builder-el-8  el_after_av_social_share  el_before_av_comments_list '><span class='hr-inner ' ><span class='hr-inner-style'><\/span><\/span><\/div>\n<div  class='av-buildercomment  av-blog-meta-html-info-disabled av-blog-meta-tag-disabled  '><\/div>\n","protected":false},"excerpt":{"rendered":"","protected":false},"author":1,"featured_media":40438,"comment_status":"open","ping_status":"open","sticky":false,"template":"","format":"standard","meta":{"footnotes":""},"categories":[46],"tags":[],"class_list":["post-40437","post","type-post","status-publish","format-standard","has-post-thumbnail","hentry","category-salud"],"jetpack_featured_media_url":"https:\/\/radiorevelacionfm.cl\/wp-content\/uploads\/2024\/03\/vacunacion-por-covid19-1_optimized.jpg","_links":{"self":[{"href":"https:\/\/radiorevelacionfm.cl\/index.php?rest_route=\/wp\/v2\/posts\/40437","targetHints":{"allow":["GET"]}}],"collection":[{"href":"https:\/\/radiorevelacionfm.cl\/index.php?rest_route=\/wp\/v2\/posts"}],"about":[{"href":"https:\/\/radiorevelacionfm.cl\/index.php?rest_route=\/wp\/v2\/types\/post"}],"author":[{"embeddable":true,"href":"https:\/\/radiorevelacionfm.cl\/index.php?rest_route=\/wp\/v2\/users\/1"}],"replies":[{"embeddable":true,"href":"https:\/\/radiorevelacionfm.cl\/index.php?rest_route=%2Fwp%2Fv2%2Fcomments&post=40437"}],"version-history":[{"count":2,"href":"https:\/\/radiorevelacionfm.cl\/index.php?rest_route=\/wp\/v2\/posts\/40437\/revisions"}],"predecessor-version":[{"id":40440,"href":"https:\/\/radiorevelacionfm.cl\/index.php?rest_route=\/wp\/v2\/posts\/40437\/revisions\/40440"}],"wp:featuredmedia":[{"embeddable":true,"href":"https:\/\/radiorevelacionfm.cl\/index.php?rest_route=\/wp\/v2\/media\/40438"}],"wp:attachment":[{"href":"https:\/\/radiorevelacionfm.cl\/index.php?rest_route=%2Fwp%2Fv2%2Fmedia&parent=40437"}],"wp:term":[{"taxonomy":"category","embeddable":true,"href":"https:\/\/radiorevelacionfm.cl\/index.php?rest_route=%2Fwp%2Fv2%2Fcategories&post=40437"},{"taxonomy":"post_tag","embeddable":true,"href":"https:\/\/radiorevelacionfm.cl\/index.php?rest_route=%2Fwp%2Fv2%2Ftags&post=40437"}],"curies":[{"name":"wp","href":"https:\/\/api.w.org\/{rel}","templated":true}]}}