{"id":40434,"date":"2024-03-18T22:51:00","date_gmt":"2024-03-19T01:51:00","guid":{"rendered":"https:\/\/radiorevelacionfm.cl\/?p=40434"},"modified":"2024-03-18T22:51:00","modified_gmt":"2024-03-19T01:51:00","slug":"en-jardin-infantil-mackay-de-coyhaique-inauguraron-el-ano-de-educacion-parvularia-2024-en-la-region","status":"publish","type":"post","link":"https:\/\/radiorevelacionfm.cl\/?p=40434","title":{"rendered":"En Jard\u00edn Infantil Mackay de Coyhaique inauguraron el A\u00f1o de Educaci\u00f3n Parvularia 2024 en la regi\u00f3n"},"content":{"rendered":"<div class=\"flex_column av_one_full  flex_column_div av-zero-column-padding first  avia-builder-el-0  el_before_av_one_full  avia-builder-el-first  \" style='border-radius:0px; '><div  class='avia-image-container  av-styling-    avia-builder-el-1  avia-builder-el-no-sibling  avia-align-center '  itemprop=\"image\" itemscope=\"itemscope\" itemtype=\"https:\/\/schema.org\/ImageObject\"  ><div class='avia-image-container-inner'><div class='avia-image-overlay-wrap'><img decoding=\"async\" class='wp-image-40435 avia-img-lazy-loading-not-40435 avia_image' src=\"https:\/\/radiorevelacionfm.cl\/wp-content\/uploads\/2024\/03\/Inicio-Ano-Parvulario-2024-1-1.jpg\" alt='' title='Inicio A\u00f1o Parvulario 2024 (1) (1)' height=\"600\" width=\"1089\"  itemprop=\"thumbnailUrl\" srcset=\"https:\/\/radiorevelacionfm.cl\/wp-content\/uploads\/2024\/03\/Inicio-Ano-Parvulario-2024-1-1.jpg 1089w, https:\/\/radiorevelacionfm.cl\/wp-content\/uploads\/2024\/03\/Inicio-Ano-Parvulario-2024-1-1-300x165.jpg 300w, https:\/\/radiorevelacionfm.cl\/wp-content\/uploads\/2024\/03\/Inicio-Ano-Parvulario-2024-1-1-1030x567.jpg 1030w, https:\/\/radiorevelacionfm.cl\/wp-content\/uploads\/2024\/03\/Inicio-Ano-Parvulario-2024-1-1-768x423.jpg 768w, https:\/\/radiorevelacionfm.cl\/wp-content\/uploads\/2024\/03\/Inicio-Ano-Parvulario-2024-1-1-705x388.jpg 705w, https:\/\/radiorevelacionfm.cl\/wp-content\/uploads\/2024\/03\/Inicio-Ano-Parvulario-2024-1-1-450x248.jpg 450w, https:\/\/radiorevelacionfm.cl\/wp-content\/uploads\/2024\/03\/Inicio-Ano-Parvulario-2024-1-1-600x331.jpg 600w\" sizes=\"(max-width: 1089px) 100vw, 1089px\" \/><\/div><\/div><\/div><\/div><div class=\"flex_column av_one_full  flex_column_div av-zero-column-padding first  avia-builder-el-2  el_after_av_one_full  el_before_av_one_full  column-top-margin\" style='border-radius:0px; '><section class=\"av_textblock_section \"  itemscope=\"itemscope\" itemtype=\"https:\/\/schema.org\/BlogPosting\" itemprop=\"blogPost\" ><div class='avia_textblock  '   itemprop=\"text\" ><p style=\"text-align: center;\"><strong><span style=\"font-size: 18pt;\">En Jard\u00edn Infantil Mackay de Coyhaique inauguraron el A\u00f1o de Educaci\u00f3n Parvularia 2024 en la regi\u00f3n<\/span><\/strong><\/p>\n<div id=\"gtx-trans\" style=\"position: absolute; left: -50px; top: 4.31534px;\">\n<div class=\"gtx-trans-icon\"><\/div>\n<\/div>\n<\/div><\/section><\/div><div class=\"flex_column av_one_full  flex_column_div av-zero-column-padding first  avia-builder-el-4  el_after_av_one_full  el_before_av_hr  column-top-margin\" style='border-radius:0px; '><section class=\"av_textblock_section \"  itemscope=\"itemscope\" itemtype=\"https:\/\/schema.org\/BlogPosting\" itemprop=\"blogPost\" ><div class='avia_textblock  '   itemprop=\"text\" ><p class=\"v1MsoNormal\" style=\"text-align: justify;\">El viernes 15 de Marzo en el Jard\u00edn Infantil y Sala Cuna Mackay de Fundaci\u00f3n Integra en Coyhaique la Seremi de Educaci\u00f3n de Ays\u00e9n Isabel Garrido junto a los directores regionales de Fundaci\u00f3n Integra Leticia Araya y de Junji Juan Eduardo Lorca dieron inicio al A\u00f1o en Educaci\u00f3n Parvularia 2024.<\/p>\n<p class=\"v1MsoNormal\" style=\"text-align: justify;\">En la actividad estuvieron presentes tambi\u00e9n la directora regional de la Superintendencia de Educaci\u00f3n Pamela Adriazola, la Jefa del Departamento Provincial de Educaci\u00f3n Coyhaique, Michelle Grondona, el equipo de la Subsecretar\u00eda de Educaci\u00f3n Parvularia en la regi\u00f3n, representantes del Servicio Local de Educaci\u00f3n P\u00fablica SLEP Ays\u00e9n y del Gobierno Regional, adem\u00e1s del equipo educativo, ni\u00f1os y ni\u00f1as y apoderados del jard\u00edn infantil Mackay.<\/p>\n<p class=\"v1MsoNormal\" style=\"text-align: justify;\">El objetivo fue destacar la trascendencia que tiene la Educaci\u00f3n Inicial en el contexto del Plan de Reactivaci\u00f3n Educativa que impulsa el Gobierno del Presidente Boric. Asimismo, las autoridades hicieron un llamado a las familias a enviar a sus hijas e hijos al jard\u00edn infantil y la escuela destacando la importancia que tiene la asistencia permanente.<\/p>\n<p class=\"v1MsoNormal\" style=\"text-align: justify;\">Este hito muestra un trabajo articulado entre las instituciones de educaci\u00f3n parvularia, el cual se produce bajo el alero del Ministerio de Educaci\u00f3n y su nueva gobernanza que se sustenta en la participaci\u00f3n y coordinaci\u00f3n de distintos actores que forman parte del sistema educativo. (Subsecretar\u00eda de Educaci\u00f3n Parvularia, JUNJI, Fundaci\u00f3n Integra y SLEP).<\/p>\n<p class=\"v1MsoNormal\" style=\"text-align: justify;\">En el acto tambi\u00e9n se destac\u00f3 el valor de la Educaci\u00f3n Parvularia P\u00fablica en Chile que cumple 160 a\u00f1os, no desde una perspectiva individual, sino de bien colectivo, que permite el desarrollo de las capacidades de ni\u00f1as y ni\u00f1os, pero a trav\u00e9s de ello, y m\u00e1s importante a\u00fan, el desarrollo y bienestar de toda la sociedad.<\/p>\n<p class=\"v1MsoNormal\" style=\"text-align: justify;\">Los asistentes recorrieron las flamantes dependencias del Jard\u00edn Infantil Mackay que desde el a\u00f1o pasado funciona en un nuevo edificio de 600 metros cuadrados construidos los que est\u00e1n habilitados para que los ni\u00f1os y ni\u00f1as puedan interactuar con el medio ambiente y en un entorno natural, utilizando cada espacio como foco de aprendizaje.<\/p>\n<p class=\"v1MsoNormal\" style=\"text-align: justify;\">Cabe destacar que este proyecto cuenta con 3 niveles educativos -sala cuna, nivel medio menor y un nivel medio mayor- los que cumplen con la normativa del ministerio de Educaci\u00f3n y con todo el mobiliario para que ni\u00f1as y ni\u00f1os puedan desarrollar sus habilidades. Del mismo modo, el establecimiento cuenta con una sala multiuso, adem\u00e1s de una sala de amamantamiento y dos patios cubiertos, a lo que se suma un patio de juego exterior con 165 metros cuadrados de piso de caucho con juegos infantiles did\u00e1cticos y jardines verticales.<\/p>\n<p class=\"v1MsoNormal\" style=\"text-align: justify;\">Las y los asistentes a la ceremonia constataron que es un espacio amplio, acogedor que cumple con los nuevos y exigentes est\u00e1ndares en cuanto a condiciones de dignidad en las que ni\u00f1os y ni\u00f1as se van a formar durante sus primeros a\u00f1os de educaci\u00f3n.<\/p>\n<p class=\"v1MsoNormal\" style=\"text-align: justify;\"><b>Vamos al Jard\u00edn<\/b><\/p>\n<p class=\"v1MsoNormal\" style=\"text-align: justify;\">Las autoridades coincidieron en la importancia de la educaci\u00f3n inicial.<\/p>\n<p class=\"v1MsoNormal\" style=\"text-align: justify;\">La Seremi Isabel Garrido manifest\u00f3 que \u201cEl Presidente Gabriel Boric nos ha mandatado fortalecer e impulsar el Plan de Reactivaci\u00f3n Educativa en todos los niveles y espacios; y el foco est\u00e1 en promover la asistencia a clases en educaci\u00f3n b\u00e1sica y media y al jard\u00edn infantil y escuela en educaci\u00f3n parvularia. Entendemos que en jard\u00edn infantil no solo desarrollamos aprendizajes de contenido que son muy importantes, pero\u00a0 tambi\u00e9n aprendemos a desarrollar nuestras emociones, a gestionar las relaciones con otras personas y es en la educaci\u00f3n parvularia es donde se construyen los fundamentos de ese aprendizaje. Por lo anterior invitamos a las familias\u00a0 a que se comprometan con la reactivaci\u00f3n educativa con la asistencia de sus hijas e hijos a clases\u201d.<\/p>\n<p class=\"v1MsoNormal\" style=\"text-align: justify;\">En esa misma l\u00ednea, el director regional de Junji Juan Eduardo Lorca se\u00f1al\u00f3. \u201cInvitamos a las familias a que sigan confiando en la educaci\u00f3n parvularia p\u00fablica de calidad que ofrecemos en la regi\u00f3n de Ays\u00e9n y especialmente esperamos que las ni\u00f1as y los ni\u00f1os asistan a nuestros centros educativos diariamente ya que los procesos de aprendizaje y de convivencia escolar sana son esenciales y se viven d\u00eda a d\u00eda en cada uno de nuestros jardines infantiles\u201d.<\/p>\n<p class=\"v1MsoNormal\" style=\"text-align: justify;\">La directora regional de Fundaci\u00f3n Integra Leticia Araya indic\u00f3 que como instituci\u00f3n estamos en un proceso de familiarizaci\u00f3n de los ni\u00f1os con su jard\u00edn y no de adaptaci\u00f3n ya que abrimos las puertas para que el ni\u00f1o conozca el jard\u00edn infantil y se familiarice con este espacio. Tambi\u00e9n estamos impulsando la Reactivaci\u00f3n Educativa; hablamos de una educaci\u00f3n transformadora, pero esta no puede ocurrir si las ni\u00f1as y los ni\u00f1os no est\u00e1n en el jard\u00edn. Adem\u00e1s de la matr\u00edcula y la asistencia estamos trabajando en la permanencia para que se cumplan los objetivos pedag\u00f3gicos. Agradecemos la presencia y compromiso de nuestras familias ya que en ellas queremos que se refleje el trabajo que desarrollamos en nuestros jardines. Cuando las familias nos dicen\u00a0 que sus hijos se sienten queridos, acogidos y est\u00e1n felices en el jard\u00edn eso es lo queremos que pase\u201d.<\/p>\n<p class=\"v1MsoNormal\" style=\"text-align: justify;\">Cristi\u00e1n Barahona, padre de Valentino que asiste a sala cuna en el jard\u00edn infantil Mackay expres\u00f3: \u201cEstoy muy agradecido a este jard\u00edn por la infraestructura con la que cuentan que es un espacio donde nuestros ni\u00f1os se pueden desarrollar y tambi\u00e9n por el acompa\u00f1amiento en las emociones que ellos tienen. Siempre se les fomenta la conciencia por el medioambiente y eso redunda en ni\u00f1os m\u00e1s conscientes y m\u00e1s felices y as\u00ed se construye una mejor sociedad en el futuro\u201d:<\/p>\n<p class=\"v1MsoNormal\" style=\"text-align: justify;\">Katherine Ugarte, directora del Jard\u00edn Infantil Mackay coment\u00f3 que \u201cEsta inauguraci\u00f3n del A\u00f1o Parvulario 2024\u00a0 en nuestro jard\u00edn ha sido importante porque hemos podido mostrar nuestra infraestructura, el trabajo de nuestro equipo educativo y el compromiso de nuestras familias. Este nuevo espacio en que estamos nos permite plasmar nuestro sello institucional que es el medioambiente\u201d.<\/p>\n<\/div><\/section><\/div><div  style='height:50px' class='hr hr-invisible   avia-builder-el-6  el_after_av_one_full  el_before_av_social_share '><span class='hr-inner ' ><span class='hr-inner-style'><\/span><\/span><\/div><\/p>\n<div  class='av-social-sharing-box  avia-builder-el-7  el_after_av_hr  el_before_av_hr  '><div class='av-share-box'><h5 class='av-share-link-description av-no-toc '>Compartir esta noticia<\/h5><ul class='av-share-box-list noLightbox'><li class='av-share-link av-social-link-facebook' ><a target=\"_blank\" aria-label=\"Compartir en Facebook\" href='https:\/\/www.facebook.com\/sharer.php?u=https:\/\/radiorevelacionfm.cl\/?p=40434&#038;t=En%20Jard%C3%ADn%20Infantil%20Mackay%20de%20Coyhaique%20inauguraron%20el%20A%C3%B1o%20de%20Educaci%C3%B3n%20Parvularia%202024%20en%20la%20regi%C3%B3n' aria-hidden='false' data-av_icon='\ue8f3' data-av_iconfont='entypo-fontello' title='' data-avia-related-tooltip='Compartir en Facebook' rel=\"noopener\"><span class='avia_hidden_link_text'>Compartir en Facebook<\/span><\/a><\/li><li class='av-share-link av-social-link-twitter' ><a target=\"_blank\" aria-label=\"Compartir en Twitter\" href='https:\/\/twitter.com\/share?text=En%20Jard%C3%ADn%20Infantil%20Mackay%20de%20Coyhaique%20inauguraron%20el%20A%C3%B1o%20de%20Educaci%C3%B3n%20Parvularia%202024%20en%20la%20regi%C3%B3n&#038;url=https:\/\/radiorevelacionfm.cl\/?p=40434' aria-hidden='false' data-av_icon='\ue8f1' data-av_iconfont='entypo-fontello' title='' data-avia-related-tooltip='Compartir en Twitter' rel=\"noopener\"><span class='avia_hidden_link_text'>Compartir en Twitter<\/span><\/a><\/li><li class='av-share-link av-social-link-whatsapp' ><a target=\"_blank\" aria-label=\"Compartir en Whatsapp\" href='https:\/\/api.whatsapp.com\/send?text=https:\/\/radiorevelacionfm.cl\/?p=40434' aria-hidden='false' data-av_icon='\uf232' data-av_iconfont='entypo-fontello' title='' data-avia-related-tooltip='Compartir en Whatsapp' rel=\"noopener\"><span class='avia_hidden_link_text'>Compartir en Whatsapp<\/span><\/a><\/li><li class='av-share-link av-social-link-linkedin' ><a target=\"_blank\" aria-label=\"Compartir en LinkedIn\" href='https:\/\/linkedin.com\/shareArticle?mini=true&#038;title=En%20Jard%C3%ADn%20Infantil%20Mackay%20de%20Coyhaique%20inauguraron%20el%20A%C3%B1o%20de%20Educaci%C3%B3n%20Parvularia%202024%20en%20la%20regi%C3%B3n&#038;url=https:\/\/radiorevelacionfm.cl\/?p=40434' aria-hidden='false' data-av_icon='\ue8fc' data-av_iconfont='entypo-fontello' title='' data-avia-related-tooltip='Compartir en LinkedIn' rel=\"noopener\"><span class='avia_hidden_link_text'>Compartir en LinkedIn<\/span><\/a><\/li><li class='av-share-link av-social-link-mail' ><a  aria-label=\"Compartir por correo\" href='mailto:?subject=En%20Jard%C3%ADn%20Infantil%20Mackay%20de%20Coyhaique%20inauguraron%20el%20A%C3%B1o%20de%20Educaci%C3%B3n%20Parvularia%202024%20en%20la%20regi%C3%B3n&#038;body=https:\/\/radiorevelacionfm.cl\/?p=40434' aria-hidden='false' data-av_icon='\ue805' data-av_iconfont='entypo-fontello' title='' data-avia-related-tooltip='Compartir por correo'><span class='avia_hidden_link_text'>Compartir por correo<\/span><\/a><\/li><\/ul><\/div><\/div>\n<div  style='height:50px' class='hr hr-invisible   avia-builder-el-8  el_after_av_social_share  el_before_av_comments_list '><span class='hr-inner ' ><span class='hr-inner-style'><\/span><\/span><\/div>\n<div  class='av-buildercomment  av-blog-meta-html-info-disabled av-blog-meta-tag-disabled  '><\/div>\n","protected":false},"excerpt":{"rendered":"","protected":false},"author":1,"featured_media":40435,"comment_status":"open","ping_status":"open","sticky":false,"template":"","format":"standard","meta":{"footnotes":""},"categories":[49],"tags":[],"class_list":["post-40434","post","type-post","status-publish","format-standard","has-post-thumbnail","hentry","category-educacion"],"jetpack_featured_media_url":"https:\/\/radiorevelacionfm.cl\/wp-content\/uploads\/2024\/03\/Inicio-Ano-Parvulario-2024-1-1.jpg","_links":{"self":[{"href":"https:\/\/radiorevelacionfm.cl\/index.php?rest_route=\/wp\/v2\/posts\/40434","targetHints":{"allow":["GET"]}}],"collection":[{"href":"https:\/\/radiorevelacionfm.cl\/index.php?rest_route=\/wp\/v2\/posts"}],"about":[{"href":"https:\/\/radiorevelacionfm.cl\/index.php?rest_route=\/wp\/v2\/types\/post"}],"author":[{"embeddable":true,"href":"https:\/\/radiorevelacionfm.cl\/index.php?rest_route=\/wp\/v2\/users\/1"}],"replies":[{"embeddable":true,"href":"https:\/\/radiorevelacionfm.cl\/index.php?rest_route=%2Fwp%2Fv2%2Fcomments&post=40434"}],"version-history":[{"count":1,"href":"https:\/\/radiorevelacionfm.cl\/index.php?rest_route=\/wp\/v2\/posts\/40434\/revisions"}],"predecessor-version":[{"id":40436,"href":"https:\/\/radiorevelacionfm.cl\/index.php?rest_route=\/wp\/v2\/posts\/40434\/revisions\/40436"}],"wp:featuredmedia":[{"embeddable":true,"href":"https:\/\/radiorevelacionfm.cl\/index.php?rest_route=\/wp\/v2\/media\/40435"}],"wp:attachment":[{"href":"https:\/\/radiorevelacionfm.cl\/index.php?rest_route=%2Fwp%2Fv2%2Fmedia&parent=40434"}],"wp:term":[{"taxonomy":"category","embeddable":true,"href":"https:\/\/radiorevelacionfm.cl\/index.php?rest_route=%2Fwp%2Fv2%2Fcategories&post=40434"},{"taxonomy":"post_tag","embeddable":true,"href":"https:\/\/radiorevelacionfm.cl\/index.php?rest_route=%2Fwp%2Fv2%2Ftags&post=40434"}],"curies":[{"name":"wp","href":"https:\/\/api.w.org\/{rel}","templated":true}]}}