{"id":40431,"date":"2024-03-18T16:34:07","date_gmt":"2024-03-18T19:34:07","guid":{"rendered":"https:\/\/radiorevelacionfm.cl\/?p=40431"},"modified":"2024-03-18T16:34:07","modified_gmt":"2024-03-18T19:34:07","slug":"fenats-reitera-demandas-para-mejorar-atencion-de-salud-mental-y-logran-importante-apoyo-del-diputado-calisto","status":"publish","type":"post","link":"https:\/\/radiorevelacionfm.cl\/?p=40431","title":{"rendered":"Fenats reitera demandas para mejorar atenci\u00f3n de salud mental y logran importante apoyo del diputado Calisto"},"content":{"rendered":"<div class=\"flex_column av_one_full  flex_column_div av-zero-column-padding first  avia-builder-el-0  el_before_av_one_full  avia-builder-el-first  \" style='border-radius:0px; '><div  class='avia-image-container  av-styling-    avia-builder-el-1  avia-builder-el-no-sibling  avia-align-center '  itemprop=\"image\" itemscope=\"itemscope\" itemtype=\"https:\/\/schema.org\/ImageObject\"  ><div class='avia-image-container-inner'><div class='avia-image-overlay-wrap'><img decoding=\"async\" class='wp-image-40432 avia-img-lazy-loading-not-40432 avia_image' src=\"https:\/\/radiorevelacionfm.cl\/wp-content\/uploads\/2024\/03\/FENATS-REU-DIR-SERVICIO-SALUD-1-1.jpg\" alt='' title='FENATS REU DIR SERVICIO SALUD (1) (1)' height=\"600\" width=\"800\"  itemprop=\"thumbnailUrl\" srcset=\"https:\/\/radiorevelacionfm.cl\/wp-content\/uploads\/2024\/03\/FENATS-REU-DIR-SERVICIO-SALUD-1-1.jpg 800w, https:\/\/radiorevelacionfm.cl\/wp-content\/uploads\/2024\/03\/FENATS-REU-DIR-SERVICIO-SALUD-1-1-300x225.jpg 300w, https:\/\/radiorevelacionfm.cl\/wp-content\/uploads\/2024\/03\/FENATS-REU-DIR-SERVICIO-SALUD-1-1-768x576.jpg 768w, https:\/\/radiorevelacionfm.cl\/wp-content\/uploads\/2024\/03\/FENATS-REU-DIR-SERVICIO-SALUD-1-1-705x529.jpg 705w, https:\/\/radiorevelacionfm.cl\/wp-content\/uploads\/2024\/03\/FENATS-REU-DIR-SERVICIO-SALUD-1-1-450x338.jpg 450w, https:\/\/radiorevelacionfm.cl\/wp-content\/uploads\/2024\/03\/FENATS-REU-DIR-SERVICIO-SALUD-1-1-600x450.jpg 600w\" sizes=\"(max-width: 800px) 100vw, 800px\" \/><\/div><\/div><\/div><\/div><div class=\"flex_column av_one_full  flex_column_div av-zero-column-padding first  avia-builder-el-2  el_after_av_one_full  el_before_av_one_full  column-top-margin\" style='border-radius:0px; '><section class=\"av_textblock_section \"  itemscope=\"itemscope\" itemtype=\"https:\/\/schema.org\/BlogPosting\" itemprop=\"blogPost\" ><div class='avia_textblock  '   itemprop=\"text\" ><p style=\"text-align: center;\"><strong><span style=\"font-size: 18pt;\">Fenats reitera demandas para mejorar atenci\u00f3n de salud mental y logran importante apoyo del diputado Calisto<\/span><\/strong><\/p>\n<div id=\"gtx-trans\" style=\"position: absolute; left: -50px; top: 4.31534px;\">\n<div class=\"gtx-trans-icon\"><\/div>\n<\/div>\n<\/div><\/section><\/div><div class=\"flex_column av_one_full  flex_column_div av-zero-column-padding first  avia-builder-el-4  el_after_av_one_full  el_before_av_hr  column-top-margin\" style='border-radius:0px; '><section class=\"av_textblock_section \"  itemscope=\"itemscope\" itemtype=\"https:\/\/schema.org\/BlogPosting\" itemprop=\"blogPost\" ><div class='avia_textblock  '   itemprop=\"text\" ><p style=\"font-weight: 400; text-align: justify;\"><em>El legislador se pleg\u00f3 a las peticiones de la Fenats, por lo que envi\u00f3 una serie de oficios a la Minsitra de Salud.<\/em><\/p>\n<p style=\"font-weight: 400; text-align: justify;\">Contin\u00faan las gestiones de la Fenats Ays\u00e9n por la serie de dificultades y falencias que tiene los trabajadores y los usuarios del Servicio de Salud de Ays\u00e9n en materia de salud mental. Los dirigentes de esta federaci\u00f3n se comunicaron con distintas autoridades con el fin de buscar apoyo, el que encontraron en el diputado Miguel \u00c1ngel Calisto, quien de inmediato envi\u00f3 una serie de oficios a la Ministra de Salud, Ximena Aguilera.<\/p>\n<p style=\"font-weight: 400; text-align: justify;\">Seg\u00fan Feris D\u00edaz, Presidente de la Fenats Regional, \u201cestamos peleando por la salud mental no s\u00f3lo en el Hospital Regional de Coyhaique, sino tambi\u00e9n a nivel Regi\u00f3n. Esto es algo que viene desde hace mucho tiempo. Tenemos un tema de infraestructura que no da abasto. Hoy en d\u00eda en el Hospital Regional en la unidad de corta estad\u00eda tenemos ocho camas, pero tenemos 22 personas hospitalizadas, por lo que hay pacientes que tienen que quedar en cirug\u00eda o urgencias al no tener la infraestructura necesaria\u201d.<\/p>\n<p style=\"font-weight: 400; text-align: justify;\">\u201cTambi\u00e9n tenemos el tema del Centro de Salud Mental, COSAM. La infraestructura que tenemos no es la m\u00e1s adecuada. Hemos estado solicitando mejoras, pero a la fecha a\u00fan no pasa nada. Nos reunimos con el nuevo Director del Servicio de Salud, Juan Pablo Bravo, y esperamos que haya una mejor disposici\u00f3n para mejorar el bienestar de los usuarios y del personal que trabaja en salud mental\u201d, indic\u00f3.<\/p>\n<p style=\"font-weight: 400; text-align: justify;\">Con respecto a la gesti\u00f3n que ha realizado el diputado Miguel \u00c1ngel Calisto, el dirigente indic\u00f3 que \u201cnosotros trabajamos con todos los parlamentarios de la mano. El diputado Calisto ha levantado la voz en el parlamento por este tema con el env\u00edo de oficios a la Ministra de Salud, eso es una gran ayuda, no solo para nosotros como funcionarios, sino principalmente para los usuarios. Hoy pensamos netamente en el usuario, porque ya no se da abasto. Hay gente en la calle muy ofuscados, que requieren una atenci\u00f3n m\u00e1s especial, m\u00e1s adecuada, con una infraestructura que tenga las condiciones para atenderlos\u201d, indic\u00f3.<\/p>\n<p style=\"font-weight: 400; text-align: justify;\"><strong>Los contratos<\/strong><\/p>\n<p style=\"font-weight: 400; text-align: justify;\">Otro tema que han solicitado los funcionarios de la salud es la revisi\u00f3n de los contratos. Seg\u00fan los dirigentes, hay muchos trabajadores que est\u00e1n a modo de honorarios, con sueldos que no est\u00e1n acordes al trabajo que se realiza.<\/p>\n<p style=\"font-weight: 400; text-align: justify;\">\u201cHemos solicitado que se revisen los contratos, porque tenemos mucha gente que est\u00e1 con compra de servicios, con sueldos que no son los adecuados para el trabajo que se realiza d\u00eda a d\u00eda. Tambi\u00e9n lo hemos plasmado, porque en realidad se van platas por otro lado, por ejemplo, en arriendos. Hay galpones cuyo arriendo puede salir 6 millones de pesos, lo que nos parece muy elevado si lo comparamos con algunos sueldos muy bajos que se pagan\u201d, se\u00f1al\u00f3 Feris D\u00edaz.<\/p>\n<p style=\"font-weight: 400; text-align: justify;\"><strong>La reacci\u00f3n del Diputado Calisto<\/strong><\/p>\n<p style=\"font-weight: 400; text-align: justify;\">Por su parte, el diputado Miguel \u00c1ngel Calisto argument\u00f3 que \u201cen Ays\u00e9n no es novedad que la salud tiene serias falencias, que se requiere m\u00e1s y mejor equipamiento, m\u00e1s profesionales y mejores instalaciones, por eso, siempre estoy preocupado de estos temas. Enviamos oficios a la Ministra de la Salud, Ximena Aguilera, donde respaldamos las peticiones de Fenats en materia de salud mental\u201d.<\/p>\n<p style=\"font-weight: 400; text-align: justify;\">Finalmente, el legislador se\u00f1al\u00f3 que \u201ces fundamental potenciar la salud mental en nuestra regi\u00f3n. No es posible que en Puerto Ays\u00e9n no se disponga de un psiquiatra para atender a la comunidad, o que en el Hospital Regional de Coyhaique no haya suficientes camas para poder internar a los pacientes con problemas psiqui\u00e1tricos graves. Esperamos que el Gobierno acoja nuestras demandas y potencie la atenci\u00f3n de salud mental en nuestra regi\u00f3n\u201d.<\/p>\n<\/div><\/section><\/div><div  style='height:50px' class='hr hr-invisible   avia-builder-el-6  el_after_av_one_full  el_before_av_social_share '><span class='hr-inner ' ><span class='hr-inner-style'><\/span><\/span><\/div><\/p>\n<div  class='av-social-sharing-box  avia-builder-el-7  el_after_av_hr  el_before_av_hr  '><div class='av-share-box'><h5 class='av-share-link-description av-no-toc '>Compartir esta noticia<\/h5><ul class='av-share-box-list noLightbox'><li class='av-share-link av-social-link-facebook' ><a target=\"_blank\" aria-label=\"Compartir en Facebook\" href='https:\/\/www.facebook.com\/sharer.php?u=https:\/\/radiorevelacionfm.cl\/?p=40431&#038;t=Fenats%20reitera%20demandas%20para%20mejorar%20atenci%C3%B3n%20de%20salud%20mental%20y%20logran%20importante%20apoyo%20del%20diputado%20Calisto' aria-hidden='false' data-av_icon='\ue8f3' data-av_iconfont='entypo-fontello' title='' data-avia-related-tooltip='Compartir en Facebook' rel=\"noopener\"><span class='avia_hidden_link_text'>Compartir en Facebook<\/span><\/a><\/li><li class='av-share-link av-social-link-twitter' ><a target=\"_blank\" aria-label=\"Compartir en Twitter\" href='https:\/\/twitter.com\/share?text=Fenats%20reitera%20demandas%20para%20mejorar%20atenci%C3%B3n%20de%20salud%20mental%20y%20logran%20importante%20apoyo%20del%20diputado%20Calisto&#038;url=https:\/\/radiorevelacionfm.cl\/?p=40431' aria-hidden='false' data-av_icon='\ue8f1' data-av_iconfont='entypo-fontello' title='' data-avia-related-tooltip='Compartir en Twitter' rel=\"noopener\"><span class='avia_hidden_link_text'>Compartir en Twitter<\/span><\/a><\/li><li class='av-share-link av-social-link-whatsapp' ><a target=\"_blank\" aria-label=\"Compartir en Whatsapp\" href='https:\/\/api.whatsapp.com\/send?text=https:\/\/radiorevelacionfm.cl\/?p=40431' aria-hidden='false' data-av_icon='\uf232' data-av_iconfont='entypo-fontello' title='' data-avia-related-tooltip='Compartir en Whatsapp' rel=\"noopener\"><span class='avia_hidden_link_text'>Compartir en Whatsapp<\/span><\/a><\/li><li class='av-share-link av-social-link-linkedin' ><a target=\"_blank\" aria-label=\"Compartir en LinkedIn\" href='https:\/\/linkedin.com\/shareArticle?mini=true&#038;title=Fenats%20reitera%20demandas%20para%20mejorar%20atenci%C3%B3n%20de%20salud%20mental%20y%20logran%20importante%20apoyo%20del%20diputado%20Calisto&#038;url=https:\/\/radiorevelacionfm.cl\/?p=40431' aria-hidden='false' data-av_icon='\ue8fc' data-av_iconfont='entypo-fontello' title='' data-avia-related-tooltip='Compartir en LinkedIn' rel=\"noopener\"><span class='avia_hidden_link_text'>Compartir en LinkedIn<\/span><\/a><\/li><li class='av-share-link av-social-link-mail' ><a  aria-label=\"Compartir por correo\" href='mailto:?subject=Fenats%20reitera%20demandas%20para%20mejorar%20atenci%C3%B3n%20de%20salud%20mental%20y%20logran%20importante%20apoyo%20del%20diputado%20Calisto&#038;body=https:\/\/radiorevelacionfm.cl\/?p=40431' aria-hidden='false' data-av_icon='\ue805' data-av_iconfont='entypo-fontello' title='' data-avia-related-tooltip='Compartir por correo'><span class='avia_hidden_link_text'>Compartir por correo<\/span><\/a><\/li><\/ul><\/div><\/div>\n<div  style='height:50px' class='hr hr-invisible   avia-builder-el-8  el_after_av_social_share  el_before_av_comments_list '><span class='hr-inner ' ><span class='hr-inner-style'><\/span><\/span><\/div>\n<div  class='av-buildercomment  av-blog-meta-html-info-disabled av-blog-meta-tag-disabled  '><\/div>\n","protected":false},"excerpt":{"rendered":"","protected":false},"author":1,"featured_media":40432,"comment_status":"open","ping_status":"open","sticky":false,"template":"","format":"standard","meta":{"footnotes":""},"categories":[46],"tags":[],"class_list":["post-40431","post","type-post","status-publish","format-standard","has-post-thumbnail","hentry","category-salud"],"jetpack_featured_media_url":"https:\/\/radiorevelacionfm.cl\/wp-content\/uploads\/2024\/03\/FENATS-REU-DIR-SERVICIO-SALUD-1-1.jpg","_links":{"self":[{"href":"https:\/\/radiorevelacionfm.cl\/index.php?rest_route=\/wp\/v2\/posts\/40431","targetHints":{"allow":["GET"]}}],"collection":[{"href":"https:\/\/radiorevelacionfm.cl\/index.php?rest_route=\/wp\/v2\/posts"}],"about":[{"href":"https:\/\/radiorevelacionfm.cl\/index.php?rest_route=\/wp\/v2\/types\/post"}],"author":[{"embeddable":true,"href":"https:\/\/radiorevelacionfm.cl\/index.php?rest_route=\/wp\/v2\/users\/1"}],"replies":[{"embeddable":true,"href":"https:\/\/radiorevelacionfm.cl\/index.php?rest_route=%2Fwp%2Fv2%2Fcomments&post=40431"}],"version-history":[{"count":1,"href":"https:\/\/radiorevelacionfm.cl\/index.php?rest_route=\/wp\/v2\/posts\/40431\/revisions"}],"predecessor-version":[{"id":40433,"href":"https:\/\/radiorevelacionfm.cl\/index.php?rest_route=\/wp\/v2\/posts\/40431\/revisions\/40433"}],"wp:featuredmedia":[{"embeddable":true,"href":"https:\/\/radiorevelacionfm.cl\/index.php?rest_route=\/wp\/v2\/media\/40432"}],"wp:attachment":[{"href":"https:\/\/radiorevelacionfm.cl\/index.php?rest_route=%2Fwp%2Fv2%2Fmedia&parent=40431"}],"wp:term":[{"taxonomy":"category","embeddable":true,"href":"https:\/\/radiorevelacionfm.cl\/index.php?rest_route=%2Fwp%2Fv2%2Fcategories&post=40431"},{"taxonomy":"post_tag","embeddable":true,"href":"https:\/\/radiorevelacionfm.cl\/index.php?rest_route=%2Fwp%2Fv2%2Ftags&post=40431"}],"curies":[{"name":"wp","href":"https:\/\/api.w.org\/{rel}","templated":true}]}}