{"id":40428,"date":"2024-03-18T15:26:45","date_gmt":"2024-03-18T18:26:45","guid":{"rendered":"https:\/\/radiorevelacionfm.cl\/?p=40428"},"modified":"2024-03-18T15:26:45","modified_gmt":"2024-03-18T18:26:45","slug":"abren-convocatoria-2024-al-fondo-de-medios-de-comunicacion-social","status":"publish","type":"post","link":"https:\/\/radiorevelacionfm.cl\/?p=40428","title":{"rendered":"Abren convocatoria 2024 al Fondo de Medios de Comunicaci\u00f3n Social"},"content":{"rendered":"<div class=\"flex_column av_one_full  flex_column_div av-zero-column-padding first  avia-builder-el-0  el_before_av_one_full  avia-builder-el-first  \" style='border-radius:0px; '><div  class='avia-image-container  av-styling-    avia-builder-el-1  avia-builder-el-no-sibling  avia-align-center '  itemprop=\"image\" itemscope=\"itemscope\" itemtype=\"https:\/\/schema.org\/ImageObject\"  ><div class='avia-image-container-inner'><div class='avia-image-overlay-wrap'><img decoding=\"async\" class='wp-image-40429 avia-img-lazy-loading-not-40429 avia_image' src=\"https:\/\/radiorevelacionfm.cl\/wp-content\/uploads\/2024\/03\/foto-1-42-1-1.jpeg\" alt='' title='foto 1 (42) (1) (1)' height=\"600\" width=\"913\"  itemprop=\"thumbnailUrl\" srcset=\"https:\/\/radiorevelacionfm.cl\/wp-content\/uploads\/2024\/03\/foto-1-42-1-1.jpeg 913w, https:\/\/radiorevelacionfm.cl\/wp-content\/uploads\/2024\/03\/foto-1-42-1-1-300x197.jpeg 300w, https:\/\/radiorevelacionfm.cl\/wp-content\/uploads\/2024\/03\/foto-1-42-1-1-768x505.jpeg 768w, https:\/\/radiorevelacionfm.cl\/wp-content\/uploads\/2024\/03\/foto-1-42-1-1-705x463.jpeg 705w, https:\/\/radiorevelacionfm.cl\/wp-content\/uploads\/2024\/03\/foto-1-42-1-1-450x296.jpeg 450w, https:\/\/radiorevelacionfm.cl\/wp-content\/uploads\/2024\/03\/foto-1-42-1-1-600x394.jpeg 600w\" sizes=\"(max-width: 913px) 100vw, 913px\" \/><\/div><\/div><\/div><\/div><div class=\"flex_column av_one_full  flex_column_div av-zero-column-padding first  avia-builder-el-2  el_after_av_one_full  el_before_av_one_full  column-top-margin\" style='border-radius:0px; '><section class=\"av_textblock_section \"  itemscope=\"itemscope\" itemtype=\"https:\/\/schema.org\/BlogPosting\" itemprop=\"blogPost\" ><div class='avia_textblock  '   itemprop=\"text\" ><p style=\"text-align: center;\"><strong><span style=\"font-size: 18pt;\">Abren convocatoria 2024 al Fondo de Medios de Comunicaci\u00f3n Social<\/span><\/strong><\/p>\n<div id=\"gtx-trans\" style=\"position: absolute; left: -50px; top: 4.31534px;\">\n<div class=\"gtx-trans-icon\"><\/div>\n<\/div>\n<\/div><\/section><\/div><div class=\"flex_column av_one_full  flex_column_div av-zero-column-padding first  avia-builder-el-4  el_after_av_one_full  el_before_av_hr  column-top-margin\" style='border-radius:0px; '><section class=\"av_textblock_section \"  itemscope=\"itemscope\" itemtype=\"https:\/\/schema.org\/BlogPosting\" itemprop=\"blogPost\" ><div class='avia_textblock  '   itemprop=\"text\" ><p style=\"text-align: justify;\"><em>Este fondo concursable tiene por objetivo apoyar la realizaci\u00f3n y difusi\u00f3n de programa y suplementos en medios de comunicaci\u00f3n locales y comunitarios<\/em><em>.<\/em><\/p>\n<p style=\"text-align: justify;\">Hasta el 13 de abril estar\u00e1n abiertas las postulaciones al Fondo de Fomento de Medios de Comunicaci\u00f3n Social (FFMCS), del Ministerio Secretar\u00eda General de Gobierno. Este fondo concursable tiene por objetivo apoyar la realizaci\u00f3n, edici\u00f3n y difusi\u00f3n de programas o suplementos de car\u00e1cter regional o local que refuercen el rol de la comunicaci\u00f3n en el desarrollo social y cultural de nuestro pa\u00eds.<\/p>\n<p style=\"text-align: justify;\">La ministra de la Secretar\u00eda General de Gobierno, Camila Vallejo, destac\u00f3 que \u201ceste fondo concursable busca ser un apoyo concreto para cientos de medios locales y comunitarios a lo largo de todo el pa\u00eds, los cuales son fundamentales en el desarrollo de las comunicaciones y la democracia, pues son un elemento crucial para el desarrollo y el rescate de la identidad de los territorios y las comunidades\u201d.<\/p>\n<p style=\"text-align: justify;\">Los medios de comunicaci\u00f3n comunitarios podr\u00e1n acceder a un monto m\u00e1ximo de $5.5 millones de pesos, mientras que de los medios regionales y locales podr\u00e1n postular a un m\u00e1ximo de $5 millones en el caso de la TV, $4.5 millones las radios y $3.5 millones en medios digitales.<\/p>\n<p style=\"text-align: justify;\">La subsecretaria de la Secretar\u00eda General de Gobierno, Nicole Cardoch, afirm\u00f3 que \u201cen terreno hemos podido apreciar el valioso trabajo que realizan los medios locales y comunitarios para informar a las comunidades y c\u00f3mo los recursos de este fondo concursable son un apoyo clave para que contin\u00faen funcionando, entregando contenidos que permita a sus vecinos y vecinas ver reflejada su realidad e informarse sobre el acontecer local\u201d.<\/p>\n<p style=\"text-align: justify;\">\u201cEstamos realizando hitos de difusi\u00f3n del Fondo de Fomento de Medios de Comunicaci\u00f3n Social en las diferentes provincias de nuestra regi\u00f3n, donde hemos podido dialogar con los diferentes medios de comunicaci\u00f3n, d\u00e1ndoles a conocer las novedades de las bases de este a\u00f1o 2024, e inst\u00e1ndoles a postular con proyectos de inter\u00e9s novedosos para sus comunidades. Este viernes 15 de marzo hicimos el hito de difusi\u00f3n en la comuna de Coyhaique, donde asistieron varios medios de comunicaci\u00f3n de nuestra capital regional, y quienes mostraron un alto inter\u00e9s en participar, por lo que esperamos este a\u00f1o poder contar con diversos proyectos comunicacionales novedosos y que puedan impactar positivamente en las comunidades de nuestra regi\u00f3n de Ays\u00e9n\u201d, asever\u00f3 la seremi de Gobierno, Tatiana Pl\u00e1.<\/p>\n<p style=\"text-align: justify;\">A nivel nacional, este a\u00f1o entregaremos 2.345 millones de pesos a trav\u00e9s del Fondo de Medios, lo cual representa un 6.4% m\u00e1s que el a\u00f1o pasado. En la regi\u00f3n de Ays\u00e9n, el monto total a distribuir ser\u00e1 de $ 103.878.797.<\/p>\n<p style=\"text-align: justify;\">En su versi\u00f3n 2023, a nivel nacional, el Fondo de Medios recibi\u00f3 1.023 postulaciones, de las cuales 541 recibieron un total de recursos de $2.203 millones. A nivel regional, el a\u00f1o 2023 se postularon 36 iniciativas, de las cuales se adjudicaron 25 postulaciones, abarcando las 4 provincias de la regi\u00f3n de Ays\u00e9n.<\/p>\n<p style=\"text-align: justify;\">Las bases del Fondo de Medios\u00a0 est\u00e1n disponibles en<a href=\"http:\/\/www.fondodemedios.gob.cl\/\"> www.fondodemedios.gob.cl<\/a><\/p>\n<\/div><\/section><\/div><div  style='height:50px' class='hr hr-invisible   avia-builder-el-6  el_after_av_one_full  el_before_av_social_share '><span class='hr-inner ' ><span class='hr-inner-style'><\/span><\/span><\/div><\/p>\n<div  class='av-social-sharing-box  avia-builder-el-7  el_after_av_hr  el_before_av_hr  '><div class='av-share-box'><h5 class='av-share-link-description av-no-toc '>Compartir esta noticia<\/h5><ul class='av-share-box-list noLightbox'><li class='av-share-link av-social-link-facebook' ><a target=\"_blank\" aria-label=\"Compartir en Facebook\" href='https:\/\/www.facebook.com\/sharer.php?u=https:\/\/radiorevelacionfm.cl\/?p=40428&#038;t=Abren%20convocatoria%202024%20al%20Fondo%20de%20Medios%20de%20Comunicaci%C3%B3n%20Social' aria-hidden='false' data-av_icon='\ue8f3' data-av_iconfont='entypo-fontello' title='' data-avia-related-tooltip='Compartir en Facebook' rel=\"noopener\"><span class='avia_hidden_link_text'>Compartir en Facebook<\/span><\/a><\/li><li class='av-share-link av-social-link-twitter' ><a target=\"_blank\" aria-label=\"Compartir en Twitter\" href='https:\/\/twitter.com\/share?text=Abren%20convocatoria%202024%20al%20Fondo%20de%20Medios%20de%20Comunicaci%C3%B3n%20Social&#038;url=https:\/\/radiorevelacionfm.cl\/?p=40428' aria-hidden='false' data-av_icon='\ue8f1' data-av_iconfont='entypo-fontello' title='' data-avia-related-tooltip='Compartir en Twitter' rel=\"noopener\"><span class='avia_hidden_link_text'>Compartir en Twitter<\/span><\/a><\/li><li class='av-share-link av-social-link-whatsapp' ><a target=\"_blank\" aria-label=\"Compartir en Whatsapp\" href='https:\/\/api.whatsapp.com\/send?text=https:\/\/radiorevelacionfm.cl\/?p=40428' aria-hidden='false' data-av_icon='\uf232' data-av_iconfont='entypo-fontello' title='' data-avia-related-tooltip='Compartir en Whatsapp' rel=\"noopener\"><span class='avia_hidden_link_text'>Compartir en Whatsapp<\/span><\/a><\/li><li class='av-share-link av-social-link-linkedin' ><a target=\"_blank\" aria-label=\"Compartir en LinkedIn\" href='https:\/\/linkedin.com\/shareArticle?mini=true&#038;title=Abren%20convocatoria%202024%20al%20Fondo%20de%20Medios%20de%20Comunicaci%C3%B3n%20Social&#038;url=https:\/\/radiorevelacionfm.cl\/?p=40428' aria-hidden='false' data-av_icon='\ue8fc' data-av_iconfont='entypo-fontello' title='' data-avia-related-tooltip='Compartir en LinkedIn' rel=\"noopener\"><span class='avia_hidden_link_text'>Compartir en LinkedIn<\/span><\/a><\/li><li class='av-share-link av-social-link-mail' ><a  aria-label=\"Compartir por correo\" href='mailto:?subject=Abren%20convocatoria%202024%20al%20Fondo%20de%20Medios%20de%20Comunicaci%C3%B3n%20Social&#038;body=https:\/\/radiorevelacionfm.cl\/?p=40428' aria-hidden='false' data-av_icon='\ue805' data-av_iconfont='entypo-fontello' title='' data-avia-related-tooltip='Compartir por correo'><span class='avia_hidden_link_text'>Compartir por correo<\/span><\/a><\/li><\/ul><\/div><\/div>\n<div  style='height:50px' class='hr hr-invisible   avia-builder-el-8  el_after_av_social_share  el_before_av_comments_list '><span class='hr-inner ' ><span class='hr-inner-style'><\/span><\/span><\/div>\n<div  class='av-buildercomment  av-blog-meta-html-info-disabled av-blog-meta-tag-disabled  '><\/div>\n","protected":false},"excerpt":{"rendered":"","protected":false},"author":1,"featured_media":40429,"comment_status":"open","ping_status":"open","sticky":false,"template":"","format":"standard","meta":{"footnotes":""},"categories":[38],"tags":[],"class_list":["post-40428","post","type-post","status-publish","format-standard","has-post-thumbnail","hentry","category-regional"],"jetpack_featured_media_url":"https:\/\/radiorevelacionfm.cl\/wp-content\/uploads\/2024\/03\/foto-1-42-1-1.jpeg","_links":{"self":[{"href":"https:\/\/radiorevelacionfm.cl\/index.php?rest_route=\/wp\/v2\/posts\/40428","targetHints":{"allow":["GET"]}}],"collection":[{"href":"https:\/\/radiorevelacionfm.cl\/index.php?rest_route=\/wp\/v2\/posts"}],"about":[{"href":"https:\/\/radiorevelacionfm.cl\/index.php?rest_route=\/wp\/v2\/types\/post"}],"author":[{"embeddable":true,"href":"https:\/\/radiorevelacionfm.cl\/index.php?rest_route=\/wp\/v2\/users\/1"}],"replies":[{"embeddable":true,"href":"https:\/\/radiorevelacionfm.cl\/index.php?rest_route=%2Fwp%2Fv2%2Fcomments&post=40428"}],"version-history":[{"count":1,"href":"https:\/\/radiorevelacionfm.cl\/index.php?rest_route=\/wp\/v2\/posts\/40428\/revisions"}],"predecessor-version":[{"id":40430,"href":"https:\/\/radiorevelacionfm.cl\/index.php?rest_route=\/wp\/v2\/posts\/40428\/revisions\/40430"}],"wp:featuredmedia":[{"embeddable":true,"href":"https:\/\/radiorevelacionfm.cl\/index.php?rest_route=\/wp\/v2\/media\/40429"}],"wp:attachment":[{"href":"https:\/\/radiorevelacionfm.cl\/index.php?rest_route=%2Fwp%2Fv2%2Fmedia&parent=40428"}],"wp:term":[{"taxonomy":"category","embeddable":true,"href":"https:\/\/radiorevelacionfm.cl\/index.php?rest_route=%2Fwp%2Fv2%2Fcategories&post=40428"},{"taxonomy":"post_tag","embeddable":true,"href":"https:\/\/radiorevelacionfm.cl\/index.php?rest_route=%2Fwp%2Fv2%2Ftags&post=40428"}],"curies":[{"name":"wp","href":"https:\/\/api.w.org\/{rel}","templated":true}]}}